{"id":23719,"date":"2018-03-09T09:14:22","date_gmt":"2018-03-09T09:14:22","guid":{"rendered":"https:\/\/www.deberes.net\/tesis\/sin-categoria\/la-actividad-arta%c2%adstica-en-el-monasterio-de-santa-maria-la-real-de-las-huelgas-de-burgos\/"},"modified":"2018-03-09T09:14:22","modified_gmt":"2018-03-09T09:14:22","slug":"la-actividad-arta%c2%adstica-en-el-monasterio-de-santa-maria-la-real-de-las-huelgas-de-burgos","status":"publish","type":"post","link":"https:\/\/www.deberes.net\/tesis\/burgos\/la-actividad-arta%c2%adstica-en-el-monasterio-de-santa-maria-la-real-de-las-huelgas-de-burgos\/","title":{"rendered":"La actividad art\u00edstica en el monasterio de santa mar\u00eda la real de las huelgas de burgos"},"content":{"rendered":"<h2>Tesis doctoral de <strong> Mar\u00eda  Pilar Alonso  Abad <\/strong><\/h2>\n<p>El estudio de la actividad art\u00edstica en el monasterio de santamar\u00eda la real de las huelgas de burgos, analiza el desarrollo de la misma, desde la fundaci\u00f3n de la abad\u00eda, a finales del s. Xii, hasta nuestros d\u00edas, y en relaci\u00f3n con dicha actividad, los factores sociales, econ\u00f3micos, pol\u00edticos, religiosos e internos de la orden y del monasterio.  el conocimiento de esta instituci\u00f3n, aborda diferentes perspectivas, complementarias entre s\u00ed. La presentaci\u00f3n de la fundaci\u00f3n, introduce las premisas y peculiaridades que asientan el nacimiento de la abad\u00eda. Se exponen las interrelaciones de distintos grupos sociales con la comunidad, as\u00ed como la composici\u00f3n y evoluci\u00f3n de la vida comunitaria. La promoci\u00f3n y financiaci\u00f3n a lo largo de los siglos, por diversas instituciones y jerarqu\u00edas, como los medios y recursos empleados, es considerado otros cap\u00edtulo de inter\u00e9s. Como de igual modo se presta particular atenci\u00f3n, a todas aquellas abadesas que han regentado a lo largo de la historia de este cenobio, destacando sus a\u00f1os de gobierno y la influencia personal, particular y esencial, ejercida en la promoci\u00f3n art\u00edsitica.<\/p>\n<p>&nbsp;<\/p>\n<h3>Datos acad\u00e9micos de la tesis doctoral \u00ab<strong>La actividad art\u00edstica en el monasterio de santa mar\u00eda la real de las huelgas de burgos<\/strong>\u00ab<\/h3>\n<ul>\n<li><strong>T\u00edtulo de la tesis:<\/strong>\u00a0 La actividad art\u00edstica en el monasterio de santa mar\u00eda la real de las huelgas de burgos <\/li>\n<li><strong>Autor:<\/strong>\u00a0 Mar\u00eda  Pilar Alonso  Abad <\/li>\n<li><strong>Universidad:<\/strong>\u00a0 Burgos<\/li>\n<li><strong>Fecha de lectura de la tesis:<\/strong>\u00a0 19\/06\/2003<\/li>\n<\/ul>\n<p>&nbsp;<\/p>\n<h3>Direcci\u00f3n y tribunal<\/h3>\n<ul>\n<li><strong>Director de la tesis<\/strong>\n<ul>\n<li> Ib\u00e1\u00f1ez P\u00e9rez Alberto C.<\/li>\n<\/ul>\n<\/li>\n<li><strong>Tribunal<\/strong>\n<ul>\n<li>Presidente del tribunal:  Silva y ver\u00e1stegui soledad <\/li>\n<li> Parrado del olmo Jes\u00fas Mar\u00eda (vocal)<\/li>\n<li> Pe\u00f1a p\u00e9rez Francisco Javier (vocal)<\/li>\n<li>clara Fern\u00e1ndez-ladreda aguade (vocal)<\/li>\n<\/ul>\n<\/li>\n<\/ul>\n<p>&nbsp;<\/p>\n","protected":false},"excerpt":{"rendered":"<p>Tesis doctoral de Mar\u00eda Pilar Alonso Abad El estudio de la actividad art\u00edstica en el monasterio de santamar\u00eda la real [&hellip;]<\/p>\n","protected":false},"author":1,"featured_media":0,"comment_status":"open","ping_status":"open","sticky":false,"template":"","format":"standard","meta":{"site-sidebar-layout":"default","site-content-layout":"","ast-site-content-layout":"","site-content-style":"default","site-sidebar-style":"default","ast-global-header-display":"","ast-banner-title-visibility":"","ast-main-header-display":"","ast-hfb-above-header-display":"","ast-hfb-below-header-display":"","ast-hfb-mobile-header-display":"","site-post-title":"","ast-breadcrumbs-content":"","ast-featured-img":"","footer-sml-layout":"","theme-transparent-header-meta":"","adv-header-id-meta":"","stick-header-meta":"","header-above-stick-meta":"","header-main-stick-meta":"","header-below-stick-meta":"","astra-migrate-meta-layouts":"default","ast-page-background-enabled":"default","ast-page-background-meta":{"desktop":{"background-color":"var(--ast-global-color-4)","background-image":"","background-repeat":"repeat","background-position":"center center","background-size":"auto","background-attachment":"scroll","background-type":"","background-media":"","overlay-type":"","overlay-color":"","overlay-gradient":""},"tablet":{"background-color":"","background-image":"","background-repeat":"repeat","background-position":"center center","background-size":"auto","background-attachment":"scroll","background-type":"","background-media":"","overlay-type":"","overlay-color":"","overlay-gradient":""},"mobile":{"background-color":"","background-image":"","background-repeat":"repeat","background-position":"center center","background-size":"auto","background-attachment":"scroll","background-type":"","background-media":"","overlay-type":"","overlay-color":"","overlay-gradient":""}},"ast-content-background-meta":{"desktop":{"background-color":"var(--ast-global-color-5)","background-image":"","background-repeat":"repeat","background-position":"center center","background-size":"auto","background-attachment":"scroll","background-type":"","background-media":"","overlay-type":"","overlay-color":"","overlay-gradient":""},"tablet":{"background-color":"var(--ast-global-color-5)","background-image":"","background-repeat":"repeat","background-position":"center center","background-size":"auto","background-attachment":"scroll","background-type":"","background-media":"","overlay-type":"","overlay-color":"","overlay-gradient":""},"mobile":{"background-color":"var(--ast-global-color-5)","background-image":"","background-repeat":"repeat","background-position":"center center","background-size":"auto","background-attachment":"scroll","background-type":"","background-media":"","overlay-type":"","overlay-color":"","overlay-gradient":""}},"footnotes":""},"categories":[37674],"tags":[18264,12770,70170,70172,44836,70171],"class_list":["post-23719","post","type-post","status-publish","format-standard","hentry","category-burgos","tag-clara-fernandez-ladreda-aguade","tag-ibanez-perez-alberto-c","tag-maria-pilar-alonso-abad","tag-parrado-del-olmo-jesus-maria","tag-pena-perez-francisco-javier","tag-silva-y-verastegui-soledad"],"_links":{"self":[{"href":"https:\/\/www.deberes.net\/tesis\/wp-json\/wp\/v2\/posts\/23719","targetHints":{"allow":["GET"]}}],"collection":[{"href":"https:\/\/www.deberes.net\/tesis\/wp-json\/wp\/v2\/posts"}],"about":[{"href":"https:\/\/www.deberes.net\/tesis\/wp-json\/wp\/v2\/types\/post"}],"author":[{"embeddable":true,"href":"https:\/\/www.deberes.net\/tesis\/wp-json\/wp\/v2\/users\/1"}],"replies":[{"embeddable":true,"href":"https:\/\/www.deberes.net\/tesis\/wp-json\/wp\/v2\/comments?post=23719"}],"version-history":[{"count":0,"href":"https:\/\/www.deberes.net\/tesis\/wp-json\/wp\/v2\/posts\/23719\/revisions"}],"wp:attachment":[{"href":"https:\/\/www.deberes.net\/tesis\/wp-json\/wp\/v2\/media?parent=23719"}],"wp:term":[{"taxonomy":"category","embeddable":true,"href":"https:\/\/www.deberes.net\/tesis\/wp-json\/wp\/v2\/categories?post=23719"},{"taxonomy":"post_tag","embeddable":true,"href":"https:\/\/www.deberes.net\/tesis\/wp-json\/wp\/v2\/tags?post=23719"}],"curies":[{"name":"wp","href":"https:\/\/api.w.org\/{rel}","templated":true}]}}