{"id":23720,"date":"2018-03-09T09:14:23","date_gmt":"2018-03-09T09:14:23","guid":{"rendered":"https:\/\/www.deberes.net\/tesis\/sin-categoria\/cuantificacion-del-vih-1-en-secreciones-vaginales-estudio-de-consistencia-de-un-metodo-de-toma-de-muestras-y-factores-determinantes-de-la-carga-viral-vaginal\/"},"modified":"2018-03-09T09:14:23","modified_gmt":"2018-03-09T09:14:23","slug":"cuantificacion-del-vih-1-en-secreciones-vaginales-estudio-de-consistencia-de-un-metodo-de-toma-de-muestras-y-factores-determinantes-de-la-carga-viral-vaginal","status":"publish","type":"post","link":"https:\/\/www.deberes.net\/tesis\/miguel-hernandez-de-elche\/cuantificacion-del-vih-1-en-secreciones-vaginales-estudio-de-consistencia-de-un-metodo-de-toma-de-muestras-y-factores-determinantes-de-la-carga-viral-vaginal\/","title":{"rendered":"Cuantificaci\u00f3n del vih-1 en secreciones vaginales. estudio de consistencia de un m\u00e9todo de toma de muestras y factores determinantes de la carga viral vaginal"},"content":{"rendered":"<h2>Tesis doctoral de <strong> Mar\u00eda  Adelina Gimeno Gascon <\/strong><\/h2>\n<p>Objetivos  1,- evaluar un m\u00e9todo de toma de muestras para la cuantificaci\u00f3n del vih-1 en secreciones vaginales.  2,- estudio de la relaci\u00f3n de la carga viral plasm\u00e1tica del vih-1 (cvp) con la carga viral vaginal del vih-1 (cvv) as\u00ed como de los factores implicados en la cvv.  material y m\u00e9todos  las muestras se obtuvieron mediante aspiraci\u00f3n directa de secreciones genitales del fondo de vagina de mujeres con infecci\u00f3n vih-1. La carga viral de vih-1 en las secreciones vaginales se realiz\u00f3 con el equipo cobas amplicor  hiv-1 monitor (roche diagnostics) con algunas modificaciones. La cvv y se cuantific\u00f3 en forma de \u00e1cidos nucleicos totales (adn+arn) y en forma de arn viral del vih-1 y se expres\u00f3 en copias\/gramo de muestra.  Para evaluar el  m\u00e9todo de toma de muestras se estudiaron 52 mujeres de las que se obtuvieron dos muestras consecutivas de secreciones vaginales en un per\u00edodo de tiempo inferior a 48 horas y en las que se determin\u00f3 la concentraci\u00f3n viral del vih-1.  una vez evaluado el m\u00e9todo de toma de muestras se procedi\u00f3 al estudio de la relaci\u00f3n entre la concentraci\u00f3n viral de vih-1 en el tracto genital con respecto al compartimento plasm\u00e1tico as\u00ed como de los factores asociados a la cvv. Para ello se tomaron 154 muestras de secreciones vaginales procedentes de 61 mujeres y al mismo tiempo se obtuvieron muestras de sangre para la determinaci\u00f3n de la cvp y el recuento de linfocitos cd4+ adem\u00e1s de muestras cervio-vaginales  para el estudiio microbiol\u00f3gico del tracto genital. Adem\u00e1s se recogieron variables cl\u00ednicas, virol\u00f3gicas, inmunol\u00f3gicas, relacionadas con el tratamiento antirretroviral, con el ciclo menstrual y con el tracto genital entre las que se incluy\u00f3 el recuento de leucocitos pmn en las secreciones vaginales y la presencia de infecciones del tracto genital. En las mujeres con serolog\u00eda de la hepatitis c se determin\u00f3 la cvp y cvv del virus de la hepatitis c.  an\u00e1lisis  los resultados<\/p>\n<p>&nbsp;<\/p>\n<h3>Datos acad\u00e9micos de la tesis doctoral \u00ab<strong>Cuantificaci\u00f3n del vih-1 en secreciones vaginales. estudio de consistencia de un m\u00e9todo de toma de muestras y factores determinantes de la carga viral vaginal<\/strong>\u00ab<\/h3>\n<ul>\n<li><strong>T\u00edtulo de la tesis:<\/strong>\u00a0 Cuantificaci\u00f3n del vih-1 en secreciones vaginales. estudio de consistencia de un m\u00e9todo de toma de muestras y factores determinantes de la carga viral vaginal <\/li>\n<li><strong>Autor:<\/strong>\u00a0 Mar\u00eda  Adelina Gimeno Gascon <\/li>\n<li><strong>Universidad:<\/strong>\u00a0 Miguel hern\u00e1ndez de elche<\/li>\n<li><strong>Fecha de lectura de la tesis:<\/strong>\u00a0 19\/06\/2003<\/li>\n<\/ul>\n<p>&nbsp;<\/p>\n<h3>Direcci\u00f3n y tribunal<\/h3>\n<ul>\n<li><strong>Director de la tesis<\/strong>\n<ul>\n<li>Joaquin Portilla Sogorb<\/li>\n<\/ul>\n<\/li>\n<li><strong>Tribunal<\/strong>\n<ul>\n<li>Presidente del tribunal: Miguel Perez mateo regadera <\/li>\n<li> Crespo s\u00e1nchez m. dolores (vocal)<\/li>\n<li>concepcion Gimeno cardona (vocal)<\/li>\n<li>inmaculada Meseguer soria (vocal)<\/li>\n<\/ul>\n<\/li>\n<\/ul>\n<p>&nbsp;<\/p>\n","protected":false},"excerpt":{"rendered":"<p>Tesis doctoral de Mar\u00eda Adelina Gimeno Gascon Objetivos 1,- evaluar un m\u00e9todo de toma de muestras para la cuantificaci\u00f3n del [&hellip;]<\/p>\n","protected":false},"author":1,"featured_media":0,"comment_status":"open","ping_status":"open","sticky":false,"template":"","format":"standard","meta":{"site-sidebar-layout":"default","site-content-layout":"","ast-site-content-layout":"","site-content-style":"default","site-sidebar-style":"default","ast-global-header-display":"","ast-banner-title-visibility":"","ast-main-header-display":"","ast-hfb-above-header-display":"","ast-hfb-below-header-display":"","ast-hfb-mobile-header-display":"","site-post-title":"","ast-breadcrumbs-content":"","ast-featured-img":"","footer-sml-layout":"","theme-transparent-header-meta":"","adv-header-id-meta":"","stick-header-meta":"","header-above-stick-meta":"","header-main-stick-meta":"","header-below-stick-meta":"","astra-migrate-meta-layouts":"default","ast-page-background-enabled":"default","ast-page-background-meta":{"desktop":{"background-color":"var(--ast-global-color-4)","background-image":"","background-repeat":"repeat","background-position":"center center","background-size":"auto","background-attachment":"scroll","background-type":"","background-media":"","overlay-type":"","overlay-color":"","overlay-gradient":""},"tablet":{"background-color":"","background-image":"","background-repeat":"repeat","background-position":"center center","background-size":"auto","background-attachment":"scroll","background-type":"","background-media":"","overlay-type":"","overlay-color":"","overlay-gradient":""},"mobile":{"background-color":"","background-image":"","background-repeat":"repeat","background-position":"center center","background-size":"auto","background-attachment":"scroll","background-type":"","background-media":"","overlay-type":"","overlay-color":"","overlay-gradient":""}},"ast-content-background-meta":{"desktop":{"background-color":"var(--ast-global-color-5)","background-image":"","background-repeat":"repeat","background-position":"center center","background-size":"auto","background-attachment":"scroll","background-type":"","background-media":"","overlay-type":"","overlay-color":"","overlay-gradient":""},"tablet":{"background-color":"var(--ast-global-color-5)","background-image":"","background-repeat":"repeat","background-position":"center center","background-size":"auto","background-attachment":"scroll","background-type":"","background-media":"","overlay-type":"","overlay-color":"","overlay-gradient":""},"mobile":{"background-color":"var(--ast-global-color-5)","background-image":"","background-repeat":"repeat","background-position":"center center","background-size":"auto","background-attachment":"scroll","background-type":"","background-media":"","overlay-type":"","overlay-color":"","overlay-gradient":""}},"footnotes":""},"categories":[37169],"tags":[49199,70174,70175,46240,70173,11374],"class_list":["post-23720","post","type-post","status-publish","format-standard","hentry","category-miguel-hernandez-de-elche","tag-concepcion-gimeno-cardona","tag-crespo-sanchez-m-dolores","tag-inmaculada-meseguer-soria","tag-joaquin-portilla-sogorb","tag-maria-adelina-gimeno-gascon","tag-miguel-perez-mateo-regadera"],"_links":{"self":[{"href":"https:\/\/www.deberes.net\/tesis\/wp-json\/wp\/v2\/posts\/23720","targetHints":{"allow":["GET"]}}],"collection":[{"href":"https:\/\/www.deberes.net\/tesis\/wp-json\/wp\/v2\/posts"}],"about":[{"href":"https:\/\/www.deberes.net\/tesis\/wp-json\/wp\/v2\/types\/post"}],"author":[{"embeddable":true,"href":"https:\/\/www.deberes.net\/tesis\/wp-json\/wp\/v2\/users\/1"}],"replies":[{"embeddable":true,"href":"https:\/\/www.deberes.net\/tesis\/wp-json\/wp\/v2\/comments?post=23720"}],"version-history":[{"count":0,"href":"https:\/\/www.deberes.net\/tesis\/wp-json\/wp\/v2\/posts\/23720\/revisions"}],"wp:attachment":[{"href":"https:\/\/www.deberes.net\/tesis\/wp-json\/wp\/v2\/media?parent=23720"}],"wp:term":[{"taxonomy":"category","embeddable":true,"href":"https:\/\/www.deberes.net\/tesis\/wp-json\/wp\/v2\/categories?post=23720"},{"taxonomy":"post_tag","embeddable":true,"href":"https:\/\/www.deberes.net\/tesis\/wp-json\/wp\/v2\/tags?post=23720"}],"curies":[{"name":"wp","href":"https:\/\/api.w.org\/{rel}","templated":true}]}}