{"id":23761,"date":"2018-03-09T09:14:26","date_gmt":"2018-03-09T09:14:26","guid":{"rendered":"https:\/\/www.deberes.net\/tesis\/sin-categoria\/el-mapa-cartografa%c2%ada-de-un-paisaje-en-transito\/"},"modified":"2018-03-09T09:14:26","modified_gmt":"2018-03-09T09:14:26","slug":"el-mapa-cartografa%c2%ada-de-un-paisaje-en-transito","status":"publish","type":"post","link":"https:\/\/www.deberes.net\/tesis\/pais-vasco-euskal-herriko-unibertsitatea\/el-mapa-cartografa%c2%ada-de-un-paisaje-en-transito\/","title":{"rendered":"El mapa: cartograf\u00edade un paisaje en tr\u00e1nsito"},"content":{"rendered":"<h2>Tesis doctoral de <strong>  Bajo Mart\u00ednez De Murgu\u00eda Fernando <\/strong><\/h2>\n<p>Son dos los puntos de partida de la tesis que se acompa\u00f1a. Por un lado la creciente complejidad del hecho urbano. Un rasgo contempor\u00e1neo que aparece con insistencia a lo largo y ancho del planeta. Por el otro, la existencia expl\u00edcita de distintas realidades superpuestas que se experiementan en ciertos espacios caracter\u00edsticos destinados a otros tantos usos, cuya repetici\u00f3n literal diluye su conexi\u00f3n con el lugar en un continuo cin\u00e9tico.  esta polaridad de planteamiento me mueve a plantear una tesis acerca de las diversas posibilidades de leer el paisaje fragmentado que nos rodea (del que sabemos que tan solo podremos percibir sus rasgos m\u00e1s superficiales), a trav\u00e9s de los mapas (o proyecciones de esos otros muchos posibles que son producto de la mano de hombre). Y es que el mapa sirve como herramienta para que la arquitectura defina un territorio; convirti\u00e9ndolo en lugar.  por lo tanto se trata de desarrollar una determinada idea de paisaje al margen de la que se deriva exclusivamente de consideraciones medioambientales, sociales, hist\u00f3ricas o formales. Una idea sobre la que puede intejertarse el paisaje actual, en la que intervienen m\u00e1s par\u00e1metros propios del individuo (como sujeto no solo contemplador sino tambi\u00e9n experimentador), que no solo del medio. En la que las circunstancias cambiantes y transitorias aportan valor propositivo desde su inevitable participaci\u00f3n, m\u00e1s all\u00e1 de visiones distantes o ajenas; o ensimismadas con los procesos jer\u00e1rquicos de evoluci\u00f3n de nuestra sociedad.<\/p>\n<p>&nbsp;<\/p>\n<h3>Datos acad\u00e9micos de la tesis doctoral \u00ab<strong>El mapa: cartograf\u00edade un paisaje en tr\u00e1nsito<\/strong>\u00ab<\/h3>\n<ul>\n<li><strong>T\u00edtulo de la tesis:<\/strong>\u00a0 El mapa: cartograf\u00edade un paisaje en tr\u00e1nsito <\/li>\n<li><strong>Autor:<\/strong>\u00a0  Bajo Mart\u00ednez De Murgu\u00eda Fernando <\/li>\n<li><strong>Universidad:<\/strong>\u00a0 Pa\u00eds vasco\/euskal herriko unibertsitatea<\/li>\n<li><strong>Fecha de lectura de la tesis:<\/strong>\u00a0 20\/06\/2003<\/li>\n<\/ul>\n<p>&nbsp;<\/p>\n<h3>Direcci\u00f3n y tribunal<\/h3>\n<ul>\n<li><strong>Director de la tesis<\/strong>\n<ul>\n<li>Javier Cenicacelaya MariJuan<\/li>\n<\/ul>\n<\/li>\n<li><strong>Tribunal<\/strong>\n<ul>\n<li>Presidente del tribunal: Luis Badosa conil <\/li>\n<li>carmen Jorda such (vocal)<\/li>\n<li>Jos\u00e9 Javier Maderuelo raso (vocal)<\/li>\n<li> Alonso del val Miguel \u00e1ngel (vocal)<\/li>\n<\/ul>\n<\/li>\n<\/ul>\n<p>&nbsp;<\/p>\n","protected":false},"excerpt":{"rendered":"<p>Tesis doctoral de Bajo Mart\u00ednez De Murgu\u00eda Fernando Son dos los puntos de partida de la tesis que se acompa\u00f1a. [&hellip;]<\/p>\n","protected":false},"author":1,"featured_media":0,"comment_status":"open","ping_status":"open","sticky":false,"template":"","format":"standard","meta":{"site-sidebar-layout":"default","site-content-layout":"","ast-site-content-layout":"","site-content-style":"default","site-sidebar-style":"default","ast-global-header-display":"","ast-banner-title-visibility":"","ast-main-header-display":"","ast-hfb-above-header-display":"","ast-hfb-below-header-display":"","ast-hfb-mobile-header-display":"","site-post-title":"","ast-breadcrumbs-content":"","ast-featured-img":"","footer-sml-layout":"","theme-transparent-header-meta":"","adv-header-id-meta":"","stick-header-meta":"","header-above-stick-meta":"","header-main-stick-meta":"","header-below-stick-meta":"","astra-migrate-meta-layouts":"default","ast-page-background-enabled":"default","ast-page-background-meta":{"desktop":{"background-color":"var(--ast-global-color-4)","background-image":"","background-repeat":"repeat","background-position":"center center","background-size":"auto","background-attachment":"scroll","background-type":"","background-media":"","overlay-type":"","overlay-color":"","overlay-gradient":""},"tablet":{"background-color":"","background-image":"","background-repeat":"repeat","background-position":"center center","background-size":"auto","background-attachment":"scroll","background-type":"","background-media":"","overlay-type":"","overlay-color":"","overlay-gradient":""},"mobile":{"background-color":"","background-image":"","background-repeat":"repeat","background-position":"center center","background-size":"auto","background-attachment":"scroll","background-type":"","background-media":"","overlay-type":"","overlay-color":"","overlay-gradient":""}},"ast-content-background-meta":{"desktop":{"background-color":"var(--ast-global-color-5)","background-image":"","background-repeat":"repeat","background-position":"center center","background-size":"auto","background-attachment":"scroll","background-type":"","background-media":"","overlay-type":"","overlay-color":"","overlay-gradient":""},"tablet":{"background-color":"var(--ast-global-color-5)","background-image":"","background-repeat":"repeat","background-position":"center center","background-size":"auto","background-attachment":"scroll","background-type":"","background-media":"","overlay-type":"","overlay-color":"","overlay-gradient":""},"mobile":{"background-color":"var(--ast-global-color-5)","background-image":"","background-repeat":"repeat","background-position":"center center","background-size":"auto","background-attachment":"scroll","background-type":"","background-media":"","overlay-type":"","overlay-color":"","overlay-gradient":""}},"footnotes":""},"categories":[12909],"tags":[32109,70267,61111,28077,19164,70268],"class_list":["post-23761","post","type-post","status-publish","format-standard","hentry","category-pais-vasco-euskal-herriko-unibertsitatea","tag-alonso-del-val-miguel-angel","tag-bajo-Martinez-de-murguia-fernando","tag-carmen-jorda-such","tag-javier-cenicacelaya-marijuan","tag-jose-javier-maderuelo-raso","tag-luis-badosa-conil"],"_links":{"self":[{"href":"https:\/\/www.deberes.net\/tesis\/wp-json\/wp\/v2\/posts\/23761","targetHints":{"allow":["GET"]}}],"collection":[{"href":"https:\/\/www.deberes.net\/tesis\/wp-json\/wp\/v2\/posts"}],"about":[{"href":"https:\/\/www.deberes.net\/tesis\/wp-json\/wp\/v2\/types\/post"}],"author":[{"embeddable":true,"href":"https:\/\/www.deberes.net\/tesis\/wp-json\/wp\/v2\/users\/1"}],"replies":[{"embeddable":true,"href":"https:\/\/www.deberes.net\/tesis\/wp-json\/wp\/v2\/comments?post=23761"}],"version-history":[{"count":0,"href":"https:\/\/www.deberes.net\/tesis\/wp-json\/wp\/v2\/posts\/23761\/revisions"}],"wp:attachment":[{"href":"https:\/\/www.deberes.net\/tesis\/wp-json\/wp\/v2\/media?parent=23761"}],"wp:term":[{"taxonomy":"category","embeddable":true,"href":"https:\/\/www.deberes.net\/tesis\/wp-json\/wp\/v2\/categories?post=23761"},{"taxonomy":"post_tag","embeddable":true,"href":"https:\/\/www.deberes.net\/tesis\/wp-json\/wp\/v2\/tags?post=23761"}],"curies":[{"name":"wp","href":"https:\/\/api.w.org\/{rel}","templated":true}]}}