{"id":23769,"date":"2018-03-09T09:14:27","date_gmt":"2018-03-09T09:14:27","guid":{"rendered":"https:\/\/www.deberes.net\/tesis\/sin-categoria\/el-posconcilio-en-espana-la-revision-del-concordato-1966-1975\/"},"modified":"2018-03-09T09:14:27","modified_gmt":"2018-03-09T09:14:27","slug":"el-posconcilio-en-espana-la-revision-del-concordato-1966-1975","status":"publish","type":"post","link":"https:\/\/www.deberes.net\/tesis\/sin-categoria\/el-posconcilio-en-espana-la-revision-del-concordato-1966-1975\/","title":{"rendered":"El posconcilio en espa\u00f1a. la revisi\u00f3n del concordato (1966-1975)"},"content":{"rendered":"<h2>Tesis doctoral de <strong>  Mart\u00edn De Santa Olalla Saludes Pablo <\/strong><\/h2>\n<p>La presente tesis examina el proceso de revisi\u00f3n del concordato de 1953, proceso que se inicia a partir del intercambio de cartas entre franco y pablo vi en la primavera de 1968 y que concluye con la muerte del dictador en noviembre de 1975. El concilio vaticano ii constituy\u00f3 la justificaci\u00f3n doctrinal para el cambio de actitud de la iglesia con respecto al regimen de franco, iniciando una lenta pero irreversible separaci\u00f3n que tendr\u00eda su punto culminante durante la transici\u00f3n a la democracia, primero con la firma del acuerdo b\u00e1sico en julio de 1976 y finalmente con los cuatro acuerdos parciales de enero de 1979.  en ese sentido, la tesis describe y analiza los diferentes proyectos de revisi\u00f3n del concordato, desde el pol\u00e9mico proyecto \u00abad refer\u00e9ndum\u00bb o anteproyecto casaroli-garrigues, hasta el totalmente desconocido proyecto de concordato actualizado realizado por pedro cortina y agostino casaroli en julio de 1974, pasando por el proyecto alternativo presentado por el subsecretario de justicia alfredo l\u00f3pez en diciembre de 1970.  el estudio concluye que el contexto socio-pol\u00edtico acab\u00f3 jugando un papel esencial en la no renovaci\u00f3n del concordato, as\u00ed como considera que la llamada \u00abbatalla por la confesionalidad\u00bb fue perdida por el r\u00e9gimen a partir de la llegada a espa\u00f1a del muncio dadaglio en julio de 1967. Dicho cambio en la munciatura produjo de manera paulatina un cambio de orientaci\u00f3n en el episcopado espa\u00f1ol, al producirse la muerte o revelo de los principales obispos del nacionalcatolicismo y ser promovidos al episcopado hombres de talante aperturista, dispuestos a aplicar con todas sus consecuencias las directrices del concilio vaticano ii.<\/p>\n<p>&nbsp;<\/p>\n<h3>Datos acad\u00e9micos de la tesis doctoral \u00ab<strong>El posconcilio en espa\u00f1a. la revisi\u00f3n del concordato (1966-1975)<\/strong>\u00ab<\/h3>\n<ul>\n<li><strong>T\u00edtulo de la tesis:<\/strong>\u00a0 El posconcilio en espa\u00f1a. la revisi\u00f3n del concordato (1966-1975) <\/li>\n<li><strong>Autor:<\/strong>\u00a0  Mart\u00edn De Santa Olalla Saludes Pablo <\/li>\n<li><strong>Universidad:<\/strong>\u00a0 Aut\u00f3noma de Madrid<\/li>\n<li><strong>Fecha de lectura de la tesis:<\/strong>\u00a0 20\/06\/2003<\/li>\n<\/ul>\n<p>&nbsp;<\/p>\n<h3>Direcci\u00f3n y tribunal<\/h3>\n<ul>\n<li><strong>Director de la tesis<\/strong>\n<ul>\n<li>Alvaro Soto Carmona<\/li>\n<\/ul>\n<\/li>\n<li><strong>Tribunal<\/strong>\n<ul>\n<li>Presidente del tribunal:  Donezar y diez de ulzurrun JavierMar\u00eda <\/li>\n<li>Jes\u00fas M\u00aa Palomares iba\u00f1ez (vocal)<\/li>\n<li>Javier Tusell g\u00f3mez (vocal)<\/li>\n<li>feliciano Montero garcia (vocal)<\/li>\n<\/ul>\n<\/li>\n<\/ul>\n<p>&nbsp;<\/p>\n","protected":false},"excerpt":{"rendered":"<p>Tesis doctoral de Mart\u00edn De Santa Olalla Saludes Pablo La presente tesis examina el proceso de revisi\u00f3n del concordato de [&hellip;]<\/p>\n","protected":false},"author":1,"featured_media":0,"comment_status":"open","ping_status":"open","sticky":false,"template":"","format":"standard","meta":{"site-sidebar-layout":"default","site-content-layout":"","ast-site-content-layout":"","site-content-style":"default","site-sidebar-style":"default","ast-global-header-display":"","ast-banner-title-visibility":"","ast-main-header-display":"","ast-hfb-above-header-display":"","ast-hfb-below-header-display":"","ast-hfb-mobile-header-display":"","site-post-title":"","ast-breadcrumbs-content":"","ast-featured-img":"","footer-sml-layout":"","theme-transparent-header-meta":"","adv-header-id-meta":"","stick-header-meta":"","header-above-stick-meta":"","header-main-stick-meta":"","header-below-stick-meta":"","astra-migrate-meta-layouts":"default","ast-page-background-enabled":"default","ast-page-background-meta":{"desktop":{"background-color":"var(--ast-global-color-4)","background-image":"","background-repeat":"repeat","background-position":"center center","background-size":"auto","background-attachment":"scroll","background-type":"","background-media":"","overlay-type":"","overlay-color":"","overlay-gradient":""},"tablet":{"background-color":"","background-image":"","background-repeat":"repeat","background-position":"center center","background-size":"auto","background-attachment":"scroll","background-type":"","background-media":"","overlay-type":"","overlay-color":"","overlay-gradient":""},"mobile":{"background-color":"","background-image":"","background-repeat":"repeat","background-position":"center center","background-size":"auto","background-attachment":"scroll","background-type":"","background-media":"","overlay-type":"","overlay-color":"","overlay-gradient":""}},"ast-content-background-meta":{"desktop":{"background-color":"var(--ast-global-color-5)","background-image":"","background-repeat":"repeat","background-position":"center center","background-size":"auto","background-attachment":"scroll","background-type":"","background-media":"","overlay-type":"","overlay-color":"","overlay-gradient":""},"tablet":{"background-color":"var(--ast-global-color-5)","background-image":"","background-repeat":"repeat","background-position":"center center","background-size":"auto","background-attachment":"scroll","background-type":"","background-media":"","overlay-type":"","overlay-color":"","overlay-gradient":""},"mobile":{"background-color":"var(--ast-global-color-5)","background-image":"","background-repeat":"repeat","background-position":"center center","background-size":"auto","background-attachment":"scroll","background-type":"","background-media":"","overlay-type":"","overlay-color":"","overlay-gradient":""}},"footnotes":""},"categories":[1],"tags":[5659,15150,6390,15559,12716,70287],"class_list":["post-23769","post","type-post","status-publish","format-standard","hentry","category-sin-categoria","tag-alvaro-soto-carmona","tag-donezar-y-diez-de-ulzurrun-javiermaria","tag-feliciano-montero-garcia","tag-javier-tusell-gomez","tag-jesus-ma-palomares-ibanez","tag-martin-de-santa-olalla-saludes-pablo"],"_links":{"self":[{"href":"https:\/\/www.deberes.net\/tesis\/wp-json\/wp\/v2\/posts\/23769","targetHints":{"allow":["GET"]}}],"collection":[{"href":"https:\/\/www.deberes.net\/tesis\/wp-json\/wp\/v2\/posts"}],"about":[{"href":"https:\/\/www.deberes.net\/tesis\/wp-json\/wp\/v2\/types\/post"}],"author":[{"embeddable":true,"href":"https:\/\/www.deberes.net\/tesis\/wp-json\/wp\/v2\/users\/1"}],"replies":[{"embeddable":true,"href":"https:\/\/www.deberes.net\/tesis\/wp-json\/wp\/v2\/comments?post=23769"}],"version-history":[{"count":0,"href":"https:\/\/www.deberes.net\/tesis\/wp-json\/wp\/v2\/posts\/23769\/revisions"}],"wp:attachment":[{"href":"https:\/\/www.deberes.net\/tesis\/wp-json\/wp\/v2\/media?parent=23769"}],"wp:term":[{"taxonomy":"category","embeddable":true,"href":"https:\/\/www.deberes.net\/tesis\/wp-json\/wp\/v2\/categories?post=23769"},{"taxonomy":"post_tag","embeddable":true,"href":"https:\/\/www.deberes.net\/tesis\/wp-json\/wp\/v2\/tags?post=23769"}],"curies":[{"name":"wp","href":"https:\/\/api.w.org\/{rel}","templated":true}]}}