{"id":23809,"date":"2018-03-09T09:14:30","date_gmt":"2018-03-09T09:14:30","guid":{"rendered":"https:\/\/www.deberes.net\/tesis\/sin-categoria\/estudio-de-polimorfismo-hla-y-del-lupus-eritematoso-sistemico-les-en-dos-grupos-etnicos-de-andaluca%c2%ada-oriental\/"},"modified":"2018-03-09T09:14:30","modified_gmt":"2018-03-09T09:14:30","slug":"estudio-de-polimorfismo-hla-y-del-lupus-eritematoso-sistemico-les-en-dos-grupos-etnicos-de-andaluca%c2%ada-oriental","status":"publish","type":"post","link":"https:\/\/www.deberes.net\/tesis\/sin-categoria\/estudio-de-polimorfismo-hla-y-del-lupus-eritematoso-sistemico-les-en-dos-grupos-etnicos-de-andaluca%c2%ada-oriental\/","title":{"rendered":"Estudio de polimorfismo hla y del lupus eritematoso sist\u00e9mico (les) en dos grupos \u00e9tnicos de andaluc\u00edaoriental"},"content":{"rendered":"<h2>Tesis doctoral de <strong>  Ramal Fern\u00e1ndez Luis Manuel <\/strong><\/h2>\n<p>En andaluc\u00eda oriental conviven desde hace m\u00e1s de 500 a\u00f1os dos poblaciones de origen muy diferente. La poblaci\u00f3n cauc\u00e1stica mayoritaria (cbm) y la poblaci\u00f3n roman\u00ed\/gitana (rga). Se les supone a ambas poblaciones un acervo gen\u00e9tico distinto en cuanto al polimorfismo hla, pero hasta ahora no se hab\u00eda determinado si estas variaciones podr\u00edan estar relacionadas con las manifestaciones cl\u00ednicas mostradas en una enfermedad como el lupus eritematoso sist\u00e9mico (les).  el primer objetivo de la presente tesis fue la caracterizaci\u00f3n del polimorfismo hla en ambas poblaciones. Para ello se emplearon t\u00e9cnicas de secuenciaci\u00f3n, que permitieron alcanzar un alto grado de resoluci\u00f3n en el tipaje de cada caso. Las principales diferencias se establecieron a nivel de haplotipos extendidos. En concreto, los haplotipos a*0101-b*3503-cw*1203-drb1*1404-dqb1*05031, a*6601-b*52011-cw*1202-drb1*1502-dqb1*05031 y a*0101-b*4006-cw1502-drb1*1404-dqb1*05031, han sido descritos por vez primera en la poblaci\u00f3n rga, estando ausentes en la poblaci\u00f3n cbm. Las diferencias en las frecuencias al\u00e9licas nos permitieron, adem\u00e1s, calcular las distancias gen\u00e9ticas entre diversas poblaciones de nuestro entorno, demostrando la similitud entre la poblaci\u00f3n rga y poblaciones del norte de la india.  en un segundo objetivo, analizamos m\u00e1s de 100 \u00edtems cl\u00ednicos por cada enfermo de les, tanto en la poblaci\u00f3n rga como en la poblaci\u00f3n cbm. Hay diferencias significativas en la preValencia de trombosis y s\u00ednfrome antifosfol\u00edpido, pero en general, las manifestaciones cl\u00ednicas son bastante similares en ambos grupos. En todo caso, puede observarse una evoluci\u00f3n ligeramente m\u00e1s suave, con menor n\u00famero de afectaciones, en la poblaci\u00f3n rga con respecto a la poblaci\u00f3n cbm.  finalmente, se establecieron asociaciones hla con la presencia de les, encontrando que tales asociaciones son totalmente diferentes en ambos grupos. en rga, el haplotipo drb1*1101-dqb1*0301 se as<\/p>\n<p>&nbsp;<\/p>\n<h3>Datos acad\u00e9micos de la tesis doctoral \u00ab<strong>Estudio de polimorfismo hla y del lupus eritematoso sist\u00e9mico (les) en dos grupos \u00e9tnicos de andaluc\u00edaoriental<\/strong>\u00ab<\/h3>\n<ul>\n<li><strong>T\u00edtulo de la tesis:<\/strong>\u00a0 Estudio de polimorfismo hla y del lupus eritematoso sist\u00e9mico (les) en dos grupos \u00e9tnicos de andaluc\u00edaoriental <\/li>\n<li><strong>Autor:<\/strong>\u00a0  Ramal Fern\u00e1ndez Luis Manuel <\/li>\n<li><strong>Universidad:<\/strong>\u00a0 Granada<\/li>\n<li><strong>Fecha de lectura de la tesis:<\/strong>\u00a0 23\/06\/2003<\/li>\n<\/ul>\n<p>&nbsp;<\/p>\n<h3>Direcci\u00f3n y tribunal<\/h3>\n<ul>\n<li><strong>Director de la tesis<\/strong>\n<ul>\n<li>Juan  Francisco Jimenez Alonso<\/li>\n<\/ul>\n<\/li>\n<li><strong>Tribunal<\/strong>\n<ul>\n<li>Presidente del tribunal: federico Garrido torres-puchol <\/li>\n<li>abelardo Caballero gonz\u00e1lez (vocal)<\/li>\n<li>Javier Martin iba\u00f1ez (vocal)<\/li>\n<li>Mar\u00eda  teresa Cabrera castillo (vocal)<\/li>\n<\/ul>\n<\/li>\n<\/ul>\n<p>&nbsp;<\/p>\n","protected":false},"excerpt":{"rendered":"<p>Tesis doctoral de Ramal Fern\u00e1ndez Luis Manuel En andaluc\u00eda oriental conviven desde hace m\u00e1s de 500 a\u00f1os dos poblaciones de [&hellip;]<\/p>\n","protected":false},"author":1,"featured_media":0,"comment_status":"open","ping_status":"open","sticky":false,"template":"","format":"standard","meta":{"site-sidebar-layout":"default","site-content-layout":"","ast-site-content-layout":"","site-content-style":"default","site-sidebar-style":"default","ast-global-header-display":"","ast-banner-title-visibility":"","ast-main-header-display":"","ast-hfb-above-header-display":"","ast-hfb-below-header-display":"","ast-hfb-mobile-header-display":"","site-post-title":"","ast-breadcrumbs-content":"","ast-featured-img":"","footer-sml-layout":"","theme-transparent-header-meta":"","adv-header-id-meta":"","stick-header-meta":"","header-above-stick-meta":"","header-main-stick-meta":"","header-below-stick-meta":"","astra-migrate-meta-layouts":"default","ast-page-background-enabled":"default","ast-page-background-meta":{"desktop":{"background-color":"var(--ast-global-color-4)","background-image":"","background-repeat":"repeat","background-position":"center center","background-size":"auto","background-attachment":"scroll","background-type":"","background-media":"","overlay-type":"","overlay-color":"","overlay-gradient":""},"tablet":{"background-color":"","background-image":"","background-repeat":"repeat","background-position":"center center","background-size":"auto","background-attachment":"scroll","background-type":"","background-media":"","overlay-type":"","overlay-color":"","overlay-gradient":""},"mobile":{"background-color":"","background-image":"","background-repeat":"repeat","background-position":"center center","background-size":"auto","background-attachment":"scroll","background-type":"","background-media":"","overlay-type":"","overlay-color":"","overlay-gradient":""}},"ast-content-background-meta":{"desktop":{"background-color":"var(--ast-global-color-5)","background-image":"","background-repeat":"repeat","background-position":"center center","background-size":"auto","background-attachment":"scroll","background-type":"","background-media":"","overlay-type":"","overlay-color":"","overlay-gradient":""},"tablet":{"background-color":"var(--ast-global-color-5)","background-image":"","background-repeat":"repeat","background-position":"center center","background-size":"auto","background-attachment":"scroll","background-type":"","background-media":"","overlay-type":"","overlay-color":"","overlay-gradient":""},"mobile":{"background-color":"var(--ast-global-color-5)","background-image":"","background-repeat":"repeat","background-position":"center center","background-size":"auto","background-attachment":"scroll","background-type":"","background-media":"","overlay-type":"","overlay-color":"","overlay-gradient":""}},"footnotes":""},"categories":[1],"tags":[24707,3942,45178,2422,4021,70388],"class_list":["post-23809","post","type-post","status-publish","format-standard","hentry","category-sin-categoria","tag-abelardo-caballero-gonzalez","tag-federico-garrido-torres-puchol","tag-javier-martin-ibanez","tag-juan-francisco-jimenez-alonso","tag-maria-teresa-cabrera-castillo","tag-ramal-fernandez-luis-manuel"],"_links":{"self":[{"href":"https:\/\/www.deberes.net\/tesis\/wp-json\/wp\/v2\/posts\/23809","targetHints":{"allow":["GET"]}}],"collection":[{"href":"https:\/\/www.deberes.net\/tesis\/wp-json\/wp\/v2\/posts"}],"about":[{"href":"https:\/\/www.deberes.net\/tesis\/wp-json\/wp\/v2\/types\/post"}],"author":[{"embeddable":true,"href":"https:\/\/www.deberes.net\/tesis\/wp-json\/wp\/v2\/users\/1"}],"replies":[{"embeddable":true,"href":"https:\/\/www.deberes.net\/tesis\/wp-json\/wp\/v2\/comments?post=23809"}],"version-history":[{"count":0,"href":"https:\/\/www.deberes.net\/tesis\/wp-json\/wp\/v2\/posts\/23809\/revisions"}],"wp:attachment":[{"href":"https:\/\/www.deberes.net\/tesis\/wp-json\/wp\/v2\/media?parent=23809"}],"wp:term":[{"taxonomy":"category","embeddable":true,"href":"https:\/\/www.deberes.net\/tesis\/wp-json\/wp\/v2\/categories?post=23809"},{"taxonomy":"post_tag","embeddable":true,"href":"https:\/\/www.deberes.net\/tesis\/wp-json\/wp\/v2\/tags?post=23809"}],"curies":[{"name":"wp","href":"https:\/\/api.w.org\/{rel}","templated":true}]}}