{"id":23832,"date":"2018-03-09T09:14:32","date_gmt":"2018-03-09T09:14:32","guid":{"rendered":"https:\/\/www.deberes.net\/tesis\/sin-categoria\/empata%c2%ada-y-riesgo-para-el-maltrato-fa%c2%adsico-infantil\/"},"modified":"2018-03-09T09:14:32","modified_gmt":"2018-03-09T09:14:32","slug":"empata%c2%ada-y-riesgo-para-el-maltrato-fa%c2%adsico-infantil","status":"publish","type":"post","link":"https:\/\/www.deberes.net\/tesis\/pais-vasco-euskal-herriko-unibertsitatea\/empata%c2%ada-y-riesgo-para-el-maltrato-fa%c2%adsico-infantil\/","title":{"rendered":"Empat\u00eday riesgo para el maltrato f\u00edsico infantil"},"content":{"rendered":"<h2>Tesis doctoral de <strong> Alicia P\u00e9rez De Alb\u00e9niz Iturriaga <\/strong><\/h2>\n<p>Considerando el maltrato f\u00edsico infantil como una forma de agresi\u00f3n humana, el trabajo realizado trata de comprobar la existencia de un d\u00e9ficit en empat\u00eda en las personas alto riesgo para el maltrato f\u00edsico infantil. La tesis que se presenta consta de cinco estudios que analizan esta cuesti\u00f3n desde la perspectiva disposicional (tendencia de las personas a mostrar reacciones emp\u00e1ticas) y desde la perpectiva situacional (respuesta emp\u00e1tica de las personas ante condiciones concretas). Los resultados muestran que las personas alto riesgo, en comparaci\u00f3n de las personas bajo riesgo para el maltrato f\u00edsico infantil, presentan puntuaciones significativamente inferiores en diversos instrumentos de empat\u00eda disposicional. Asimismo, los resultados mostraron una interacci\u00f3n significativa entre el estatus de riesgo para el maltrato f\u00edsico infantil y el g\u00e9nero de los participantes indicando que padres y madres alto riesgo podr\u00edan presentar problemas diferentes en su respuesta emp\u00e1tica. La serie de estudios realizada para analizar la relaci\u00f3n entre empat\u00eda situacional y maltrato f\u00edsico infantil se llev\u00f3 a cabo con el paradigma de agresi\u00f3n de teacher\/learner originalmente desarrollado por buss (1961). Los resultados mostraron que las personas alto riesgo para el maltrato f\u00edsico infantil no inhiben su agresi\u00f3n ante las se\u00f1ales de dolor de una v\u00edctima y que adem\u00e1s presentan niveles significativamente mayores de agresi\u00f3n ante estas se\u00f1ales que en ausencia de estas se\u00f1ales.<\/p>\n<p>&nbsp;<\/p>\n<h3>Datos acad\u00e9micos de la tesis doctoral \u00ab<strong>Empat\u00eday riesgo para el maltrato f\u00edsico infantil<\/strong>\u00ab<\/h3>\n<ul>\n<li><strong>T\u00edtulo de la tesis:<\/strong>\u00a0 Empat\u00eday riesgo para el maltrato f\u00edsico infantil <\/li>\n<li><strong>Autor:<\/strong>\u00a0 Alicia P\u00e9rez De Alb\u00e9niz Iturriaga <\/li>\n<li><strong>Universidad:<\/strong>\u00a0 Pa\u00eds vasco\/euskal herriko unibertsitatea<\/li>\n<li><strong>Fecha de lectura de la tesis:<\/strong>\u00a0 23\/06\/2003<\/li>\n<\/ul>\n<p>&nbsp;<\/p>\n<h3>Direcci\u00f3n y tribunal<\/h3>\n<ul>\n<li><strong>Director de la tesis<\/strong>\n<ul>\n<li> Pa\u00fal Cohotorena Joaquin De<\/li>\n<\/ul>\n<\/li>\n<li><strong>Tribunal<\/strong>\n<ul>\n<li>Presidente del tribunal: dario Paez rovir\u00e1 <\/li>\n<li>f\u00e9lix L\u00f3pez s\u00e1nchez (vocal)<\/li>\n<li>s. Milner joel (vocal)<\/li>\n<li> P\u00e9rez p\u00e9rez Juan  a. (vocal)<\/li>\n<\/ul>\n<\/li>\n<\/ul>\n<p>&nbsp;<\/p>\n","protected":false},"excerpt":{"rendered":"<p>Tesis doctoral de Alicia P\u00e9rez De Alb\u00e9niz Iturriaga Considerando el maltrato f\u00edsico infantil como una forma de agresi\u00f3n humana, el [&hellip;]<\/p>\n","protected":false},"author":1,"featured_media":0,"comment_status":"open","ping_status":"open","sticky":false,"template":"","format":"standard","meta":{"site-sidebar-layout":"default","site-content-layout":"","ast-site-content-layout":"","site-content-style":"default","site-sidebar-style":"default","ast-global-header-display":"","ast-banner-title-visibility":"","ast-main-header-display":"","ast-hfb-above-header-display":"","ast-hfb-below-header-display":"","ast-hfb-mobile-header-display":"","site-post-title":"","ast-breadcrumbs-content":"","ast-featured-img":"","footer-sml-layout":"","theme-transparent-header-meta":"","adv-header-id-meta":"","stick-header-meta":"","header-above-stick-meta":"","header-main-stick-meta":"","header-below-stick-meta":"","astra-migrate-meta-layouts":"default","ast-page-background-enabled":"default","ast-page-background-meta":{"desktop":{"background-color":"var(--ast-global-color-4)","background-image":"","background-repeat":"repeat","background-position":"center center","background-size":"auto","background-attachment":"scroll","background-type":"","background-media":"","overlay-type":"","overlay-color":"","overlay-gradient":""},"tablet":{"background-color":"","background-image":"","background-repeat":"repeat","background-position":"center center","background-size":"auto","background-attachment":"scroll","background-type":"","background-media":"","overlay-type":"","overlay-color":"","overlay-gradient":""},"mobile":{"background-color":"","background-image":"","background-repeat":"repeat","background-position":"center center","background-size":"auto","background-attachment":"scroll","background-type":"","background-media":"","overlay-type":"","overlay-color":"","overlay-gradient":""}},"ast-content-background-meta":{"desktop":{"background-color":"var(--ast-global-color-5)","background-image":"","background-repeat":"repeat","background-position":"center center","background-size":"auto","background-attachment":"scroll","background-type":"","background-media":"","overlay-type":"","overlay-color":"","overlay-gradient":""},"tablet":{"background-color":"var(--ast-global-color-5)","background-image":"","background-repeat":"repeat","background-position":"center center","background-size":"auto","background-attachment":"scroll","background-type":"","background-media":"","overlay-type":"","overlay-color":"","overlay-gradient":""},"mobile":{"background-color":"var(--ast-global-color-5)","background-image":"","background-repeat":"repeat","background-position":"center center","background-size":"auto","background-attachment":"scroll","background-type":"","background-media":"","overlay-type":"","overlay-color":"","overlay-gradient":""}},"footnotes":""},"categories":[12909],"tags":[70427,13065,40131,70428,70430,70429],"class_list":["post-23832","post","type-post","status-publish","format-standard","hentry","category-pais-vasco-euskal-herriko-unibertsitatea","tag-alicia-perez-de-albeniz-iturriaga","tag-dario-paez-rovira","tag-felix-lopez-sanchez","tag-paul-cohotorena-joaquin-de","tag-perez-perez-juan-a","tag-s-milner-joel"],"_links":{"self":[{"href":"https:\/\/www.deberes.net\/tesis\/wp-json\/wp\/v2\/posts\/23832","targetHints":{"allow":["GET"]}}],"collection":[{"href":"https:\/\/www.deberes.net\/tesis\/wp-json\/wp\/v2\/posts"}],"about":[{"href":"https:\/\/www.deberes.net\/tesis\/wp-json\/wp\/v2\/types\/post"}],"author":[{"embeddable":true,"href":"https:\/\/www.deberes.net\/tesis\/wp-json\/wp\/v2\/users\/1"}],"replies":[{"embeddable":true,"href":"https:\/\/www.deberes.net\/tesis\/wp-json\/wp\/v2\/comments?post=23832"}],"version-history":[{"count":0,"href":"https:\/\/www.deberes.net\/tesis\/wp-json\/wp\/v2\/posts\/23832\/revisions"}],"wp:attachment":[{"href":"https:\/\/www.deberes.net\/tesis\/wp-json\/wp\/v2\/media?parent=23832"}],"wp:term":[{"taxonomy":"category","embeddable":true,"href":"https:\/\/www.deberes.net\/tesis\/wp-json\/wp\/v2\/categories?post=23832"},{"taxonomy":"post_tag","embeddable":true,"href":"https:\/\/www.deberes.net\/tesis\/wp-json\/wp\/v2\/tags?post=23832"}],"curies":[{"name":"wp","href":"https:\/\/api.w.org\/{rel}","templated":true}]}}