{"id":23852,"date":"2018-03-09T09:14:34","date_gmt":"2018-03-09T09:14:34","guid":{"rendered":"https:\/\/www.deberes.net\/tesis\/sin-categoria\/la-ensenanza-aprendizaje-del-frances-como-lengua-extranjera-en-espana-durante-la-epoca-franquista-1938-1970\/"},"modified":"2018-03-09T09:14:34","modified_gmt":"2018-03-09T09:14:34","slug":"la-ensenanza-aprendizaje-del-frances-como-lengua-extranjera-en-espana-durante-la-epoca-franquista-1938-1970","status":"publish","type":"post","link":"https:\/\/www.deberes.net\/tesis\/linguistica\/la-ensenanza-aprendizaje-del-frances-como-lengua-extranjera-en-espana-durante-la-epoca-franquista-1938-1970\/","title":{"rendered":"La ense\u00f1anza\/aprendizaje del franc\u00e9s como lengua extranjera en espa\u00f1a durante la \u00e9poca franquista (1938-1970)"},"content":{"rendered":"<h2>Tesis doctoral de <strong> Brigitte Urbano Marchi <\/strong><\/h2>\n<p>Recopilaci\u00f3n de las disposiciones legales que se refieren a la ense\u00f1anza de la lengua francesa desde 1934 hasta 1970 en el bachillerato. Cursos, n\u00famero de horas semanales, etc.  an\u00e1lisis de los cuestionarios oficiales referidos a las lenguas extranjeras que se impart\u00eda en el bachillerato entre 1934 y 1970. Constataci\u00f3n de los m\u00e9todos de ense\u00f1anza\/aprendizaje que subyacen a los mismos.  elaboraci\u00f3n del panorama did\u00e1ctico de las lenguas vivas de este mismo per\u00edodo, extra\u00eddo de art\u00edculos publicados por los docentes en las distintas revistas educativas de la \u00e9poca (bord\u00f3n, revista espa\u00f1ola de pedagog\u00eda, revista de educaci\u00f3n, ense\u00f1anza media).  elaboraci\u00f3n del censo de libros de texto de franc\u00e9s, autorizados y no autorizados, y normativa de aplicaci\u00f3n extra\u00eddos del boe, bomen y bomec.  elaboraci\u00f3n de un modelo de encuesta personal para efectuar el an\u00e1lisis de libros de texto autorizados para la ense\u00f1anza del franc\u00e9s en el bachillerato de este per\u00edodo.  an\u00e1lisis, mediante la aplicaci\u00f3n de encuestas, de cuarenta y dos libros de franc\u00e9s autorizados que corresponden a los planes de estudios de 1938, 1957 y 1967<\/p>\n<p>&nbsp;<\/p>\n<h3>Datos acad\u00e9micos de la tesis doctoral \u00ab<strong>La ense\u00f1anza\/aprendizaje del franc\u00e9s como lengua extranjera en espa\u00f1a durante la \u00e9poca franquista (1938-1970)<\/strong>\u00ab<\/h3>\n<ul>\n<li><strong>T\u00edtulo de la tesis:<\/strong>\u00a0 La ense\u00f1anza\/aprendizaje del franc\u00e9s como lengua extranjera en espa\u00f1a durante la \u00e9poca franquista (1938-1970) <\/li>\n<li><strong>Autor:<\/strong>\u00a0 Brigitte Urbano Marchi <\/li>\n<li><strong>Universidad:<\/strong>\u00a0 Granada<\/li>\n<li><strong>Fecha de lectura de la tesis:<\/strong>\u00a0 24\/06\/2003<\/li>\n<\/ul>\n<p>&nbsp;<\/p>\n<h3>Direcci\u00f3n y tribunal<\/h3>\n<ul>\n<li><strong>Director de la tesis<\/strong>\n<ul>\n<li>Javier Suso L\u00f3pez<\/li>\n<\/ul>\n<\/li>\n<li><strong>Tribunal<\/strong>\n<ul>\n<li>Presidente del tribunal: manuel Tost planet <\/li>\n<li>Miguel Beas miranda (vocal)<\/li>\n<li>daniel Madrid fernandez (vocal)<\/li>\n<li>quint\u00edn Calle carabias (vocal)<\/li>\n<\/ul>\n<\/li>\n<\/ul>\n<p>&nbsp;<\/p>\n","protected":false},"excerpt":{"rendered":"<p>Tesis doctoral de Brigitte Urbano Marchi Recopilaci\u00f3n de las disposiciones legales que se refieren a la ense\u00f1anza de la lengua [&hellip;]<\/p>\n","protected":false},"author":1,"featured_media":0,"comment_status":"open","ping_status":"open","sticky":false,"template":"","format":"standard","meta":{"site-sidebar-layout":"default","site-content-layout":"","ast-site-content-layout":"","site-content-style":"default","site-sidebar-style":"default","ast-global-header-display":"","ast-banner-title-visibility":"","ast-main-header-display":"","ast-hfb-above-header-display":"","ast-hfb-below-header-display":"","ast-hfb-mobile-header-display":"","site-post-title":"","ast-breadcrumbs-content":"","ast-featured-img":"","footer-sml-layout":"","theme-transparent-header-meta":"","adv-header-id-meta":"","stick-header-meta":"","header-above-stick-meta":"","header-main-stick-meta":"","header-below-stick-meta":"","astra-migrate-meta-layouts":"default","ast-page-background-enabled":"default","ast-page-background-meta":{"desktop":{"background-color":"var(--ast-global-color-4)","background-image":"","background-repeat":"repeat","background-position":"center center","background-size":"auto","background-attachment":"scroll","background-type":"","background-media":"","overlay-type":"","overlay-color":"","overlay-gradient":""},"tablet":{"background-color":"","background-image":"","background-repeat":"repeat","background-position":"center center","background-size":"auto","background-attachment":"scroll","background-type":"","background-media":"","overlay-type":"","overlay-color":"","overlay-gradient":""},"mobile":{"background-color":"","background-image":"","background-repeat":"repeat","background-position":"center center","background-size":"auto","background-attachment":"scroll","background-type":"","background-media":"","overlay-type":"","overlay-color":"","overlay-gradient":""}},"ast-content-background-meta":{"desktop":{"background-color":"var(--ast-global-color-5)","background-image":"","background-repeat":"repeat","background-position":"center center","background-size":"auto","background-attachment":"scroll","background-type":"","background-media":"","overlay-type":"","overlay-color":"","overlay-gradient":""},"tablet":{"background-color":"var(--ast-global-color-5)","background-image":"","background-repeat":"repeat","background-position":"center center","background-size":"auto","background-attachment":"scroll","background-type":"","background-media":"","overlay-type":"","overlay-color":"","overlay-gradient":""},"mobile":{"background-color":"var(--ast-global-color-5)","background-image":"","background-repeat":"repeat","background-position":"center center","background-size":"auto","background-attachment":"scroll","background-type":"","background-media":"","overlay-type":"","overlay-color":"","overlay-gradient":""}},"footnotes":""},"categories":[1891,636,59,60],"tags":[70478,37870,70479,70480,38590,70481],"class_list":["post-23852","post","type-post","status-publish","format-standard","hentry","category-ensenanza-de-lenguas","category-lengua-y-literatura","category-linguistica","category-linguistica-aplicada","tag-brigitte-urbano-marchi","tag-daniel-madrid-fernandez","tag-javier-suso-lopez","tag-manuel-tost-planet","tag-miguel-beas-miranda","tag-quintin-calle-carabias"],"_links":{"self":[{"href":"https:\/\/www.deberes.net\/tesis\/wp-json\/wp\/v2\/posts\/23852","targetHints":{"allow":["GET"]}}],"collection":[{"href":"https:\/\/www.deberes.net\/tesis\/wp-json\/wp\/v2\/posts"}],"about":[{"href":"https:\/\/www.deberes.net\/tesis\/wp-json\/wp\/v2\/types\/post"}],"author":[{"embeddable":true,"href":"https:\/\/www.deberes.net\/tesis\/wp-json\/wp\/v2\/users\/1"}],"replies":[{"embeddable":true,"href":"https:\/\/www.deberes.net\/tesis\/wp-json\/wp\/v2\/comments?post=23852"}],"version-history":[{"count":0,"href":"https:\/\/www.deberes.net\/tesis\/wp-json\/wp\/v2\/posts\/23852\/revisions"}],"wp:attachment":[{"href":"https:\/\/www.deberes.net\/tesis\/wp-json\/wp\/v2\/media?parent=23852"}],"wp:term":[{"taxonomy":"category","embeddable":true,"href":"https:\/\/www.deberes.net\/tesis\/wp-json\/wp\/v2\/categories?post=23852"},{"taxonomy":"post_tag","embeddable":true,"href":"https:\/\/www.deberes.net\/tesis\/wp-json\/wp\/v2\/tags?post=23852"}],"curies":[{"name":"wp","href":"https:\/\/api.w.org\/{rel}","templated":true}]}}