{"id":23859,"date":"2018-03-09T09:14:34","date_gmt":"2018-03-09T09:14:34","guid":{"rendered":"https:\/\/www.deberes.net\/tesis\/sin-categoria\/estetica-de-la-arquitectura-sacra-contemporanea-un-enfoque-desde-la-filosofa%c2%ada-relacional\/"},"modified":"2018-03-09T09:14:34","modified_gmt":"2018-03-09T09:14:34","slug":"estetica-de-la-arquitectura-sacra-contemporanea-un-enfoque-desde-la-filosofa%c2%ada-relacional","status":"publish","type":"post","link":"https:\/\/www.deberes.net\/tesis\/sin-categoria\/estetica-de-la-arquitectura-sacra-contemporanea-un-enfoque-desde-la-filosofa%c2%ada-relacional\/","title":{"rendered":"Est\u00e9tica de la arquitectura sacra contempor\u00e1nea. un enfoque desde la filosof\u00edarelacional"},"content":{"rendered":"<h2>Tesis doctoral de <strong> Luis Aym\u00e1 Gonz\u00e1lez <\/strong><\/h2>\n<p>La investigaci\u00f3n parte de una premisa fundamental: la pregunta por la arquitectura es eminentemente antropol\u00f3gica, ya que apunta hacia el entramado relacional que sustenta la vida del hombre. Preguntar por la arquitectura supone intentar dilucidar qu\u00e9 hace el hombre al hacer arquitectura y, c\u00f3mo \u00e9sta configura sus propios modos del ser. Este aspecto revela la relaci\u00f3n estrecha que existe entre antropolog\u00eda, \u00e9tica y creaci\u00f3n arquitect\u00f3nica. el hombre construye en la medida que se construye, es decir, en la medida en que habita. El modo espacial peculiar que surge de esta relaci\u00f3n lo denominamos \u00e1mbito.  la teor\u00eda de los \u00e1mbitos demuestra que la arquitectura supera ele strecho marco de la funci\u00f3n, la t\u00e9cnica o la simple articulaci\u00f3n espacial. M\u00e1s bien consiste en la integraci\u00f3n de diversas vertientes de lo real de modo relacional, lo que da como resultado un lugar de encuentro o \u00e1mbito. Adem\u00e1s, dicha teor\u00eda nos permite dilucidar claramente la diferencia que existe entre conceptos como espacio f\u00edsico, espacio fenomenol\u00f3gico, espacio de vida, espacio existencial, lugar, \u00e1mbito &#8230;, Distinci\u00f3n sin la cual es imposible llegar a comprender la dimensi\u00f3n real de la arquitectura.  el an\u00e1lisis de la evoluci\u00f3n de los estilos arquitect\u00f3nicos desde la noci\u00f3n de \u00e1mbito pone de manifiesto c\u00f3mo cada estilo actualiza de un modo especial un aspecto entre otros muchos de la configuraci\u00f3n del hombre como ser religado. La arquitectura sacra muestra esta singularidad de un modo excepcional, ya que consiste en una actualizaci\u00f3n integradora en forma de \u00e1mbito que en cada estilo reconstruye alg\u00fan fragmento del amplio espectro del ser del hombre.  esta aproximaci\u00f3n nos avisa sobre uno de los problemas fundamentales del hombre contempor\u00e1neo y que la arquitectura sagrada actual ha asumido: la posibilidad de fundar lugares habitables en un mundo absolutamente cambiante y fragmentario que nos habla de nomadismo existencial. El q<\/p>\n<p>&nbsp;<\/p>\n<h3>Datos acad\u00e9micos de la tesis doctoral \u00ab<strong>Est\u00e9tica de la arquitectura sacra contempor\u00e1nea. un enfoque desde la filosof\u00edarelacional<\/strong>\u00ab<\/h3>\n<ul>\n<li><strong>T\u00edtulo de la tesis:<\/strong>\u00a0 Est\u00e9tica de la arquitectura sacra contempor\u00e1nea. un enfoque desde la filosof\u00edarelacional <\/li>\n<li><strong>Autor:<\/strong>\u00a0 Luis Aym\u00e1 Gonz\u00e1lez <\/li>\n<li><strong>Universidad:<\/strong>\u00a0 Complutense de Madrid<\/li>\n<li><strong>Fecha de lectura de la tesis:<\/strong>\u00a0 24\/06\/2003<\/li>\n<\/ul>\n<p>&nbsp;<\/p>\n<h3>Direcci\u00f3n y tribunal<\/h3>\n<ul>\n<li><strong>Director de la tesis<\/strong>\n<ul>\n<li>Alfonso Lopez Quintas<\/li>\n<\/ul>\n<\/li>\n<li><strong>Tribunal<\/strong>\n<ul>\n<li>Presidente del tribunal: manuel Maceiras fafi\u00e1n <\/li>\n<li>eduardo Delgado orusco (vocal)<\/li>\n<li>Antonio Juarez chicote (vocal)<\/li>\n<li>Juan  Carlos Sancho osinaga (vocal)<\/li>\n<\/ul>\n<\/li>\n<\/ul>\n<p>&nbsp;<\/p>\n","protected":false},"excerpt":{"rendered":"<p>Tesis doctoral de Luis Aym\u00e1 Gonz\u00e1lez La investigaci\u00f3n parte de una premisa fundamental: la pregunta por la arquitectura es eminentemente [&hellip;]<\/p>\n","protected":false},"author":1,"featured_media":0,"comment_status":"open","ping_status":"open","sticky":false,"template":"","format":"standard","meta":{"site-sidebar-layout":"default","site-content-layout":"","ast-site-content-layout":"","site-content-style":"default","site-sidebar-style":"default","ast-global-header-display":"","ast-banner-title-visibility":"","ast-main-header-display":"","ast-hfb-above-header-display":"","ast-hfb-below-header-display":"","ast-hfb-mobile-header-display":"","site-post-title":"","ast-breadcrumbs-content":"","ast-featured-img":"","footer-sml-layout":"","theme-transparent-header-meta":"","adv-header-id-meta":"","stick-header-meta":"","header-above-stick-meta":"","header-main-stick-meta":"","header-below-stick-meta":"","astra-migrate-meta-layouts":"default","ast-page-background-enabled":"default","ast-page-background-meta":{"desktop":{"background-color":"var(--ast-global-color-4)","background-image":"","background-repeat":"repeat","background-position":"center center","background-size":"auto","background-attachment":"scroll","background-type":"","background-media":"","overlay-type":"","overlay-color":"","overlay-gradient":""},"tablet":{"background-color":"","background-image":"","background-repeat":"repeat","background-position":"center center","background-size":"auto","background-attachment":"scroll","background-type":"","background-media":"","overlay-type":"","overlay-color":"","overlay-gradient":""},"mobile":{"background-color":"","background-image":"","background-repeat":"repeat","background-position":"center center","background-size":"auto","background-attachment":"scroll","background-type":"","background-media":"","overlay-type":"","overlay-color":"","overlay-gradient":""}},"ast-content-background-meta":{"desktop":{"background-color":"var(--ast-global-color-5)","background-image":"","background-repeat":"repeat","background-position":"center center","background-size":"auto","background-attachment":"scroll","background-type":"","background-media":"","overlay-type":"","overlay-color":"","overlay-gradient":""},"tablet":{"background-color":"var(--ast-global-color-5)","background-image":"","background-repeat":"repeat","background-position":"center center","background-size":"auto","background-attachment":"scroll","background-type":"","background-media":"","overlay-type":"","overlay-color":"","overlay-gradient":""},"mobile":{"background-color":"var(--ast-global-color-5)","background-image":"","background-repeat":"repeat","background-position":"center center","background-size":"auto","background-attachment":"scroll","background-type":"","background-media":"","overlay-type":"","overlay-color":"","overlay-gradient":""}},"footnotes":""},"categories":[1],"tags":[6494,70495,70494,70442,70493,5345],"class_list":["post-23859","post","type-post","status-publish","format-standard","hentry","category-sin-categoria","tag-alfonso-lopez-quintas","tag-antonio-juarez-chicote","tag-eduardo-delgado-orusco","tag-juan-carlos-sancho-osinaga","tag-luis-ayma-gonzalez","tag-manuel-maceiras-fafian"],"_links":{"self":[{"href":"https:\/\/www.deberes.net\/tesis\/wp-json\/wp\/v2\/posts\/23859","targetHints":{"allow":["GET"]}}],"collection":[{"href":"https:\/\/www.deberes.net\/tesis\/wp-json\/wp\/v2\/posts"}],"about":[{"href":"https:\/\/www.deberes.net\/tesis\/wp-json\/wp\/v2\/types\/post"}],"author":[{"embeddable":true,"href":"https:\/\/www.deberes.net\/tesis\/wp-json\/wp\/v2\/users\/1"}],"replies":[{"embeddable":true,"href":"https:\/\/www.deberes.net\/tesis\/wp-json\/wp\/v2\/comments?post=23859"}],"version-history":[{"count":0,"href":"https:\/\/www.deberes.net\/tesis\/wp-json\/wp\/v2\/posts\/23859\/revisions"}],"wp:attachment":[{"href":"https:\/\/www.deberes.net\/tesis\/wp-json\/wp\/v2\/media?parent=23859"}],"wp:term":[{"taxonomy":"category","embeddable":true,"href":"https:\/\/www.deberes.net\/tesis\/wp-json\/wp\/v2\/categories?post=23859"},{"taxonomy":"post_tag","embeddable":true,"href":"https:\/\/www.deberes.net\/tesis\/wp-json\/wp\/v2\/tags?post=23859"}],"curies":[{"name":"wp","href":"https:\/\/api.w.org\/{rel}","templated":true}]}}