{"id":23930,"date":"2018-03-09T09:14:40","date_gmt":"2018-03-09T09:14:40","guid":{"rendered":"https:\/\/www.deberes.net\/tesis\/sin-categoria\/recuperacion-de-la-flora-vascular-y-vegetacion-post-incendio-y-aplicacion-de-tecnicas-que-puedan-acelerarla\/"},"modified":"2018-03-09T09:14:40","modified_gmt":"2018-03-09T09:14:40","slug":"recuperacion-de-la-flora-vascular-y-vegetacion-post-incendio-y-aplicacion-de-tecnicas-que-puedan-acelerarla","status":"publish","type":"post","link":"https:\/\/www.deberes.net\/tesis\/navarra\/recuperacion-de-la-flora-vascular-y-vegetacion-post-incendio-y-aplicacion-de-tecnicas-que-puedan-acelerarla\/","title":{"rendered":"Recuperaci\u00f3n de la flora vascular y vegetaci\u00f3n post-incendio y aplicaci\u00f3n de t\u00e9cnicas que puedan acelerarla"},"content":{"rendered":"<h2>Tesis doctoral de <strong> Lucia Alberdi Lopez <\/strong><\/h2>\n<p>En 1998 comenzamos el estudio de la regeneraci\u00f3n de la flora vascular tras un incendio natural en un carrascal-quejigal acaecido en 1994, as\u00ed como el estudio de t\u00e9cnicas para acelerar dicha regeneraci\u00f3n y la creaci\u00f3n de un banco de semillas de plantas t\u00edpicas de dicho bosque. El carrascal-queijal est\u00e1 localizado en el t\u00e9rmino municipal de nazar al oeste de navarra en la ladera sur de la sierra de cod\u00e9s, osee un bioclima mediterr\u00e1neo pluviestacional-oce\u00e1nico con termotipo supramediterr\u00e1neo inferior y ombrotipo subh\u00famedo, y la vegetaci\u00f3n que soporta pertenece a las series de vegetaci\u00f3n spiraeo obovatae-querceto rotundifoliae sigmetum y spiraeo obovatae-querceto fagineae sigmetum. En \u00e9l se han diferenciado varias zonas: una zona intacta, una zona incendiada, una zona incendiada y desbrozada, y una zona incendiada de pastizal. Tras el estudio de la regeneraci\u00f3n de la flora vascular observamos que la riqueza flor\u00edstica, la cobertura, la densidad y la diversidad poseen valores mayores en las zonas alteradas que en las zonas intactas, debido al estrato herb\u00e1ceo que es muy importante en las zonas alteradas. En las zonas alteradas destacan las familias gramineae y caryophyllaceae, los tipos biol\u00f3gicos hemicript\u00f3fito y ter\u00f3fito, los tipos corol\u00f3gicos subcosmopolita y mediterr\u00e1neo-atl\u00e1ntico y domina la germinaci\u00f3n. Sin embargo, en el carrascal intacto las familias que destcan son fagaceae, rubiaceae y rosaceae, los tipos biol\u00f3gicos faner\u00f3fitos, el tipo corol\u00f3gico mediterr\u00e1neo y domina el rebrote. La mayor parte de las especies presentan el mismo \u00edndice de sociabilidad a lo largo del tiempo, pero existen especies cuyo \u00edndice var\u00eda seg\u00fan la abundancia de individuos, que var\u00eda seg\u00fan la zona donde se encuentre, la estructura de la vegetaci\u00f3 o la \u00e9poca del a\u00f1o. Las especies arb\u00f3reas y arbustivas propias del lugar, tras el paso del fuego, tardan un tiempo en cumplir su ciclo vital; sin embargo las especies oportunistas<\/p>\n<p>&nbsp;<\/p>\n<h3>Datos acad\u00e9micos de la tesis doctoral \u00ab<strong>Recuperaci\u00f3n de la flora vascular y vegetaci\u00f3n post-incendio y aplicaci\u00f3n de t\u00e9cnicas que puedan acelerarla<\/strong>\u00ab<\/h3>\n<ul>\n<li><strong>T\u00edtulo de la tesis:<\/strong>\u00a0 Recuperaci\u00f3n de la flora vascular y vegetaci\u00f3n post-incendio y aplicaci\u00f3n de t\u00e9cnicas que puedan acelerarla <\/li>\n<li><strong>Autor:<\/strong>\u00a0 Lucia Alberdi Lopez <\/li>\n<li><strong>Universidad:<\/strong>\u00a0 Navarra<\/li>\n<li><strong>Fecha de lectura de la tesis:<\/strong>\u00a0 25\/06\/2003<\/li>\n<\/ul>\n<p>&nbsp;<\/p>\n<h3>Direcci\u00f3n y tribunal<\/h3>\n<ul>\n<li><strong>Director de la tesis<\/strong>\n<ul>\n<li>Rita Yolanda Cavero Rem\u00f3n<\/li>\n<\/ul>\n<\/li>\n<li><strong>Tribunal<\/strong>\n<ul>\n<li>Presidente del tribunal: estanislao De Luis calabuig <\/li>\n<li>ram\u00f3n Vallejo calzada (vocal)<\/li>\n<li>louis Trabaud calvo (vocal)<\/li>\n<li>alicia Ederra indurain (vocal)<\/li>\n<\/ul>\n<\/li>\n<\/ul>\n<p>&nbsp;<\/p>\n","protected":false},"excerpt":{"rendered":"<p>Tesis doctoral de Lucia Alberdi Lopez En 1998 comenzamos el estudio de la regeneraci\u00f3n de la flora vascular tras un [&hellip;]<\/p>\n","protected":false},"author":1,"featured_media":0,"comment_status":"open","ping_status":"open","sticky":false,"template":"","format":"standard","meta":{"site-sidebar-layout":"default","site-content-layout":"","ast-site-content-layout":"","site-content-style":"default","site-sidebar-style":"default","ast-global-header-display":"","ast-banner-title-visibility":"","ast-main-header-display":"","ast-hfb-above-header-display":"","ast-hfb-below-header-display":"","ast-hfb-mobile-header-display":"","site-post-title":"","ast-breadcrumbs-content":"","ast-featured-img":"","footer-sml-layout":"","theme-transparent-header-meta":"","adv-header-id-meta":"","stick-header-meta":"","header-above-stick-meta":"","header-main-stick-meta":"","header-below-stick-meta":"","astra-migrate-meta-layouts":"default","ast-page-background-enabled":"default","ast-page-background-meta":{"desktop":{"background-color":"var(--ast-global-color-4)","background-image":"","background-repeat":"repeat","background-position":"center center","background-size":"auto","background-attachment":"scroll","background-type":"","background-media":"","overlay-type":"","overlay-color":"","overlay-gradient":""},"tablet":{"background-color":"","background-image":"","background-repeat":"repeat","background-position":"center center","background-size":"auto","background-attachment":"scroll","background-type":"","background-media":"","overlay-type":"","overlay-color":"","overlay-gradient":""},"mobile":{"background-color":"","background-image":"","background-repeat":"repeat","background-position":"center center","background-size":"auto","background-attachment":"scroll","background-type":"","background-media":"","overlay-type":"","overlay-color":"","overlay-gradient":""}},"ast-content-background-meta":{"desktop":{"background-color":"var(--ast-global-color-5)","background-image":"","background-repeat":"repeat","background-position":"center center","background-size":"auto","background-attachment":"scroll","background-type":"","background-media":"","overlay-type":"","overlay-color":"","overlay-gradient":""},"tablet":{"background-color":"var(--ast-global-color-5)","background-image":"","background-repeat":"repeat","background-position":"center center","background-size":"auto","background-attachment":"scroll","background-type":"","background-media":"","overlay-type":"","overlay-color":"","overlay-gradient":""},"mobile":{"background-color":"var(--ast-global-color-5)","background-image":"","background-repeat":"repeat","background-position":"center center","background-size":"auto","background-attachment":"scroll","background-type":"","background-media":"","overlay-type":"","overlay-color":"","overlay-gradient":""}},"footnotes":""},"categories":[17749],"tags":[24944,4440,70654,70653,3265,45377],"class_list":["post-23930","post","type-post","status-publish","format-standard","hentry","category-navarra","tag-alicia-ederra-indurain","tag-estanislao-de-luis-calabuig","tag-louis-trabaud-calvo","tag-lucia-alberdi-lopez","tag-ramon-vallejo-calzada","tag-rita-yolanda-cavero-remon"],"_links":{"self":[{"href":"https:\/\/www.deberes.net\/tesis\/wp-json\/wp\/v2\/posts\/23930","targetHints":{"allow":["GET"]}}],"collection":[{"href":"https:\/\/www.deberes.net\/tesis\/wp-json\/wp\/v2\/posts"}],"about":[{"href":"https:\/\/www.deberes.net\/tesis\/wp-json\/wp\/v2\/types\/post"}],"author":[{"embeddable":true,"href":"https:\/\/www.deberes.net\/tesis\/wp-json\/wp\/v2\/users\/1"}],"replies":[{"embeddable":true,"href":"https:\/\/www.deberes.net\/tesis\/wp-json\/wp\/v2\/comments?post=23930"}],"version-history":[{"count":0,"href":"https:\/\/www.deberes.net\/tesis\/wp-json\/wp\/v2\/posts\/23930\/revisions"}],"wp:attachment":[{"href":"https:\/\/www.deberes.net\/tesis\/wp-json\/wp\/v2\/media?parent=23930"}],"wp:term":[{"taxonomy":"category","embeddable":true,"href":"https:\/\/www.deberes.net\/tesis\/wp-json\/wp\/v2\/categories?post=23930"},{"taxonomy":"post_tag","embeddable":true,"href":"https:\/\/www.deberes.net\/tesis\/wp-json\/wp\/v2\/tags?post=23930"}],"curies":[{"name":"wp","href":"https:\/\/api.w.org\/{rel}","templated":true}]}}