{"id":23932,"date":"2018-03-09T09:14:40","date_gmt":"2018-03-09T09:14:40","guid":{"rendered":"https:\/\/www.deberes.net\/tesis\/sin-categoria\/tratamiento-electroqua%c2%admico-de-aguas-residuales-fenolicas\/"},"modified":"2018-03-09T09:14:40","modified_gmt":"2018-03-09T09:14:40","slug":"tratamiento-electroqua%c2%admico-de-aguas-residuales-fenolicas","status":"publish","type":"post","link":"https:\/\/www.deberes.net\/tesis\/castilla-la-mancha\/tratamiento-electroqua%c2%admico-de-aguas-residuales-fenolicas\/","title":{"rendered":"Tratamiento electroqu\u00edmico de aguas residuales fen\u00f3licas"},"content":{"rendered":"<h2>Tesis doctoral de <strong> Jes\u00fas Garc\u00eda G\u00f3mez <\/strong><\/h2>\n<p>El objetivo general de este trabajo de investigaci\u00f3n es estudiar la viabilidad t\u00e9cnica y econ\u00f3mica del tratamiento electroqu\u00edmico de efluentes acusos industriales sint\u00e9ticos y profundizar en el conocimiento de la influencia del material an\u00f3dico sobre este proceso. Este objetivo general se ha desglosado en una serie de objetivos parciales:  * estudio de los mecanismos de oxidaci\u00f3n electroqu\u00edmica de aguas residuales fen\u00f3licas.  * comparaci\u00f3n del comportamiento de electrodos basados en recubrimientos de diamante dopado con boro (ddb) y electrodos de acero inoxidable (ai).  * estudio de la influencia de las condiciones de operaci\u00f3n sobre los procesos de oxidaci\u00f3n electroqu\u00edmica.  * modelizaci\u00f3n matem\u00e1tica del proceso electroqu\u00edmico.  * preevaluaci\u00f3n econ\u00f3mica de la tecnolog\u00eda, comparativa con las otras tecnolog\u00edas en uso.  para lograr los objetivos se han realizado estos tres tipos de estudios experimentales: estudios voltamperom\u00e9tricos, estudios de electrolisis galvanost\u00e1tica en planta escala semipiloto y estudios de caracterizaci\u00f3n f\u00edsico-qu\u00edmica de procesos de coagulaci\u00f3n.<\/p>\n<p>&nbsp;<\/p>\n<h3>Datos acad\u00e9micos de la tesis doctoral \u00ab<strong>Tratamiento electroqu\u00edmico de aguas residuales fen\u00f3licas<\/strong>\u00ab<\/h3>\n<ul>\n<li><strong>T\u00edtulo de la tesis:<\/strong>\u00a0 Tratamiento electroqu\u00edmico de aguas residuales fen\u00f3licas <\/li>\n<li><strong>Autor:<\/strong>\u00a0 Jes\u00fas Garc\u00eda G\u00f3mez <\/li>\n<li><strong>Universidad:<\/strong>\u00a0 Castilla-la mancha<\/li>\n<li><strong>Fecha de lectura de la tesis:<\/strong>\u00a0 25\/06\/2003<\/li>\n<\/ul>\n<p>&nbsp;<\/p>\n<h3>Direcci\u00f3n y tribunal<\/h3>\n<ul>\n<li><strong>Director de la tesis<\/strong>\n<ul>\n<li>Pablo Ca\u00f1izares Ca\u00f1izares<\/li>\n<\/ul>\n<\/li>\n<li><strong>Tribunal<\/strong>\n<ul>\n<li>Presidente del tribunal: Antonio De lucas Martinez <\/li>\n<li>gabriel Ovejero escudero (vocal)<\/li>\n<li>cristos Comninellis (vocal)<\/li>\n<li>sebastian Delgado diaz (vocal)<\/li>\n<\/ul>\n<\/li>\n<\/ul>\n<p>&nbsp;<\/p>\n","protected":false},"excerpt":{"rendered":"<p>Tesis doctoral de Jes\u00fas Garc\u00eda G\u00f3mez El objetivo general de este trabajo de investigaci\u00f3n es estudiar la viabilidad t\u00e9cnica y [&hellip;]<\/p>\n","protected":false},"author":1,"featured_media":0,"comment_status":"open","ping_status":"open","sticky":false,"template":"","format":"standard","meta":{"site-sidebar-layout":"default","site-content-layout":"","ast-site-content-layout":"","site-content-style":"default","site-sidebar-style":"default","ast-global-header-display":"","ast-banner-title-visibility":"","ast-main-header-display":"","ast-hfb-above-header-display":"","ast-hfb-below-header-display":"","ast-hfb-mobile-header-display":"","site-post-title":"","ast-breadcrumbs-content":"","ast-featured-img":"","footer-sml-layout":"","theme-transparent-header-meta":"","adv-header-id-meta":"","stick-header-meta":"","header-above-stick-meta":"","header-main-stick-meta":"","header-below-stick-meta":"","astra-migrate-meta-layouts":"default","ast-page-background-enabled":"default","ast-page-background-meta":{"desktop":{"background-color":"var(--ast-global-color-4)","background-image":"","background-repeat":"repeat","background-position":"center center","background-size":"auto","background-attachment":"scroll","background-type":"","background-media":"","overlay-type":"","overlay-color":"","overlay-gradient":""},"tablet":{"background-color":"","background-image":"","background-repeat":"repeat","background-position":"center center","background-size":"auto","background-attachment":"scroll","background-type":"","background-media":"","overlay-type":"","overlay-color":"","overlay-gradient":""},"mobile":{"background-color":"","background-image":"","background-repeat":"repeat","background-position":"center center","background-size":"auto","background-attachment":"scroll","background-type":"","background-media":"","overlay-type":"","overlay-color":"","overlay-gradient":""}},"ast-content-background-meta":{"desktop":{"background-color":"var(--ast-global-color-5)","background-image":"","background-repeat":"repeat","background-position":"center center","background-size":"auto","background-attachment":"scroll","background-type":"","background-media":"","overlay-type":"","overlay-color":"","overlay-gradient":""},"tablet":{"background-color":"var(--ast-global-color-5)","background-image":"","background-repeat":"repeat","background-position":"center center","background-size":"auto","background-attachment":"scroll","background-type":"","background-media":"","overlay-type":"","overlay-color":"","overlay-gradient":""},"mobile":{"background-color":"var(--ast-global-color-5)","background-image":"","background-repeat":"repeat","background-position":"center center","background-size":"auto","background-attachment":"scroll","background-type":"","background-media":"","overlay-type":"","overlay-color":"","overlay-gradient":""}},"footnotes":""},"categories":[18451],"tags":[2474,70657,5158,70656,5160,2668],"class_list":["post-23932","post","type-post","status-publish","format-standard","hentry","category-castilla-la-mancha","tag-antonio-de-lucas-Martinez","tag-cristos-comninellis","tag-gabriel-ovejero-escudero","tag-jesus-garcia-gomez","tag-pablo-canizares-canizares","tag-sebastian-delgado-diaz"],"_links":{"self":[{"href":"https:\/\/www.deberes.net\/tesis\/wp-json\/wp\/v2\/posts\/23932","targetHints":{"allow":["GET"]}}],"collection":[{"href":"https:\/\/www.deberes.net\/tesis\/wp-json\/wp\/v2\/posts"}],"about":[{"href":"https:\/\/www.deberes.net\/tesis\/wp-json\/wp\/v2\/types\/post"}],"author":[{"embeddable":true,"href":"https:\/\/www.deberes.net\/tesis\/wp-json\/wp\/v2\/users\/1"}],"replies":[{"embeddable":true,"href":"https:\/\/www.deberes.net\/tesis\/wp-json\/wp\/v2\/comments?post=23932"}],"version-history":[{"count":0,"href":"https:\/\/www.deberes.net\/tesis\/wp-json\/wp\/v2\/posts\/23932\/revisions"}],"wp:attachment":[{"href":"https:\/\/www.deberes.net\/tesis\/wp-json\/wp\/v2\/media?parent=23932"}],"wp:term":[{"taxonomy":"category","embeddable":true,"href":"https:\/\/www.deberes.net\/tesis\/wp-json\/wp\/v2\/categories?post=23932"},{"taxonomy":"post_tag","embeddable":true,"href":"https:\/\/www.deberes.net\/tesis\/wp-json\/wp\/v2\/tags?post=23932"}],"curies":[{"name":"wp","href":"https:\/\/api.w.org\/{rel}","templated":true}]}}