{"id":23936,"date":"2018-03-09T09:14:41","date_gmt":"2018-03-09T09:14:41","guid":{"rendered":"https:\/\/www.deberes.net\/tesis\/sin-categoria\/la-capacitat-representativa-dels-nens-petits-amb-sa%c2%adndrome-de-down-ana-lisi-de-casos-a-traves-del-joc\/"},"modified":"2018-03-09T09:14:41","modified_gmt":"2018-03-09T09:14:41","slug":"la-capacitat-representativa-dels-nens-petits-amb-sa%c2%adndrome-de-down-ana-lisi-de-casos-a-traves-del-joc","status":"publish","type":"post","link":"https:\/\/www.deberes.net\/tesis\/ramon-llull\/la-capacitat-representativa-dels-nens-petits-amb-sa%c2%adndrome-de-down-ana-lisi-de-casos-a-traves-del-joc\/","title":{"rendered":"La capacitat representativa dels nens petits amb s\u00edndrome de down: an\u00c1\u00a0lisi de casos a trav\u00e9s del joc."},"content":{"rendered":"<h2>Tesis doctoral de <strong> Roser Vendrell Ma\u00f1os <\/strong><\/h2>\n<p>El trabajo que presentamos tiene como objetivo conocer los procesos representativos de los ni\u00f1os con s\u00edndrome de down por considerar que son la base del desarrollo intelectual. Centramos el estudio en el per\u00edodo comprendido entre el final del per\u00edodo sensoriomotor de piaget y la entrada en el mundo escolar (2-4 a\u00f1os), y contemplamos eljuego como espacio de desarrollo natural y propio del ni\u00f1o. Metodol\u00f3gicamente el trabajo est\u00e1 planteado en base a estudios de casos. Los datos emp\u00edricos se han obtenido de las observaciones naturales realizadas a los ni\u00f1os en situaciones de juego espont\u00e1neo, con un material espec\u00edfico pero muy habitual en estas edades.  se ha realizado el seguimiento a dos ni\u00f1os con s\u00edndrome de down y a dos ni\u00f1os no down, durante un per\u00edodo de dos a\u00f1os, realizando ocho sesiones de observaci\u00f3n para cada uno de ellos. La conducta registrada y transcrita se ha codificado en un principio con el sistema de categor\u00edas, para pasar posteriormente a los formatos de campo, instrumento que ha permitido una mayor adecuaci\u00f3n a los objetivos del trabajo, ya que es un sistema abierto, flexible y que posibilita la interrelaci\u00f3n de diferentes variables en una misma unidad del an\u00e1lisis o configuraci\u00f3n. Los an\u00e1lisis realizados han proporcionado en primer lugar la obtenci\u00f3n de unos resultados descriptivos que han ofrecido datos generales del per\u00edodo de todos los ni\u00f1os, as\u00ed como tambi\u00e9n datos muy puntuales referidos a conductas espec\u00edficas que pueden asociarse a prendizajes muy concretos. Posteriormente el an\u00e1lisis secuencial, realizado \u00fanicamente con los ni\u00f1os con s\u00edndrome de down, ha ofrecido diferentes patrones de comportamiento que indican el tempus y la complejidad de la acci\u00f3n.  mayoritariamente se refleja con la interrelaci\u00f3n de las atribuciones de 3 objetos y con un m\u00ednimo de 2\/3 acciones encadenas. Finalmente, el an\u00e1lisis longitudinal nos ha permitido tener una visi\u00f3n m\u00e1s completa del per\u00edodo e<\/p>\n<p>&nbsp;<\/p>\n<h3>Datos acad\u00e9micos de la tesis doctoral \u00ab<strong>La capacitat representativa dels nens petits amb s\u00edndrome de down: an\u00c1\u00a0lisi de casos a trav\u00e9s del joc.<\/strong>\u00ab<\/h3>\n<ul>\n<li><strong>T\u00edtulo de la tesis:<\/strong>\u00a0 La capacitat representativa dels nens petits amb s\u00edndrome de down: an\u00c1\u00a0lisi de casos a trav\u00e9s del joc. <\/li>\n<li><strong>Autor:<\/strong>\u00a0 Roser Vendrell Ma\u00f1os <\/li>\n<li><strong>Universidad:<\/strong>\u00a0 Ram\u00f3n llull<\/li>\n<li><strong>Fecha de lectura de la tesis:<\/strong>\u00a0 25\/06\/2003<\/li>\n<\/ul>\n<p>&nbsp;<\/p>\n<h3>Direcci\u00f3n y tribunal<\/h3>\n<ul>\n<li><strong>Director de la tesis<\/strong>\n<ul>\n<li>Merce Pujol Berche<\/li>\n<\/ul>\n<\/li>\n<li><strong>Tribunal<\/strong>\n<ul>\n<li>Presidente del tribunal: josep Gallifa roca <\/li>\n<li>gerard Mart\u00ednez criado (vocal)<\/li>\n<li>cintia Rodr\u00edguez garrido (vocal)<\/li>\n<li>carrasumada Serrano pau (vocal)<\/li>\n<\/ul>\n<\/li>\n<\/ul>\n<p>&nbsp;<\/p>\n","protected":false},"excerpt":{"rendered":"<p>Tesis doctoral de Roser Vendrell Ma\u00f1os El trabajo que presentamos tiene como objetivo conocer los procesos representativos de los ni\u00f1os [&hellip;]<\/p>\n","protected":false},"author":1,"featured_media":0,"comment_status":"open","ping_status":"open","sticky":false,"template":"","format":"standard","meta":{"site-sidebar-layout":"default","site-content-layout":"","ast-site-content-layout":"","site-content-style":"default","site-sidebar-style":"default","ast-global-header-display":"","ast-banner-title-visibility":"","ast-main-header-display":"","ast-hfb-above-header-display":"","ast-hfb-below-header-display":"","ast-hfb-mobile-header-display":"","site-post-title":"","ast-breadcrumbs-content":"","ast-featured-img":"","footer-sml-layout":"","theme-transparent-header-meta":"","adv-header-id-meta":"","stick-header-meta":"","header-above-stick-meta":"","header-main-stick-meta":"","header-below-stick-meta":"","astra-migrate-meta-layouts":"default","ast-page-background-enabled":"default","ast-page-background-meta":{"desktop":{"background-color":"var(--ast-global-color-4)","background-image":"","background-repeat":"repeat","background-position":"center center","background-size":"auto","background-attachment":"scroll","background-type":"","background-media":"","overlay-type":"","overlay-color":"","overlay-gradient":""},"tablet":{"background-color":"","background-image":"","background-repeat":"repeat","background-position":"center center","background-size":"auto","background-attachment":"scroll","background-type":"","background-media":"","overlay-type":"","overlay-color":"","overlay-gradient":""},"mobile":{"background-color":"","background-image":"","background-repeat":"repeat","background-position":"center center","background-size":"auto","background-attachment":"scroll","background-type":"","background-media":"","overlay-type":"","overlay-color":"","overlay-gradient":""}},"ast-content-background-meta":{"desktop":{"background-color":"var(--ast-global-color-5)","background-image":"","background-repeat":"repeat","background-position":"center center","background-size":"auto","background-attachment":"scroll","background-type":"","background-media":"","overlay-type":"","overlay-color":"","overlay-gradient":""},"tablet":{"background-color":"var(--ast-global-color-5)","background-image":"","background-repeat":"repeat","background-position":"center center","background-size":"auto","background-attachment":"scroll","background-type":"","background-media":"","overlay-type":"","overlay-color":"","overlay-gradient":""},"mobile":{"background-color":"var(--ast-global-color-5)","background-image":"","background-repeat":"repeat","background-position":"center center","background-size":"auto","background-attachment":"scroll","background-type":"","background-media":"","overlay-type":"","overlay-color":"","overlay-gradient":""}},"footnotes":""},"categories":[32959],"tags":[45401,70667,33838,43466,70666,70665],"class_list":["post-23936","post","type-post","status-publish","format-standard","hentry","category-ramon-llull","tag-carrasumada-serrano-pau","tag-cintia-rodriguez-garrido","tag-gerard-Martinez-criado","tag-josep-gallifa-roca","tag-merce-pujol-berche","tag-roser-vendrell-manos"],"_links":{"self":[{"href":"https:\/\/www.deberes.net\/tesis\/wp-json\/wp\/v2\/posts\/23936","targetHints":{"allow":["GET"]}}],"collection":[{"href":"https:\/\/www.deberes.net\/tesis\/wp-json\/wp\/v2\/posts"}],"about":[{"href":"https:\/\/www.deberes.net\/tesis\/wp-json\/wp\/v2\/types\/post"}],"author":[{"embeddable":true,"href":"https:\/\/www.deberes.net\/tesis\/wp-json\/wp\/v2\/users\/1"}],"replies":[{"embeddable":true,"href":"https:\/\/www.deberes.net\/tesis\/wp-json\/wp\/v2\/comments?post=23936"}],"version-history":[{"count":0,"href":"https:\/\/www.deberes.net\/tesis\/wp-json\/wp\/v2\/posts\/23936\/revisions"}],"wp:attachment":[{"href":"https:\/\/www.deberes.net\/tesis\/wp-json\/wp\/v2\/media?parent=23936"}],"wp:term":[{"taxonomy":"category","embeddable":true,"href":"https:\/\/www.deberes.net\/tesis\/wp-json\/wp\/v2\/categories?post=23936"},{"taxonomy":"post_tag","embeddable":true,"href":"https:\/\/www.deberes.net\/tesis\/wp-json\/wp\/v2\/tags?post=23936"}],"curies":[{"name":"wp","href":"https:\/\/api.w.org\/{rel}","templated":true}]}}