{"id":23942,"date":"2018-03-09T09:14:42","date_gmt":"2018-03-09T09:14:42","guid":{"rendered":"https:\/\/www.deberes.net\/tesis\/sin-categoria\/analisis-y-valoracion-del-corredor-popular-veterano-en-la-provincia-de-cadiz\/"},"modified":"2018-03-09T09:14:42","modified_gmt":"2018-03-09T09:14:42","slug":"analisis-y-valoracion-del-corredor-popular-veterano-en-la-provincia-de-cadiz","status":"publish","type":"post","link":"https:\/\/www.deberes.net\/tesis\/biologia-humana\/analisis-y-valoracion-del-corredor-popular-veterano-en-la-provincia-de-cadiz\/","title":{"rendered":"An\u00e1lisis y valoraci\u00f3n del corredor popular veterano en la provincia de c\u00e1diz"},"content":{"rendered":"<h2>Tesis doctoral de <strong> Enrique Artajo Hernando <\/strong><\/h2>\n<p>La transformaci\u00f3n del trabajo y la urbanizaci\u00f3n de nuestra sociedad ocurrida el siglo pasado, trajo adem\u00e1s de una modificaci\u00f3n en los estilos de vida, una importante disminuci\u00f3n de la actividad f\u00edsica. Todo ello ha venido afectando a la salud de los ciudadanos con un aumento en la morbimortalidad de determinadas patolog\u00edas.  dentro de las estrategias sociopol\u00edticas utilizadas para contrarrestar este desequilibrio, est\u00e1 la de fomentar la realizaci\u00f3n de alguna actividad f\u00edsica en el tiempo de ocio, dado que hoy, m\u00e1s que nunca, se puede asegurar que su pr\u00e1ctica regular, como h\u00e1bito saludable en niveles apropiados, bien enfocada y planificada, a lo largo de toda la vida, desde la infancia a la vejez, es una s\u00f3lida alternativa en la mejora de la calidad de vida del individuo y en la promoci\u00f3n de su salud f\u00edsica y mental.  por la facilidad de elecci\u00f3n y la relativa simplicidad de su t\u00e9cnica base, el correr se ha convertido en la actividad f\u00edsica m\u00e1s difundida. Pasado un tiempo de pr\u00e1ctica, nace el corredor popular, qui\u00e9n alejado de la \u00e9lite deportiva, dedica adem\u00e1s de su tiempo libre, sus ilusiones en entrenar y competir con el \u00fanico objetivo de mejorarse as\u00ed mismo. De acuerdo con las categor\u00edas de competici\u00f3n establecidas por la real federaci\u00f3n espa\u00f1ola de atletismo (rfea), los atletas, en la categor\u00eda masculina, son \u00abveteranos\u00bb desde el d\u00eda que cumplen 40 a\u00f1os.  al consultar la bibliograf\u00eda no encontramos referencias sobre trabajos realizados en los corredores populares veteranos en andaluc\u00eda. Es por ello que en est\u00e1 tesis pretendemos: analizar y definir esta poblaci\u00f3n en la provincia de c\u00e1diz, identificando sus variables personales y m\u00e9dico-deportivas m\u00e1s destacadas y contrastar si esta actividad les aporta beneficios saludables.  en la realizaci\u00f3n utilizamos un estudio observacional y transversal. Antes de empezar, fijamos claramente los criterios de inclusi\u00f3n (var\u00f3n de 40 \u00f3 m\u00e1s a\u00f1os, reside<\/p>\n<p>&nbsp;<\/p>\n<h3>Datos acad\u00e9micos de la tesis doctoral \u00ab<strong>An\u00e1lisis y valoraci\u00f3n del corredor popular veterano en la provincia de c\u00e1diz<\/strong>\u00ab<\/h3>\n<ul>\n<li><strong>T\u00edtulo de la tesis:<\/strong>\u00a0 An\u00e1lisis y valoraci\u00f3n del corredor popular veterano en la provincia de c\u00e1diz <\/li>\n<li><strong>Autor:<\/strong>\u00a0 Enrique Artajo Hernando <\/li>\n<li><strong>Universidad:<\/strong>\u00a0 C\u00e1diz<\/li>\n<li><strong>Fecha de lectura de la tesis:<\/strong>\u00a0 26\/06\/2003<\/li>\n<\/ul>\n<p>&nbsp;<\/p>\n<h3>Direcci\u00f3n y tribunal<\/h3>\n<ul>\n<li><strong>Director de la tesis<\/strong>\n<ul>\n<li>Antonio Ribelles Garc\u00eda<\/li>\n<\/ul>\n<\/li>\n<li><strong>Tribunal<\/strong>\n<ul>\n<li>Presidente del tribunal: Juan  Antonio Copano abad <\/li>\n<li> An\u00eda lafuente basilio Javier (vocal)<\/li>\n<li>Manuel Rosety plaza (vocal)<\/li>\n<li>silverio Cabrera s\u00e1nchez (vocal)<\/li>\n<\/ul>\n<\/li>\n<\/ul>\n<p>&nbsp;<\/p>\n","protected":false},"excerpt":{"rendered":"<p>Tesis doctoral de Enrique Artajo Hernando La transformaci\u00f3n del trabajo y la urbanizaci\u00f3n de nuestra sociedad ocurrida el siglo pasado, [&hellip;]<\/p>\n","protected":false},"author":1,"featured_media":0,"comment_status":"open","ping_status":"open","sticky":false,"template":"","format":"standard","meta":{"site-sidebar-layout":"default","site-content-layout":"","ast-site-content-layout":"","site-content-style":"default","site-sidebar-style":"default","ast-global-header-display":"","ast-banner-title-visibility":"","ast-main-header-display":"","ast-hfb-above-header-display":"","ast-hfb-below-header-display":"","ast-hfb-mobile-header-display":"","site-post-title":"","ast-breadcrumbs-content":"","ast-featured-img":"","footer-sml-layout":"","theme-transparent-header-meta":"","adv-header-id-meta":"","stick-header-meta":"","header-above-stick-meta":"","header-main-stick-meta":"","header-below-stick-meta":"","astra-migrate-meta-layouts":"default","ast-page-background-enabled":"default","ast-page-background-meta":{"desktop":{"background-color":"var(--ast-global-color-4)","background-image":"","background-repeat":"repeat","background-position":"center center","background-size":"auto","background-attachment":"scroll","background-type":"","background-media":"","overlay-type":"","overlay-color":"","overlay-gradient":""},"tablet":{"background-color":"","background-image":"","background-repeat":"repeat","background-position":"center center","background-size":"auto","background-attachment":"scroll","background-type":"","background-media":"","overlay-type":"","overlay-color":"","overlay-gradient":""},"mobile":{"background-color":"","background-image":"","background-repeat":"repeat","background-position":"center center","background-size":"auto","background-attachment":"scroll","background-type":"","background-media":"","overlay-type":"","overlay-color":"","overlay-gradient":""}},"ast-content-background-meta":{"desktop":{"background-color":"var(--ast-global-color-5)","background-image":"","background-repeat":"repeat","background-position":"center center","background-size":"auto","background-attachment":"scroll","background-type":"","background-media":"","overlay-type":"","overlay-color":"","overlay-gradient":""},"tablet":{"background-color":"var(--ast-global-color-5)","background-image":"","background-repeat":"repeat","background-position":"center center","background-size":"auto","background-attachment":"scroll","background-type":"","background-media":"","overlay-type":"","overlay-color":"","overlay-gradient":""},"mobile":{"background-color":"var(--ast-global-color-5)","background-image":"","background-repeat":"repeat","background-position":"center center","background-size":"auto","background-attachment":"scroll","background-type":"","background-media":"","overlay-type":"","overlay-color":"","overlay-gradient":""}},"footnotes":""},"categories":[867,212,1506,3664,817],"tags":[70679,20700,70678,1521,1553,65189],"class_list":["post-23942","post","type-post","status-publish","format-standard","hentry","category-anatomia-humana","category-biologia-humana","category-cadiz","category-fisiologia-del-ejercicio","category-fisiologia-humana","tag-ania-lafuente-basilio-javier","tag-antonio-ribelles-garcia","tag-enrique-artajo-hernando","tag-juan-antonio-copano-abad","tag-manuel-rosety-plaza","tag-silverio-cabrera-sanchez"],"_links":{"self":[{"href":"https:\/\/www.deberes.net\/tesis\/wp-json\/wp\/v2\/posts\/23942","targetHints":{"allow":["GET"]}}],"collection":[{"href":"https:\/\/www.deberes.net\/tesis\/wp-json\/wp\/v2\/posts"}],"about":[{"href":"https:\/\/www.deberes.net\/tesis\/wp-json\/wp\/v2\/types\/post"}],"author":[{"embeddable":true,"href":"https:\/\/www.deberes.net\/tesis\/wp-json\/wp\/v2\/users\/1"}],"replies":[{"embeddable":true,"href":"https:\/\/www.deberes.net\/tesis\/wp-json\/wp\/v2\/comments?post=23942"}],"version-history":[{"count":0,"href":"https:\/\/www.deberes.net\/tesis\/wp-json\/wp\/v2\/posts\/23942\/revisions"}],"wp:attachment":[{"href":"https:\/\/www.deberes.net\/tesis\/wp-json\/wp\/v2\/media?parent=23942"}],"wp:term":[{"taxonomy":"category","embeddable":true,"href":"https:\/\/www.deberes.net\/tesis\/wp-json\/wp\/v2\/categories?post=23942"},{"taxonomy":"post_tag","embeddable":true,"href":"https:\/\/www.deberes.net\/tesis\/wp-json\/wp\/v2\/tags?post=23942"}],"curies":[{"name":"wp","href":"https:\/\/api.w.org\/{rel}","templated":true}]}}