{"id":23959,"date":"2018-03-09T09:14:42","date_gmt":"2018-03-09T09:14:42","guid":{"rendered":"https:\/\/www.deberes.net\/tesis\/sin-categoria\/la-identidad-del-educador-referentes-de-identidad-constitutivos-de-la-profesion-educativa\/"},"modified":"2018-03-09T09:14:42","modified_gmt":"2018-03-09T09:14:42","slug":"la-identidad-del-educador-referentes-de-identidad-constitutivos-de-la-profesion-educativa","status":"publish","type":"post","link":"https:\/\/www.deberes.net\/tesis\/murcia\/la-identidad-del-educador-referentes-de-identidad-constitutivos-de-la-profesion-educativa\/","title":{"rendered":"La identidad del educador. referentes de identidad constitutivos de la profesi\u00f3n educativa"},"content":{"rendered":"<h2>Tesis doctoral de <strong> Jos\u00e9 Penalva <\/strong><\/h2>\n<p>Este trabajo es de filosof\u00eda de la educaci\u00f3n, y expone los \u00abn\u00facleos fundamentales\u00bb o \u00abejes de sentido\u00bb que constituyen la identidad del ecuador. M\u00e1s all\u00e1 del actual ocultamiento de identidad de la profesi\u00f3n educativa que acaece en las \u00abciencias de la educaci\u00f3n\u00bb, a causa de la reducci\u00f3n de la educaci\u00f3n a psicolog\u00eda, econom\u00eda o pol\u00edtica, el objetivo es desvelar los fines de la educaci\u00f3n y reconstruir la identidad del educador. Parte del principio hermen\u00e9utico de la \u00abhistoricidad del pensamiento educativo\u00bb, y busca en las \u00abfuentes\u00bb mismas de la educaci\u00f3n, tomando como punto de referencia algunos de los grandes pensadores de la educaci\u00f3n (plat\u00f3n, plutarco, clemente de alejandr\u00eda, agust\u00edn de hipona, luis vives, montaigne, locke, rousseau y giner de los r\u00edos). Interpreta a los autores en su \u00abhorizonte de sentido originario\u00bb, que es el contexto de la educaci\u00f3n, confrontando las conclusiones con el actual sistema educativo de educaci\u00f3n secundaria de espa\u00f1a, mostrando algunas l\u00edneas para la reconstrucci\u00f3n. La tesis se divide en cuatro partes, articulando en cada una de ellas los cuatro \u00abn\u00facleos fundamentales\u00bb de la identidad educativa: primero, la funci\u00f3n del educador en el proceso de ense\u00f1anza (problema de la relaci\u00f3n entre profesor y alumno); segundo, el ideal de hombre a transmitir; tercero, la profesionalidad del educador; y, cuarto, educador y sociedad (la funci\u00f3n p\u00fablica del educador).<\/p>\n<p>&nbsp;<\/p>\n<h3>Datos acad\u00e9micos de la tesis doctoral \u00ab<strong>La identidad del educador. referentes de identidad constitutivos de la profesi\u00f3n educativa<\/strong>\u00ab<\/h3>\n<ul>\n<li><strong>T\u00edtulo de la tesis:<\/strong>\u00a0 La identidad del educador. referentes de identidad constitutivos de la profesi\u00f3n educativa <\/li>\n<li><strong>Autor:<\/strong>\u00a0 Jos\u00e9 Penalva <\/li>\n<li><strong>Universidad:<\/strong>\u00a0 Murcia<\/li>\n<li><strong>Fecha de lectura de la tesis:<\/strong>\u00a0 26\/06\/2003<\/li>\n<\/ul>\n<p>&nbsp;<\/p>\n<h3>Direcci\u00f3n y tribunal<\/h3>\n<ul>\n<li><strong>Director de la tesis<\/strong>\n<ul>\n<li>Pedro Ortega Riuz<\/li>\n<\/ul>\n<\/li>\n<li><strong>Tribunal<\/strong>\n<ul>\n<li>Presidente del tribunal: alfonso Capitan diaz <\/li>\n<li>Luis N\u00fa\u00f1ez cubero (vocal)<\/li>\n<li>lu\u00eds \u00e1lvarez munarriz (vocal)<\/li>\n<li>julio Vera vila (vocal)<\/li>\n<\/ul>\n<\/li>\n<\/ul>\n<p>&nbsp;<\/p>\n","protected":false},"excerpt":{"rendered":"<p>Tesis doctoral de Jos\u00e9 Penalva Este trabajo es de filosof\u00eda de la educaci\u00f3n, y expone los \u00abn\u00facleos fundamentales\u00bb o \u00abejes [&hellip;]<\/p>\n","protected":false},"author":1,"featured_media":0,"comment_status":"open","ping_status":"open","sticky":false,"template":"","format":"standard","meta":{"site-sidebar-layout":"default","site-content-layout":"","ast-site-content-layout":"","site-content-style":"default","site-sidebar-style":"default","ast-global-header-display":"","ast-banner-title-visibility":"","ast-main-header-display":"","ast-hfb-above-header-display":"","ast-hfb-below-header-display":"","ast-hfb-mobile-header-display":"","site-post-title":"","ast-breadcrumbs-content":"","ast-featured-img":"","footer-sml-layout":"","theme-transparent-header-meta":"","adv-header-id-meta":"","stick-header-meta":"","header-above-stick-meta":"","header-main-stick-meta":"","header-below-stick-meta":"","astra-migrate-meta-layouts":"default","ast-page-background-enabled":"default","ast-page-background-meta":{"desktop":{"background-color":"var(--ast-global-color-4)","background-image":"","background-repeat":"repeat","background-position":"center center","background-size":"auto","background-attachment":"scroll","background-type":"","background-media":"","overlay-type":"","overlay-color":"","overlay-gradient":""},"tablet":{"background-color":"","background-image":"","background-repeat":"repeat","background-position":"center center","background-size":"auto","background-attachment":"scroll","background-type":"","background-media":"","overlay-type":"","overlay-color":"","overlay-gradient":""},"mobile":{"background-color":"","background-image":"","background-repeat":"repeat","background-position":"center center","background-size":"auto","background-attachment":"scroll","background-type":"","background-media":"","overlay-type":"","overlay-color":"","overlay-gradient":""}},"ast-content-background-meta":{"desktop":{"background-color":"var(--ast-global-color-5)","background-image":"","background-repeat":"repeat","background-position":"center center","background-size":"auto","background-attachment":"scroll","background-type":"","background-media":"","overlay-type":"","overlay-color":"","overlay-gradient":""},"tablet":{"background-color":"var(--ast-global-color-5)","background-image":"","background-repeat":"repeat","background-position":"center center","background-size":"auto","background-attachment":"scroll","background-type":"","background-media":"","overlay-type":"","overlay-color":"","overlay-gradient":""},"mobile":{"background-color":"var(--ast-global-color-5)","background-image":"","background-repeat":"repeat","background-position":"center center","background-size":"auto","background-attachment":"scroll","background-type":"","background-media":"","overlay-type":"","overlay-color":"","overlay-gradient":""}},"footnotes":""},"categories":[8235],"tags":[5820,70711,70713,8653,11066,70712],"class_list":["post-23959","post","type-post","status-publish","format-standard","hentry","category-murcia","tag-alfonso-capitan-diaz","tag-jose-penalva","tag-julio-vera-vila","tag-luis-alvarez-munarriz","tag-luis-nunez-cubero","tag-pedro-ortega-riuz"],"_links":{"self":[{"href":"https:\/\/www.deberes.net\/tesis\/wp-json\/wp\/v2\/posts\/23959","targetHints":{"allow":["GET"]}}],"collection":[{"href":"https:\/\/www.deberes.net\/tesis\/wp-json\/wp\/v2\/posts"}],"about":[{"href":"https:\/\/www.deberes.net\/tesis\/wp-json\/wp\/v2\/types\/post"}],"author":[{"embeddable":true,"href":"https:\/\/www.deberes.net\/tesis\/wp-json\/wp\/v2\/users\/1"}],"replies":[{"embeddable":true,"href":"https:\/\/www.deberes.net\/tesis\/wp-json\/wp\/v2\/comments?post=23959"}],"version-history":[{"count":0,"href":"https:\/\/www.deberes.net\/tesis\/wp-json\/wp\/v2\/posts\/23959\/revisions"}],"wp:attachment":[{"href":"https:\/\/www.deberes.net\/tesis\/wp-json\/wp\/v2\/media?parent=23959"}],"wp:term":[{"taxonomy":"category","embeddable":true,"href":"https:\/\/www.deberes.net\/tesis\/wp-json\/wp\/v2\/categories?post=23959"},{"taxonomy":"post_tag","embeddable":true,"href":"https:\/\/www.deberes.net\/tesis\/wp-json\/wp\/v2\/tags?post=23959"}],"curies":[{"name":"wp","href":"https:\/\/api.w.org\/{rel}","templated":true}]}}