{"id":23990,"date":"2018-03-09T09:14:46","date_gmt":"2018-03-09T09:14:46","guid":{"rendered":"https:\/\/www.deberes.net\/tesis\/sin-categoria\/la-imagen-de-espana-en-los-libros-de-los-viajeros-alemanes-del-s-xviii\/"},"modified":"2018-03-09T09:14:46","modified_gmt":"2018-03-09T09:14:46","slug":"la-imagen-de-espana-en-los-libros-de-los-viajeros-alemanes-del-s-xviii","status":"publish","type":"post","link":"https:\/\/www.deberes.net\/tesis\/nacional-de-educacion-a-distancia\/la-imagen-de-espana-en-los-libros-de-los-viajeros-alemanes-del-s-xviii\/","title":{"rendered":"La imagen de espa\u00f1a en los libros de los viajeros alemanes del s. xviii"},"content":{"rendered":"<h2>Tesis doctoral de <strong> Hiltrud Friederich-stegmann <\/strong><\/h2>\n<p>Poco se conoce en espa\u00f1a de los alemanes que la visitaron a lo largo del siglo xviii. La causa de esta ignorancia la vemos principalmente en la barrera del idioma. Por lo tanto, la traducci\u00f3n de una amplia muestra de textos seleccionados era uno de nuestros principales objetivos. Aunque espa\u00f1a no formaba parte del grand tour, hab\u00eda motivos para venir, como la misi\u00f3n diplom\u00e1tica, los intereses religiosos, la misi\u00f3n militar, los intereses comerciales, la curiosidad, m\u00e1s algunos otros. De ellos trata la primera parte de nuestra tesis, titulada la mirada de varios.  hemos elegido a un representante de cada grupo con un tema seleccionado por orden cronol\u00f3gico de su estancia: al jesuita johann wolfgang bayer con algunas escenas andaluzas, al pastor protestante carl christoph pl\u00ed\u00bcer, miembro de la embajada danesa, con sus estancias en aranjuez, al curiosos joseph hager con su \u00abhimno\u00bb a la ilustraci\u00f3n espa\u00f1ola, al comerciante leopold ant\u00f3n kaufhold con sus elogios de los hospitales de Madrid y al cirujano-barbero johann friedrich kessler con sus comentarios sobre el ej\u00e9rcito espa\u00f1ol.  la segunda parte de la tesis, titulada \u00abla mirada de uno\u00bb, est\u00e1 dedicada a un viajero s\u00f3lo, a christian august fischer, de cuyo libro reise von \u00e1msterdam ubre Madrid und c\u00e1diz nach genua in den ren 1797 und 1978 hemos traducido la parte sobre espa\u00f1a. De este autor, por su especial car\u00e1cter, facilitamos una serie de detalles y explicamos a fondo la importancia y difusi\u00f3n de su imagen de espa\u00f1a.<\/p>\n<p>&nbsp;<\/p>\n<h3>Datos acad\u00e9micos de la tesis doctoral \u00ab<strong>La imagen de espa\u00f1a en los libros de los viajeros alemanes del s. xviii<\/strong>\u00ab<\/h3>\n<ul>\n<li><strong>T\u00edtulo de la tesis:<\/strong>\u00a0 La imagen de espa\u00f1a en los libros de los viajeros alemanes del s. xviii <\/li>\n<li><strong>Autor:<\/strong>\u00a0 Hiltrud Friederich-stegmann <\/li>\n<li><strong>Universidad:<\/strong>\u00a0 Nacional de educaci\u00f3n a distancia<\/li>\n<li><strong>Fecha de lectura de la tesis:<\/strong>\u00a0 26\/06\/2003<\/li>\n<\/ul>\n<p>&nbsp;<\/p>\n<h3>Direcci\u00f3n y tribunal<\/h3>\n<ul>\n<li><strong>Director de la tesis<\/strong>\n<ul>\n<li>Carlos Martinez Shaw<\/li>\n<\/ul>\n<\/li>\n<li><strong>Tribunal<\/strong>\n<ul>\n<li>Presidente del tribunal: roberto Fernandez diaz <\/li>\n<li> Guerrero latorre Ana clara (vocal)<\/li>\n<li>pedro Garc\u00eda mart\u00edn (vocal)<\/li>\n<li> S\u00e1nchez bel\u00e9n Juan  Antonio (vocal)<\/li>\n<\/ul>\n<\/li>\n<\/ul>\n<p>&nbsp;<\/p>\n","protected":false},"excerpt":{"rendered":"<p>Tesis doctoral de Hiltrud Friederich-stegmann Poco se conoce en espa\u00f1a de los alemanes que la visitaron a lo largo del [&hellip;]<\/p>\n","protected":false},"author":1,"featured_media":0,"comment_status":"open","ping_status":"open","sticky":false,"template":"","format":"standard","meta":{"site-sidebar-layout":"default","site-content-layout":"","ast-site-content-layout":"","site-content-style":"default","site-sidebar-style":"default","ast-global-header-display":"","ast-banner-title-visibility":"","ast-main-header-display":"","ast-hfb-above-header-display":"","ast-hfb-below-header-display":"","ast-hfb-mobile-header-display":"","site-post-title":"","ast-breadcrumbs-content":"","ast-featured-img":"","footer-sml-layout":"","theme-transparent-header-meta":"","adv-header-id-meta":"","stick-header-meta":"","header-above-stick-meta":"","header-main-stick-meta":"","header-below-stick-meta":"","astra-migrate-meta-layouts":"default","ast-page-background-enabled":"default","ast-page-background-meta":{"desktop":{"background-color":"var(--ast-global-color-4)","background-image":"","background-repeat":"repeat","background-position":"center center","background-size":"auto","background-attachment":"scroll","background-type":"","background-media":"","overlay-type":"","overlay-color":"","overlay-gradient":""},"tablet":{"background-color":"","background-image":"","background-repeat":"repeat","background-position":"center center","background-size":"auto","background-attachment":"scroll","background-type":"","background-media":"","overlay-type":"","overlay-color":"","overlay-gradient":""},"mobile":{"background-color":"","background-image":"","background-repeat":"repeat","background-position":"center center","background-size":"auto","background-attachment":"scroll","background-type":"","background-media":"","overlay-type":"","overlay-color":"","overlay-gradient":""}},"ast-content-background-meta":{"desktop":{"background-color":"var(--ast-global-color-5)","background-image":"","background-repeat":"repeat","background-position":"center center","background-size":"auto","background-attachment":"scroll","background-type":"","background-media":"","overlay-type":"","overlay-color":"","overlay-gradient":""},"tablet":{"background-color":"var(--ast-global-color-5)","background-image":"","background-repeat":"repeat","background-position":"center center","background-size":"auto","background-attachment":"scroll","background-type":"","background-media":"","overlay-type":"","overlay-color":"","overlay-gradient":""},"mobile":{"background-color":"var(--ast-global-color-5)","background-image":"","background-repeat":"repeat","background-position":"center center","background-size":"auto","background-attachment":"scroll","background-type":"","background-media":"","overlay-type":"","overlay-color":"","overlay-gradient":""}},"footnotes":""},"categories":[17070],"tags":[1356,70790,70789,33482,12528,31623],"class_list":["post-23990","post","type-post","status-publish","format-standard","hentry","category-nacional-de-educacion-a-distancia","tag-carlos-Martinez-shaw","tag-guerrero-latorre-ana-clara","tag-hiltrud-friederich-stegmann","tag-pedro-garcia-martin","tag-roberto-fernandez-diaz","tag-sanchez-belen-juan-antonio"],"_links":{"self":[{"href":"https:\/\/www.deberes.net\/tesis\/wp-json\/wp\/v2\/posts\/23990","targetHints":{"allow":["GET"]}}],"collection":[{"href":"https:\/\/www.deberes.net\/tesis\/wp-json\/wp\/v2\/posts"}],"about":[{"href":"https:\/\/www.deberes.net\/tesis\/wp-json\/wp\/v2\/types\/post"}],"author":[{"embeddable":true,"href":"https:\/\/www.deberes.net\/tesis\/wp-json\/wp\/v2\/users\/1"}],"replies":[{"embeddable":true,"href":"https:\/\/www.deberes.net\/tesis\/wp-json\/wp\/v2\/comments?post=23990"}],"version-history":[{"count":0,"href":"https:\/\/www.deberes.net\/tesis\/wp-json\/wp\/v2\/posts\/23990\/revisions"}],"wp:attachment":[{"href":"https:\/\/www.deberes.net\/tesis\/wp-json\/wp\/v2\/media?parent=23990"}],"wp:term":[{"taxonomy":"category","embeddable":true,"href":"https:\/\/www.deberes.net\/tesis\/wp-json\/wp\/v2\/categories?post=23990"},{"taxonomy":"post_tag","embeddable":true,"href":"https:\/\/www.deberes.net\/tesis\/wp-json\/wp\/v2\/tags?post=23990"}],"curies":[{"name":"wp","href":"https:\/\/api.w.org\/{rel}","templated":true}]}}