{"id":24083,"date":"2018-03-09T09:14:53","date_gmt":"2018-03-09T09:14:53","guid":{"rendered":"https:\/\/www.deberes.net\/tesis\/sin-categoria\/tabaquismo-en-estudiantes-universitarios-estudio-descriptivo\/"},"modified":"2018-03-09T09:14:53","modified_gmt":"2018-03-09T09:14:53","slug":"tabaquismo-en-estudiantes-universitarios-estudio-descriptivo","status":"publish","type":"post","link":"https:\/\/www.deberes.net\/tesis\/palmas-de-gran-canaria\/tabaquismo-en-estudiantes-universitarios-estudio-descriptivo\/","title":{"rendered":"Tabaquismo en estudiantes universitarios: estudio descriptivo"},"content":{"rendered":"<h2>Tesis doctoral de <strong> Elsa Rodr\u00edguez Tadeo <\/strong><\/h2>\n<p>El presente estudio ha sido realizado en el marco de la l\u00ednea de investigaci\u00f3n sobre tabaquismo en estudiantes universitarios de la universidad de las palmas. Hasta el momento los trabajadores de investigaci\u00f3n que se hab\u00edan llevado a cabo, en esta l\u00ednea, pertenec\u00edan a los universitairos del \u00e1rea de salud. Ante la falta de datos acerca del resto dela poblaci\u00f3n universitaria decidimos plantearnos este estudio.  el objetivo principal de este estudio es evaluar la preValencia de tabaquismo en los estudiantes de la universidad de las palmas y realizar un an\u00e1lisis descriptivo de esta poblaci\u00f3n respecto al h\u00e1bito tab\u00e1quico. Para ello se pas\u00f3 un cuestionario de autocumplimientaci\u00f3n dividido en dos partes, en 34 centros, llev\u00e1ndose a cabo en todos los cursos de 3\u00aa de todas las licenciaturas y diplomaturas. El total de nuestra muestra ha sido de 1838 alumnos, de un total de 2225 alumnos matriculados.  de los resultados obtenidos, hemos concluido:  * la preValencia de consumo de tabaco entre nuestros estudiantes es m\u00e1s baja que la de otras universidades espa\u00f1olas y tambi\u00e9n m\u00e1s baja que la de la poblaci\u00f3n general.  * los estudiantes de la universidad de las palmas est\u00e1n de acuerdo en que se proh\u00edba el consumo de tabaco en los recintos universitarios.  * los estudiantes de ciencias de la salud, son los que muestran una menor preValencia de consumo y son los que apoyan mayoritariamente las medidas de restricci\u00f3n al tabaquismo.<\/p>\n<p>&nbsp;<\/p>\n<h3>Datos acad\u00e9micos de la tesis doctoral \u00ab<strong>Tabaquismo en estudiantes universitarios: estudio descriptivo<\/strong>\u00ab<\/h3>\n<ul>\n<li><strong>T\u00edtulo de la tesis:<\/strong>\u00a0 Tabaquismo en estudiantes universitarios: estudio descriptivo <\/li>\n<li><strong>Autor:<\/strong>\u00a0 Elsa Rodr\u00edguez Tadeo <\/li>\n<li><strong>Universidad:<\/strong>\u00a0 Palmas de gran canaria<\/li>\n<li><strong>Fecha de lectura de la tesis:<\/strong>\u00a0 27\/06\/2003<\/li>\n<\/ul>\n<p>&nbsp;<\/p>\n<h3>Direcci\u00f3n y tribunal<\/h3>\n<ul>\n<li><strong>Director de la tesis<\/strong>\n<ul>\n<li> Calvo Fern\u00e1ndez Jos\u00e9 Ram\u00f3n<\/li>\n<\/ul>\n<\/li>\n<li><strong>Tribunal<\/strong>\n<ul>\n<li>Presidente del tribunal: Juan Del rey calero <\/li>\n<li> Gonz\u00e1lez de la fe Mar\u00eda teresa (vocal)<\/li>\n<li>Manuel Sosa henr\u00edquez (vocal)<\/li>\n<li>Francisco Abella pons (vocal)<\/li>\n<\/ul>\n<\/li>\n<\/ul>\n<p>&nbsp;<\/p>\n","protected":false},"excerpt":{"rendered":"<p>Tesis doctoral de Elsa Rodr\u00edguez Tadeo El presente estudio ha sido realizado en el marco de la l\u00ednea de investigaci\u00f3n [&hellip;]<\/p>\n","protected":false},"author":1,"featured_media":0,"comment_status":"open","ping_status":"open","sticky":false,"template":"","format":"standard","meta":{"site-sidebar-layout":"default","site-content-layout":"","ast-site-content-layout":"","site-content-style":"default","site-sidebar-style":"default","ast-global-header-display":"","ast-banner-title-visibility":"","ast-main-header-display":"","ast-hfb-above-header-display":"","ast-hfb-below-header-display":"","ast-hfb-mobile-header-display":"","site-post-title":"","ast-breadcrumbs-content":"","ast-featured-img":"","footer-sml-layout":"","theme-transparent-header-meta":"","adv-header-id-meta":"","stick-header-meta":"","header-above-stick-meta":"","header-main-stick-meta":"","header-below-stick-meta":"","astra-migrate-meta-layouts":"default","ast-page-background-enabled":"default","ast-page-background-meta":{"desktop":{"background-color":"var(--ast-global-color-4)","background-image":"","background-repeat":"repeat","background-position":"center center","background-size":"auto","background-attachment":"scroll","background-type":"","background-media":"","overlay-type":"","overlay-color":"","overlay-gradient":""},"tablet":{"background-color":"","background-image":"","background-repeat":"repeat","background-position":"center center","background-size":"auto","background-attachment":"scroll","background-type":"","background-media":"","overlay-type":"","overlay-color":"","overlay-gradient":""},"mobile":{"background-color":"","background-image":"","background-repeat":"repeat","background-position":"center center","background-size":"auto","background-attachment":"scroll","background-type":"","background-media":"","overlay-type":"","overlay-color":"","overlay-gradient":""}},"ast-content-background-meta":{"desktop":{"background-color":"var(--ast-global-color-5)","background-image":"","background-repeat":"repeat","background-position":"center center","background-size":"auto","background-attachment":"scroll","background-type":"","background-media":"","overlay-type":"","overlay-color":"","overlay-gradient":""},"tablet":{"background-color":"var(--ast-global-color-5)","background-image":"","background-repeat":"repeat","background-position":"center center","background-size":"auto","background-attachment":"scroll","background-type":"","background-media":"","overlay-type":"","overlay-color":"","overlay-gradient":""},"mobile":{"background-color":"var(--ast-global-color-5)","background-image":"","background-repeat":"repeat","background-position":"center center","background-size":"auto","background-attachment":"scroll","background-type":"","background-media":"","overlay-type":"","overlay-color":"","overlay-gradient":""}},"footnotes":""},"categories":[16629],"tags":[38854,71003,71005,71004,942,16668],"class_list":["post-24083","post","type-post","status-publish","format-standard","hentry","category-palmas-de-gran-canaria","tag-calvo-fernandez-jose-ramon","tag-elsa-rodriguez-tadeo","tag-francisco-abella-pons","tag-gonzalez-de-la-fe-maria-teresa","tag-juan-del-rey-calero","tag-manuel-sosa-henriquez"],"_links":{"self":[{"href":"https:\/\/www.deberes.net\/tesis\/wp-json\/wp\/v2\/posts\/24083","targetHints":{"allow":["GET"]}}],"collection":[{"href":"https:\/\/www.deberes.net\/tesis\/wp-json\/wp\/v2\/posts"}],"about":[{"href":"https:\/\/www.deberes.net\/tesis\/wp-json\/wp\/v2\/types\/post"}],"author":[{"embeddable":true,"href":"https:\/\/www.deberes.net\/tesis\/wp-json\/wp\/v2\/users\/1"}],"replies":[{"embeddable":true,"href":"https:\/\/www.deberes.net\/tesis\/wp-json\/wp\/v2\/comments?post=24083"}],"version-history":[{"count":0,"href":"https:\/\/www.deberes.net\/tesis\/wp-json\/wp\/v2\/posts\/24083\/revisions"}],"wp:attachment":[{"href":"https:\/\/www.deberes.net\/tesis\/wp-json\/wp\/v2\/media?parent=24083"}],"wp:term":[{"taxonomy":"category","embeddable":true,"href":"https:\/\/www.deberes.net\/tesis\/wp-json\/wp\/v2\/categories?post=24083"},{"taxonomy":"post_tag","embeddable":true,"href":"https:\/\/www.deberes.net\/tesis\/wp-json\/wp\/v2\/tags?post=24083"}],"curies":[{"name":"wp","href":"https:\/\/api.w.org\/{rel}","templated":true}]}}