{"id":24103,"date":"2018-03-09T09:14:54","date_gmt":"2018-03-09T09:14:54","guid":{"rendered":"https:\/\/www.deberes.net\/tesis\/sin-categoria\/el-pensamiento-pedagogico-de-john-dewey-y-su-influencia-en-la-pedagoga%c2%ada-contemporanea\/"},"modified":"2018-03-09T09:14:54","modified_gmt":"2018-03-09T09:14:54","slug":"el-pensamiento-pedagogico-de-john-dewey-y-su-influencia-en-la-pedagoga%c2%ada-contemporanea","status":"publish","type":"post","link":"https:\/\/www.deberes.net\/tesis\/jaen\/el-pensamiento-pedagogico-de-john-dewey-y-su-influencia-en-la-pedagoga%c2%ada-contemporanea\/","title":{"rendered":"El pensamiento pedag\u00f3gico de john dewey y su influencia en la pedagogia contempor\u00e1nea"},"content":{"rendered":"<h2>Tesis doctoral de <strong> Francisco Garc\u00eda Jim\u00e9nez <\/strong><\/h2>\n<p>John dewey: datos biogr\u00e1ficos y descripci\u00f3n del ambiente sociocultural americano en la segunda mitad del siglo xix.  ideas pedag\u00f3gicas-filos\u00f3ficas de esta \u00e9poca y sus posibles influencias en el pensamiento de john dewey.  el pensamiento pedag\u00f3gico de j.D., Con las siguientes ideas fundamentales:  a,- las ciencias de la educaci\u00f3n.  b,- sus teor\u00edas educativas.  c,- la \u00abexperiencia\u00bb en el concepto educativo de j.D.  d,- la sociolog\u00eda pedag\u00f3gica.  e,- pragmatismo e instrumentalismo en su pedagog\u00eda.  f,- los fines educativos para j.D.  evoluci\u00f3n hist\u00f3rica en la interpretaci\u00f3n del pensamiento pedag\u00f3gico de j.D.  influencia de sus ideas educativas en la pedagog\u00eda de su \u00e9poca y en la posterior.<\/p>\n<p>&nbsp;<\/p>\n<h3>Datos acad\u00e9micos de la tesis doctoral \u00ab<strong>El pensamiento pedag\u00f3gico de john dewey y su influencia en la pedagogia contempor\u00e1nea<\/strong>\u00ab<\/h3>\n<ul>\n<li><strong>T\u00edtulo de la tesis:<\/strong>\u00a0 El pensamiento pedag\u00f3gico de john dewey y su influencia en la pedagogia contempor\u00e1nea <\/li>\n<li><strong>Autor:<\/strong>\u00a0 Francisco Garc\u00eda Jim\u00e9nez <\/li>\n<li><strong>Universidad:<\/strong>\u00a0 Ja\u00e9n<\/li>\n<li><strong>Fecha de lectura de la tesis:<\/strong>\u00a0 27\/06\/2003<\/li>\n<\/ul>\n<p>&nbsp;<\/p>\n<h3>Direcci\u00f3n y tribunal<\/h3>\n<ul>\n<li><strong>Director de la tesis<\/strong>\n<ul>\n<li>Antonio Ca\u00f1as Calles<\/li>\n<\/ul>\n<\/li>\n<li><strong>Tribunal<\/strong>\n<ul>\n<li>Presidente del tribunal: mill\u00e1n Arroyo sim\u00f3n <\/li>\n<li> Montoya s\u00e1enz josefa magdalena (vocal)<\/li>\n<li> Del moral vico Andr\u00e9s (vocal)<\/li>\n<li> Ur\u00eda rodr\u00edguez Mar\u00eda esther (vocal)<\/li>\n<\/ul>\n<\/li>\n<\/ul>\n<p>&nbsp;<\/p>\n","protected":false},"excerpt":{"rendered":"<p>Tesis doctoral de Francisco Garc\u00eda Jim\u00e9nez John dewey: datos biogr\u00e1ficos y descripci\u00f3n del ambiente sociocultural americano en la segunda mitad [&hellip;]<\/p>\n","protected":false},"author":1,"featured_media":0,"comment_status":"open","ping_status":"open","sticky":false,"template":"","format":"standard","meta":{"site-sidebar-layout":"default","site-content-layout":"","ast-site-content-layout":"","site-content-style":"default","site-sidebar-style":"default","ast-global-header-display":"","ast-banner-title-visibility":"","ast-main-header-display":"","ast-hfb-above-header-display":"","ast-hfb-below-header-display":"","ast-hfb-mobile-header-display":"","site-post-title":"","ast-breadcrumbs-content":"","ast-featured-img":"","footer-sml-layout":"","theme-transparent-header-meta":"","adv-header-id-meta":"","stick-header-meta":"","header-above-stick-meta":"","header-main-stick-meta":"","header-below-stick-meta":"","astra-migrate-meta-layouts":"default","ast-page-background-enabled":"default","ast-page-background-meta":{"desktop":{"background-color":"var(--ast-global-color-4)","background-image":"","background-repeat":"repeat","background-position":"center center","background-size":"auto","background-attachment":"scroll","background-type":"","background-media":"","overlay-type":"","overlay-color":"","overlay-gradient":""},"tablet":{"background-color":"","background-image":"","background-repeat":"repeat","background-position":"center center","background-size":"auto","background-attachment":"scroll","background-type":"","background-media":"","overlay-type":"","overlay-color":"","overlay-gradient":""},"mobile":{"background-color":"","background-image":"","background-repeat":"repeat","background-position":"center center","background-size":"auto","background-attachment":"scroll","background-type":"","background-media":"","overlay-type":"","overlay-color":"","overlay-gradient":""}},"ast-content-background-meta":{"desktop":{"background-color":"var(--ast-global-color-5)","background-image":"","background-repeat":"repeat","background-position":"center center","background-size":"auto","background-attachment":"scroll","background-type":"","background-media":"","overlay-type":"","overlay-color":"","overlay-gradient":""},"tablet":{"background-color":"var(--ast-global-color-5)","background-image":"","background-repeat":"repeat","background-position":"center center","background-size":"auto","background-attachment":"scroll","background-type":"","background-media":"","overlay-type":"","overlay-color":"","overlay-gradient":""},"mobile":{"background-color":"var(--ast-global-color-5)","background-image":"","background-repeat":"repeat","background-position":"center center","background-size":"auto","background-attachment":"scroll","background-type":"","background-media":"","overlay-type":"","overlay-color":"","overlay-gradient":""}},"footnotes":""},"categories":[18923],"tags":[32832,31604,71046,6225,60903,71047],"class_list":["post-24103","post","type-post","status-publish","format-standard","hentry","category-jaen","tag-antonio-canas-calles","tag-del-moral-vico-andres","tag-francisco-garcia-jimenez","tag-millan-arroyo-simon","tag-montoya-saenz-josefa-magdalena","tag-uria-rodriguez-maria-esther"],"_links":{"self":[{"href":"https:\/\/www.deberes.net\/tesis\/wp-json\/wp\/v2\/posts\/24103","targetHints":{"allow":["GET"]}}],"collection":[{"href":"https:\/\/www.deberes.net\/tesis\/wp-json\/wp\/v2\/posts"}],"about":[{"href":"https:\/\/www.deberes.net\/tesis\/wp-json\/wp\/v2\/types\/post"}],"author":[{"embeddable":true,"href":"https:\/\/www.deberes.net\/tesis\/wp-json\/wp\/v2\/users\/1"}],"replies":[{"embeddable":true,"href":"https:\/\/www.deberes.net\/tesis\/wp-json\/wp\/v2\/comments?post=24103"}],"version-history":[{"count":0,"href":"https:\/\/www.deberes.net\/tesis\/wp-json\/wp\/v2\/posts\/24103\/revisions"}],"wp:attachment":[{"href":"https:\/\/www.deberes.net\/tesis\/wp-json\/wp\/v2\/media?parent=24103"}],"wp:term":[{"taxonomy":"category","embeddable":true,"href":"https:\/\/www.deberes.net\/tesis\/wp-json\/wp\/v2\/categories?post=24103"},{"taxonomy":"post_tag","embeddable":true,"href":"https:\/\/www.deberes.net\/tesis\/wp-json\/wp\/v2\/tags?post=24103"}],"curies":[{"name":"wp","href":"https:\/\/api.w.org\/{rel}","templated":true}]}}