{"id":24126,"date":"2018-03-09T09:14:56","date_gmt":"2018-03-09T09:14:56","guid":{"rendered":"https:\/\/www.deberes.net\/tesis\/sin-categoria\/la-aparceria-agra%c2%adcola-en-el-derecho-brasileno\/"},"modified":"2018-03-09T09:14:56","modified_gmt":"2018-03-09T09:14:56","slug":"la-aparceria-agra%c2%adcola-en-el-derecho-brasileno","status":"publish","type":"post","link":"https:\/\/www.deberes.net\/tesis\/leon\/la-aparceria-agra%c2%adcola-en-el-derecho-brasileno\/","title":{"rendered":"La aparcer\u00eda agr\u00edcola en el derecho brasile\u00f1o"},"content":{"rendered":"<h2>Tesis doctoral de <strong>  Duarte Machado Joao Sidnei <\/strong><\/h2>\n<p>El trabajo tiene por objeto el contrato de aparcer\u00eda agr\u00edcola, modalidad en la cual, en t\u00e9rminos generales, el propietario o poseedor cede a otro una porci\u00f3n de tierra, para que la explote, reparti\u00e9ndose entre ambos los frutos logrados a trav\u00e9s de la actividad agraria elegida por las partes.  el contrato parciario es objeto de estudio desde sus or\u00edgenes, en el derecho romano, siendo analizada la naturaleza jur\u00eddica del contrato, los principios generales que rigen la contrataci\u00f3n y su aplicaci\u00f3n espec\u00edfica a los negocios parciarios.  la aparcer\u00eda agr\u00edcola es estudiada en todos sus aspectos, analiz\u00e1ndose los derechos y deberes que corresponden a los contratantes y sus consecuencias en la pr\u00e1ctica contractual, abarcando desde la formaci\u00f3n del v\u00ednculo hasta su extinci\u00f3n, siempre con atenci\u00f3n a la lectura de casos concretos elaborada por la jurisprudencia.  en s\u00edntesis, el estudio hunde sus pilares en la funci\u00f3n social de la propiedad, en la cl\u00e1usula general de la funci\u00f3n social del contrato y en la irrenunciabilidad de derechos y ventajas por parte de los aparceros, simpre teniendo en consideraci\u00f3n el car\u00e1cter imperativo de la normativa agraria.<\/p>\n<p>&nbsp;<\/p>\n<h3>Datos acad\u00e9micos de la tesis doctoral \u00ab<strong>La aparcer\u00eda agr\u00edcola en el derecho brasile\u00f1o<\/strong>\u00ab<\/h3>\n<ul>\n<li><strong>T\u00edtulo de la tesis:<\/strong>\u00a0 La aparcer\u00eda agr\u00edcola en el derecho brasile\u00f1o <\/li>\n<li><strong>Autor:<\/strong>\u00a0  Duarte Machado Joao Sidnei <\/li>\n<li><strong>Universidad:<\/strong>\u00a0 Le\u00f3n<\/li>\n<li><strong>Fecha de lectura de la tesis:<\/strong>\u00a0 30\/06\/2003<\/li>\n<\/ul>\n<p>&nbsp;<\/p>\n<h3>Direcci\u00f3n y tribunal<\/h3>\n<ul>\n<li><strong>Director de la tesis<\/strong>\n<ul>\n<li>Jes\u00fas Miguel Lobato G\u00f3mez<\/li>\n<\/ul>\n<\/li>\n<li><strong>Tribunal<\/strong>\n<ul>\n<li>Presidente del tribunal: tomas Quintana lopez <\/li>\n<li>Jos\u00e9 Mar\u00eda julio De la cuesta saenz (vocal)<\/li>\n<li>Carlos Vattier fuenzalida (vocal)<\/li>\n<li>angel S\u00e1nchez hern\u00e1ndez (vocal)<\/li>\n<\/ul>\n<\/li>\n<\/ul>\n<p>&nbsp;<\/p>\n","protected":false},"excerpt":{"rendered":"<p>Tesis doctoral de Duarte Machado Joao Sidnei El trabajo tiene por objeto el contrato de aparcer\u00eda agr\u00edcola, modalidad en la [&hellip;]<\/p>\n","protected":false},"author":1,"featured_media":0,"comment_status":"open","ping_status":"open","sticky":false,"template":"","format":"standard","meta":{"site-sidebar-layout":"default","site-content-layout":"","ast-site-content-layout":"","site-content-style":"default","site-sidebar-style":"default","ast-global-header-display":"","ast-banner-title-visibility":"","ast-main-header-display":"","ast-hfb-above-header-display":"","ast-hfb-below-header-display":"","ast-hfb-mobile-header-display":"","site-post-title":"","ast-breadcrumbs-content":"","ast-featured-img":"","footer-sml-layout":"","theme-transparent-header-meta":"","adv-header-id-meta":"","stick-header-meta":"","header-above-stick-meta":"","header-main-stick-meta":"","header-below-stick-meta":"","astra-migrate-meta-layouts":"default","ast-page-background-enabled":"default","ast-page-background-meta":{"desktop":{"background-color":"var(--ast-global-color-4)","background-image":"","background-repeat":"repeat","background-position":"center center","background-size":"auto","background-attachment":"scroll","background-type":"","background-media":"","overlay-type":"","overlay-color":"","overlay-gradient":""},"tablet":{"background-color":"","background-image":"","background-repeat":"repeat","background-position":"center center","background-size":"auto","background-attachment":"scroll","background-type":"","background-media":"","overlay-type":"","overlay-color":"","overlay-gradient":""},"mobile":{"background-color":"","background-image":"","background-repeat":"repeat","background-position":"center center","background-size":"auto","background-attachment":"scroll","background-type":"","background-media":"","overlay-type":"","overlay-color":"","overlay-gradient":""}},"ast-content-background-meta":{"desktop":{"background-color":"var(--ast-global-color-5)","background-image":"","background-repeat":"repeat","background-position":"center center","background-size":"auto","background-attachment":"scroll","background-type":"","background-media":"","overlay-type":"","overlay-color":"","overlay-gradient":""},"tablet":{"background-color":"var(--ast-global-color-5)","background-image":"","background-repeat":"repeat","background-position":"center center","background-size":"auto","background-attachment":"scroll","background-type":"","background-media":"","overlay-type":"","overlay-color":"","overlay-gradient":""},"mobile":{"background-color":"var(--ast-global-color-5)","background-image":"","background-repeat":"repeat","background-position":"center center","background-size":"auto","background-attachment":"scroll","background-type":"","background-media":"","overlay-type":"","overlay-color":"","overlay-gradient":""}},"footnotes":""},"categories":[4430],"tags":[48420,1257,71104,46500,46501,61158],"class_list":["post-24126","post","type-post","status-publish","format-standard","hentry","category-leon","tag-angel-sanchez-hernandez","tag-carlos-vattier-fuenzalida","tag-duarte-machado-joao-sidnei","tag-jesus-miguel-lobato-gomez","tag-jose-maria-julio-de-la-cuesta-saenz","tag-tomas-quintana-lopez"],"_links":{"self":[{"href":"https:\/\/www.deberes.net\/tesis\/wp-json\/wp\/v2\/posts\/24126","targetHints":{"allow":["GET"]}}],"collection":[{"href":"https:\/\/www.deberes.net\/tesis\/wp-json\/wp\/v2\/posts"}],"about":[{"href":"https:\/\/www.deberes.net\/tesis\/wp-json\/wp\/v2\/types\/post"}],"author":[{"embeddable":true,"href":"https:\/\/www.deberes.net\/tesis\/wp-json\/wp\/v2\/users\/1"}],"replies":[{"embeddable":true,"href":"https:\/\/www.deberes.net\/tesis\/wp-json\/wp\/v2\/comments?post=24126"}],"version-history":[{"count":0,"href":"https:\/\/www.deberes.net\/tesis\/wp-json\/wp\/v2\/posts\/24126\/revisions"}],"wp:attachment":[{"href":"https:\/\/www.deberes.net\/tesis\/wp-json\/wp\/v2\/media?parent=24126"}],"wp:term":[{"taxonomy":"category","embeddable":true,"href":"https:\/\/www.deberes.net\/tesis\/wp-json\/wp\/v2\/categories?post=24126"},{"taxonomy":"post_tag","embeddable":true,"href":"https:\/\/www.deberes.net\/tesis\/wp-json\/wp\/v2\/tags?post=24126"}],"curies":[{"name":"wp","href":"https:\/\/api.w.org\/{rel}","templated":true}]}}