{"id":24129,"date":"2018-03-09T09:14:57","date_gmt":"2018-03-09T09:14:57","guid":{"rendered":"https:\/\/www.deberes.net\/tesis\/sin-categoria\/la-necesaria-reforma-de-la-prision-provisional\/"},"modified":"2018-03-09T09:14:57","modified_gmt":"2018-03-09T09:14:57","slug":"la-necesaria-reforma-de-la-prision-provisional","status":"publish","type":"post","link":"https:\/\/www.deberes.net\/tesis\/sin-categoria\/la-necesaria-reforma-de-la-prision-provisional\/","title":{"rendered":"La necesaria reforma de la prisi\u00f3n provisional"},"content":{"rendered":"<h2>Tesis doctoral de <strong> Eduardo De Urbano Castrillo <\/strong><\/h2>\n<p>Enmarcada en el \u00e1mbito del control de los derechos y libertades fundamentales, el objeto de la presente tesis es la situaci\u00f3n personal del imputado durante el proceso penal.  y m\u00e1s concretamente, la necesidad de que se proceda a la reforma de la medida cautelar de la \u00abprisi\u00f3n provisional\u00bb, en tanto se considera que su regulaci\u00f3n actual adolece de graves defectos y no responde a las modernas exigencias del proceso de nuestro tiempo.  a tal fin, y tras abordar una serie de cuestiones generales, realizar un breve un estudio de la doctrina cient\u00edfica en la materia, y de su regulaci\u00f3n en derecho comparado, se ha procedido a un examen ordenado y sistem\u00e1tico, de la jurisprudencia del tribunal de derechos humanos y del tribunal constitucional espa\u00f1ol, tras lo cual se ha procedido a presentar algunas sugerencias para dicha reforma, que se exponen en dieciocho conclusiones, que resumen la tesis que se mantiene: la prisi\u00f3n provisional es una medida cautelar, excepcional, con entronque constitucional, que debe regularse con mayor precisi\u00f3n y que debe incluirse en una normativa que contemple cuestiones como procedimiento de adopci\u00f3n, idemnizaci\u00f3n por error, alternativas, etc.<\/p>\n<p>&nbsp;<\/p>\n<h3>Datos acad\u00e9micos de la tesis doctoral \u00ab<strong>La necesaria reforma de la prisi\u00f3n provisional<\/strong>\u00ab<\/h3>\n<ul>\n<li><strong>T\u00edtulo de la tesis:<\/strong>\u00a0 La necesaria reforma de la prisi\u00f3n provisional <\/li>\n<li><strong>Autor:<\/strong>\u00a0 Eduardo De Urbano Castrillo <\/li>\n<li><strong>Universidad:<\/strong>\u00a0 Complutense de Madrid<\/li>\n<li><strong>Fecha de lectura de la tesis:<\/strong>\u00a0 30\/06\/2003<\/li>\n<\/ul>\n<p>&nbsp;<\/p>\n<h3>Direcci\u00f3n y tribunal<\/h3>\n<ul>\n<li><strong>Director de la tesis<\/strong>\n<ul>\n<li>Andr\u00e9s De La Oliva Santos<\/li>\n<\/ul>\n<\/li>\n<li><strong>Tribunal<\/strong>\n<ul>\n<li>Presidente del tribunal: ignacio D\u00edez-picazo gim\u00e9nez <\/li>\n<li>Mar\u00eda Marcos gonz\u00e1lez lecuona (vocal)<\/li>\n<li>Luis Rom\u00e1n puerta (vocal)<\/li>\n<li>Jaime Vegas torres (vocal)<\/li>\n<\/ul>\n<\/li>\n<\/ul>\n<p>&nbsp;<\/p>\n","protected":false},"excerpt":{"rendered":"<p>Tesis doctoral de Eduardo De Urbano Castrillo Enmarcada en el \u00e1mbito del control de los derechos y libertades fundamentales, el [&hellip;]<\/p>\n","protected":false},"author":1,"featured_media":0,"comment_status":"open","ping_status":"open","sticky":false,"template":"","format":"standard","meta":{"site-sidebar-layout":"default","site-content-layout":"","ast-site-content-layout":"","site-content-style":"default","site-sidebar-style":"default","ast-global-header-display":"","ast-banner-title-visibility":"","ast-main-header-display":"","ast-hfb-above-header-display":"","ast-hfb-below-header-display":"","ast-hfb-mobile-header-display":"","site-post-title":"","ast-breadcrumbs-content":"","ast-featured-img":"","footer-sml-layout":"","theme-transparent-header-meta":"","adv-header-id-meta":"","stick-header-meta":"","header-above-stick-meta":"","header-main-stick-meta":"","header-below-stick-meta":"","astra-migrate-meta-layouts":"default","ast-page-background-enabled":"default","ast-page-background-meta":{"desktop":{"background-color":"var(--ast-global-color-4)","background-image":"","background-repeat":"repeat","background-position":"center center","background-size":"auto","background-attachment":"scroll","background-type":"","background-media":"","overlay-type":"","overlay-color":"","overlay-gradient":""},"tablet":{"background-color":"","background-image":"","background-repeat":"repeat","background-position":"center center","background-size":"auto","background-attachment":"scroll","background-type":"","background-media":"","overlay-type":"","overlay-color":"","overlay-gradient":""},"mobile":{"background-color":"","background-image":"","background-repeat":"repeat","background-position":"center center","background-size":"auto","background-attachment":"scroll","background-type":"","background-media":"","overlay-type":"","overlay-color":"","overlay-gradient":""}},"ast-content-background-meta":{"desktop":{"background-color":"var(--ast-global-color-5)","background-image":"","background-repeat":"repeat","background-position":"center center","background-size":"auto","background-attachment":"scroll","background-type":"","background-media":"","overlay-type":"","overlay-color":"","overlay-gradient":""},"tablet":{"background-color":"var(--ast-global-color-5)","background-image":"","background-repeat":"repeat","background-position":"center center","background-size":"auto","background-attachment":"scroll","background-type":"","background-media":"","overlay-type":"","overlay-color":"","overlay-gradient":""},"mobile":{"background-color":"var(--ast-global-color-5)","background-image":"","background-repeat":"repeat","background-position":"center center","background-size":"auto","background-attachment":"scroll","background-type":"","background-media":"","overlay-type":"","overlay-color":"","overlay-gradient":""}},"footnotes":""},"categories":[1],"tags":[3626,71110,33475,38791,71111,63745],"class_list":["post-24129","post","type-post","status-publish","format-standard","hentry","category-sin-categoria","tag-andres-de-la-oliva-santos","tag-eduardo-de-urbano-castrillo","tag-ignacio-diez-picazo-gimenez","tag-jaime-vegas-torres","tag-luis-roman-puerta","tag-maria-marcos-gonzalez-lecuona"],"_links":{"self":[{"href":"https:\/\/www.deberes.net\/tesis\/wp-json\/wp\/v2\/posts\/24129","targetHints":{"allow":["GET"]}}],"collection":[{"href":"https:\/\/www.deberes.net\/tesis\/wp-json\/wp\/v2\/posts"}],"about":[{"href":"https:\/\/www.deberes.net\/tesis\/wp-json\/wp\/v2\/types\/post"}],"author":[{"embeddable":true,"href":"https:\/\/www.deberes.net\/tesis\/wp-json\/wp\/v2\/users\/1"}],"replies":[{"embeddable":true,"href":"https:\/\/www.deberes.net\/tesis\/wp-json\/wp\/v2\/comments?post=24129"}],"version-history":[{"count":0,"href":"https:\/\/www.deberes.net\/tesis\/wp-json\/wp\/v2\/posts\/24129\/revisions"}],"wp:attachment":[{"href":"https:\/\/www.deberes.net\/tesis\/wp-json\/wp\/v2\/media?parent=24129"}],"wp:term":[{"taxonomy":"category","embeddable":true,"href":"https:\/\/www.deberes.net\/tesis\/wp-json\/wp\/v2\/categories?post=24129"},{"taxonomy":"post_tag","embeddable":true,"href":"https:\/\/www.deberes.net\/tesis\/wp-json\/wp\/v2\/tags?post=24129"}],"curies":[{"name":"wp","href":"https:\/\/api.w.org\/{rel}","templated":true}]}}