{"id":24151,"date":"2018-03-09T09:14:58","date_gmt":"2018-03-09T09:14:58","guid":{"rendered":"https:\/\/www.deberes.net\/tesis\/sin-categoria\/estudio-de-la-eficacia-de-un-programa-de-biofeedback-en-el-tratamiento-de-la-incontinencia-anal\/"},"modified":"2018-03-09T09:14:58","modified_gmt":"2018-03-09T09:14:58","slug":"estudio-de-la-eficacia-de-un-programa-de-biofeedback-en-el-tratamiento-de-la-incontinencia-anal","status":"publish","type":"post","link":"https:\/\/www.deberes.net\/tesis\/sin-categoria\/estudio-de-la-eficacia-de-un-programa-de-biofeedback-en-el-tratamiento-de-la-incontinencia-anal\/","title":{"rendered":"Estudio de la eficacia de un programa de biofeedback en el tratamiento de la incontinencia anal"},"content":{"rendered":"<h2>Tesis doctoral de <strong>  Mart\u00ednez Puente M. Carmen <\/strong><\/h2>\n<p>La incontinencia anal es un serio problema m\u00e9dico, social y psicol\u00f3gico para el paciente que la sufre. La incontinencia anal es relativamente frecuente, afecta a todos los grupos de edad y en especial a la poblaci\u00f3n anciana. el biofeedback ha surgido como una t\u00e9cnica reciente para el tratamiento de los pacientes con incontinencia anal. Los objetivos del presente trabajo han sido evaluar la eficacia del biofeedback en el tratamiento de la incontinencia anal en un grupo de pacientes seleccionados, identificar la influencia de las diversas variables en los resultados del tratamiento y evaluar los resultados del tratamiento a largo plazo.  en el trabajo se analizan los efectos de 692 sesiones de biofeedback aplicados a 65 pacientes con incontinencia anal. El tratamiento con biofeedback fue realizado usando un aparato de manometr\u00eda anorrectal y el protocolo de tratamiento fue individualizado para cada paciente. La eficacia del biofeedback fue medida usando escalas cl\u00ednicas (escalas de pescatori y wexner), grado de satisfacci\u00f3n subjetiva del paciente y par\u00e1metros manom\u00e9tricos (m\u00e1xima presi\u00f3n de reposo, m\u00e1xima contracci\u00f3n voluntaria, n\u00famero de segundos de contracci\u00f3n voluntaria y el umbral de sensaci\u00f3n rectal). Se evaluaron los resultados a largo plazo mediante llamada telef\u00f3nica.  los resultados obtenidos en el trabajo permiten concluir que el biofeedback es eficaz en el tratamiento de la incontinencia anal. El biofeedback mejora tanto los par\u00e1metros subjetivos (puntuaci\u00f3n en las escalas cl\u00ednicas y grado de satisfacci\u00f3n subjetiva del paciente) como los par\u00e1metros objetivos (datos de la manometr\u00eda anorrectal). Los cambios en los par\u00e1metros manom\u00e9tricos fueron todos estad\u00edsticamente significativos; pero los cambios de mayor magnitud han sido la disminuci\u00f3n en el umbral de sensaci\u00f3n rectal y el aumento en la duraci\u00f3n de la contracci\u00f3n voluntaria. Los pacientes que respondieron al tratamiento ten\u00edan mayor edad, menor<\/p>\n<p>&nbsp;<\/p>\n<h3>Datos acad\u00e9micos de la tesis doctoral \u00ab<strong>Estudio de la eficacia de un programa de biofeedback en el tratamiento de la incontinencia anal<\/strong>\u00ab<\/h3>\n<ul>\n<li><strong>T\u00edtulo de la tesis:<\/strong>\u00a0 Estudio de la eficacia de un programa de biofeedback en el tratamiento de la incontinencia anal <\/li>\n<li><strong>Autor:<\/strong>\u00a0  Mart\u00ednez Puente M. Carmen <\/li>\n<li><strong>Universidad:<\/strong>\u00a0 Aut\u00f3noma de Madrid<\/li>\n<li><strong>Fecha de lectura de la tesis:<\/strong>\u00a0 30\/06\/2003<\/li>\n<\/ul>\n<p>&nbsp;<\/p>\n<h3>Direcci\u00f3n y tribunal<\/h3>\n<ul>\n<li><strong>Director de la tesis<\/strong>\n<ul>\n<li>Damian Garc\u00eda Olmo<\/li>\n<\/ul>\n<\/li>\n<li><strong>Tribunal<\/strong>\n<ul>\n<li>Presidente del tribunal: Jos\u00e9 Antonio Rodr\u00edguez montes <\/li>\n<li>Manuel Lomas espada (vocal)<\/li>\n<li>pedro Guillen Garc\u00eda (vocal)<\/li>\n<li> Olmo fern\u00e1ndez Juan  Antonio (vocal)<\/li>\n<\/ul>\n<\/li>\n<\/ul>\n<p>&nbsp;<\/p>\n","protected":false},"excerpt":{"rendered":"<p>Tesis doctoral de Mart\u00ednez Puente M. Carmen La incontinencia anal es un serio problema m\u00e9dico, social y psicol\u00f3gico para el [&hellip;]<\/p>\n","protected":false},"author":1,"featured_media":0,"comment_status":"open","ping_status":"open","sticky":false,"template":"","format":"standard","meta":{"site-sidebar-layout":"default","site-content-layout":"","ast-site-content-layout":"","site-content-style":"default","site-sidebar-style":"default","ast-global-header-display":"","ast-banner-title-visibility":"","ast-main-header-display":"","ast-hfb-above-header-display":"","ast-hfb-below-header-display":"","ast-hfb-mobile-header-display":"","site-post-title":"","ast-breadcrumbs-content":"","ast-featured-img":"","footer-sml-layout":"","theme-transparent-header-meta":"","adv-header-id-meta":"","stick-header-meta":"","header-above-stick-meta":"","header-main-stick-meta":"","header-below-stick-meta":"","astra-migrate-meta-layouts":"default","ast-page-background-enabled":"default","ast-page-background-meta":{"desktop":{"background-color":"var(--ast-global-color-4)","background-image":"","background-repeat":"repeat","background-position":"center center","background-size":"auto","background-attachment":"scroll","background-type":"","background-media":"","overlay-type":"","overlay-color":"","overlay-gradient":""},"tablet":{"background-color":"","background-image":"","background-repeat":"repeat","background-position":"center center","background-size":"auto","background-attachment":"scroll","background-type":"","background-media":"","overlay-type":"","overlay-color":"","overlay-gradient":""},"mobile":{"background-color":"","background-image":"","background-repeat":"repeat","background-position":"center center","background-size":"auto","background-attachment":"scroll","background-type":"","background-media":"","overlay-type":"","overlay-color":"","overlay-gradient":""}},"ast-content-background-meta":{"desktop":{"background-color":"var(--ast-global-color-5)","background-image":"","background-repeat":"repeat","background-position":"center center","background-size":"auto","background-attachment":"scroll","background-type":"","background-media":"","overlay-type":"","overlay-color":"","overlay-gradient":""},"tablet":{"background-color":"var(--ast-global-color-5)","background-image":"","background-repeat":"repeat","background-position":"center center","background-size":"auto","background-attachment":"scroll","background-type":"","background-media":"","overlay-type":"","overlay-color":"","overlay-gradient":""},"mobile":{"background-color":"var(--ast-global-color-5)","background-image":"","background-repeat":"repeat","background-position":"center center","background-size":"auto","background-attachment":"scroll","background-type":"","background-media":"","overlay-type":"","overlay-color":"","overlay-gradient":""}},"footnotes":""},"categories":[1],"tags":[19295,3775,71159,71158,71160,2389],"class_list":["post-24151","post","type-post","status-publish","format-standard","hentry","category-sin-categoria","tag-damian-garcia-olmo","tag-jose-antonio-rodriguez-montes","tag-manuel-lomas-espada","tag-Martinez-puente-m-carmen","tag-olmo-fernandez-juan-antonio","tag-pedro-guillen-garcia"],"_links":{"self":[{"href":"https:\/\/www.deberes.net\/tesis\/wp-json\/wp\/v2\/posts\/24151","targetHints":{"allow":["GET"]}}],"collection":[{"href":"https:\/\/www.deberes.net\/tesis\/wp-json\/wp\/v2\/posts"}],"about":[{"href":"https:\/\/www.deberes.net\/tesis\/wp-json\/wp\/v2\/types\/post"}],"author":[{"embeddable":true,"href":"https:\/\/www.deberes.net\/tesis\/wp-json\/wp\/v2\/users\/1"}],"replies":[{"embeddable":true,"href":"https:\/\/www.deberes.net\/tesis\/wp-json\/wp\/v2\/comments?post=24151"}],"version-history":[{"count":0,"href":"https:\/\/www.deberes.net\/tesis\/wp-json\/wp\/v2\/posts\/24151\/revisions"}],"wp:attachment":[{"href":"https:\/\/www.deberes.net\/tesis\/wp-json\/wp\/v2\/media?parent=24151"}],"wp:term":[{"taxonomy":"category","embeddable":true,"href":"https:\/\/www.deberes.net\/tesis\/wp-json\/wp\/v2\/categories?post=24151"},{"taxonomy":"post_tag","embeddable":true,"href":"https:\/\/www.deberes.net\/tesis\/wp-json\/wp\/v2\/tags?post=24151"}],"curies":[{"name":"wp","href":"https:\/\/api.w.org\/{rel}","templated":true}]}}