{"id":24179,"date":"2003-01-07T00:00:00","date_gmt":"2003-01-07T00:00:00","guid":{"rendered":"https:\/\/www.deberes.net\/tesis\/sin-categoria\/el-lobbying-parlamentario-en-mexico\/"},"modified":"2003-01-07T00:00:00","modified_gmt":"2003-01-07T00:00:00","slug":"el-lobbying-parlamentario-en-mexico","status":"publish","type":"post","link":"https:\/\/www.deberes.net\/tesis\/sin-categoria\/el-lobbying-parlamentario-en-mexico\/","title":{"rendered":"El lobbying parlamentario en m\u00e9xico"},"content":{"rendered":"<h2>Tesis doctoral de <strong>  Rodr\u00edguez Reyes Jos\u00e9 Manuel <\/strong><\/h2>\n<p>La fuerza alcanzada en el a\u00f1o 2000, en m\u00e9xico, por el poder legislativo en las elecciones presidenciales y legislativas nacionales, provocada por la derrota del partido hegem\u00f3nico, el partido revolucionario institucional, que duro m\u00e1s de setenta a\u00f1os en el poder (el pri dominando los tres poderes federales durante ese tiempo), sumada a la influencia neoliberal del pa\u00eds vecino, estado unidos de am\u00e9rica, incito un cambio en la forma de pensar y actuar de los legislativos mexicanos.  en este cambio pol\u00edtico se presenta una falta de madurez y de conocimiento de c\u00f3mo proceder en la nueva etapa parlamentaria, siendo necesario fomentar la creaci\u00f3n de un marco jur\u00eddico tanto en materia electoral como en materia legislativa, en el que se explique de manera clara y concisa el trabajo y la forma de interactuar de los congresistas frente a los acontecimientos pol\u00edticos y jur\u00eddicos que se les presenten con el fin de que no interpongan intereses electorales econ\u00f3micos, o personales y que tentan claro que el inter\u00e9s primordial es el inter\u00e9s de la naci\u00f3n y de la democracia.  es indispensable que siempre est\u00e9 por encima del mandato imperativo, el mandato representativo y que siempre est\u00e9n por encima de los intereses econ\u00f3micos los intereses sociales.<\/p>\n<p>&nbsp;<\/p>\n<h3>Datos acad\u00e9micos de la tesis doctoral \u00ab<strong>El lobbying parlamentario en m\u00e9xico<\/strong>\u00ab<\/h3>\n<ul>\n<li><strong>T\u00edtulo de la tesis:<\/strong>\u00a0 El lobbying parlamentario en m\u00e9xico <\/li>\n<li><strong>Autor:<\/strong>\u00a0  Rodr\u00edguez Reyes Jos\u00e9 Manuel <\/li>\n<li><strong>Universidad:<\/strong>\u00a0 Complutense de Madrid<\/li>\n<li><strong>Fecha de lectura de la tesis:<\/strong>\u00a0 01\/07\/2003<\/li>\n<\/ul>\n<p>&nbsp;<\/p>\n<h3>Direcci\u00f3n y tribunal<\/h3>\n<ul>\n<li><strong>Director de la tesis<\/strong>\n<ul>\n<li>miranda Campoamor Fern\u00e1ndez<\/li>\n<\/ul>\n<\/li>\n<li><strong>Tribunal<\/strong>\n<ul>\n<li>Presidente del tribunal: pedro De vega garcia <\/li>\n<li>enrique Alvarez conde (vocal)<\/li>\n<li>Antonio Torres del moral (vocal)<\/li>\n<li> Nu\u00f1ez rivero Jos\u00e9 Mar\u00eda  cayetano (vocal)<\/li>\n<\/ul>\n<\/li>\n<\/ul>\n<p>&nbsp;<\/p>\n","protected":false},"excerpt":{"rendered":"<p>Tesis doctoral de Rodr\u00edguez Reyes Jos\u00e9 Manuel La fuerza alcanzada en el a\u00f1o 2000, en m\u00e9xico, por el poder legislativo [&hellip;]<\/p>\n","protected":false},"author":1,"featured_media":0,"comment_status":"open","ping_status":"open","sticky":false,"template":"","format":"standard","meta":{"site-sidebar-layout":"default","site-content-layout":"","ast-site-content-layout":"","site-content-style":"default","site-sidebar-style":"default","ast-global-header-display":"","ast-banner-title-visibility":"","ast-main-header-display":"","ast-hfb-above-header-display":"","ast-hfb-below-header-display":"","ast-hfb-mobile-header-display":"","site-post-title":"","ast-breadcrumbs-content":"","ast-featured-img":"","footer-sml-layout":"","theme-transparent-header-meta":"","adv-header-id-meta":"","stick-header-meta":"","header-above-stick-meta":"","header-main-stick-meta":"","header-below-stick-meta":"","astra-migrate-meta-layouts":"default","ast-page-background-enabled":"default","ast-page-background-meta":{"desktop":{"background-color":"var(--ast-global-color-4)","background-image":"","background-repeat":"repeat","background-position":"center center","background-size":"auto","background-attachment":"scroll","background-type":"","background-media":"","overlay-type":"","overlay-color":"","overlay-gradient":""},"tablet":{"background-color":"","background-image":"","background-repeat":"repeat","background-position":"center center","background-size":"auto","background-attachment":"scroll","background-type":"","background-media":"","overlay-type":"","overlay-color":"","overlay-gradient":""},"mobile":{"background-color":"","background-image":"","background-repeat":"repeat","background-position":"center center","background-size":"auto","background-attachment":"scroll","background-type":"","background-media":"","overlay-type":"","overlay-color":"","overlay-gradient":""}},"ast-content-background-meta":{"desktop":{"background-color":"var(--ast-global-color-5)","background-image":"","background-repeat":"repeat","background-position":"center center","background-size":"auto","background-attachment":"scroll","background-type":"","background-media":"","overlay-type":"","overlay-color":"","overlay-gradient":""},"tablet":{"background-color":"var(--ast-global-color-5)","background-image":"","background-repeat":"repeat","background-position":"center center","background-size":"auto","background-attachment":"scroll","background-type":"","background-media":"","overlay-type":"","overlay-color":"","overlay-gradient":""},"mobile":{"background-color":"var(--ast-global-color-5)","background-image":"","background-repeat":"repeat","background-position":"center center","background-size":"auto","background-attachment":"scroll","background-type":"","background-media":"","overlay-type":"","overlay-color":"","overlay-gradient":""}},"footnotes":""},"categories":[1],"tags":[4689,7163,32999,71222,9449,71221],"class_list":["post-24179","post","type-post","status-publish","format-standard","hentry","category-sin-categoria","tag-antonio-torres-del-moral","tag-enrique-alvarez-conde","tag-miranda-campoamor-fernandez","tag-nunez-rivero-jose-maria-cayetano","tag-pedro-de-vega-garcia","tag-rodriguez-reyes-jose-manuel"],"_links":{"self":[{"href":"https:\/\/www.deberes.net\/tesis\/wp-json\/wp\/v2\/posts\/24179","targetHints":{"allow":["GET"]}}],"collection":[{"href":"https:\/\/www.deberes.net\/tesis\/wp-json\/wp\/v2\/posts"}],"about":[{"href":"https:\/\/www.deberes.net\/tesis\/wp-json\/wp\/v2\/types\/post"}],"author":[{"embeddable":true,"href":"https:\/\/www.deberes.net\/tesis\/wp-json\/wp\/v2\/users\/1"}],"replies":[{"embeddable":true,"href":"https:\/\/www.deberes.net\/tesis\/wp-json\/wp\/v2\/comments?post=24179"}],"version-history":[{"count":0,"href":"https:\/\/www.deberes.net\/tesis\/wp-json\/wp\/v2\/posts\/24179\/revisions"}],"wp:attachment":[{"href":"https:\/\/www.deberes.net\/tesis\/wp-json\/wp\/v2\/media?parent=24179"}],"wp:term":[{"taxonomy":"category","embeddable":true,"href":"https:\/\/www.deberes.net\/tesis\/wp-json\/wp\/v2\/categories?post=24179"},{"taxonomy":"post_tag","embeddable":true,"href":"https:\/\/www.deberes.net\/tesis\/wp-json\/wp\/v2\/tags?post=24179"}],"curies":[{"name":"wp","href":"https:\/\/api.w.org\/{rel}","templated":true}]}}