{"id":24201,"date":"2003-01-07T00:00:00","date_gmt":"2003-01-07T00:00:00","guid":{"rendered":"https:\/\/www.deberes.net\/tesis\/sin-categoria\/sistemas-distribuidos-de-componentes-de-altas-prestaciones-orientados-a-objetos-para-el-diagnostico-por-imagen\/"},"modified":"2003-01-07T00:00:00","modified_gmt":"2003-01-07T00:00:00","slug":"sistemas-distribuidos-de-componentes-de-altas-prestaciones-orientados-a-objetos-para-el-diagnostico-por-imagen","status":"publish","type":"post","link":"https:\/\/www.deberes.net\/tesis\/politecnica-de-valencia\/sistemas-distribuidos-de-componentes-de-altas-prestaciones-orientados-a-objetos-para-el-diagnostico-por-imagen\/","title":{"rendered":"Sistemas distribuidos de componentes de altas prestaciones orientados a objetos para el diagn\u00f3stico por imagen"},"content":{"rendered":"<h2>Tesis doctoral de <strong> Ignacio Blanquer Espert <\/strong><\/h2>\n<p>El actual desarrollo de los sistemas de captaci\u00f3n de im\u00e1genes m\u00e9dicas digitales y el aumento de volumen tanto en el n\u00famero de estudios como en la complejidad de los mismos est\u00e1 modificando sustancialmente la din\u00e1mica de trabajo de los servicios radiol\u00f3gicos modernos. La digitalizaci\u00f3n progresiva de los servicios radiol\u00f3gicos, ofrece una mayor efeciencia a la hora de planificar los estudios, pero adem\u00e1s ha abierto la puerta a numerosas aplicaciones inform\u00e1ticas que permiten realizar diagn\u00f3sticos m\u00e1s r\u00e1pidos, precisos y segurous. Dentro del procesado de im\u00e1genes m\u00e9dicas digitales, destaca el procesado de im\u00e1genes m\u00e9dicas tomogr\u00e1ficas, por su gran volumen de datos y la complejidad de las mismas. Los estudios de tomograf\u00eda axial computarizada (tac) y resonancia magn\u00e9tica (rm) presentan un gran volumen, (especialmente tras la aparici\u00f3n de los esc\u00e1neres tac helicoidales y multicorte, capaces de obtener varias im\u00e1genes por segundo). Otras modalidades como la tomograf\u00eda de emisi\u00f3n de positrones (pet) o la ecograf\u00eda 3d con problem\u00e1tica similares, se est\u00e1n generalizando en la sanidad europea y espa\u00f1ola en particular.  la presente tesis presenta el desarrollo de un sistema distribuido orientado a componentes de software de altas prestaciones enfocado al diagn\u00f3stico por imagen. El sistema pretende ser una herramienta completa para la asistencia en el proceso de adquisici\u00f3n y manipulaci\u00f3n de im\u00e1genes radiol\u00f3gicas. La tesis se centra en primer lugar en el dise\u00f1o de un entorno com\u00fan, utilizando los est\u00e1ndares de software orientado a componentes actualmente en uso, con una especial atenci\u00f3n a los componentes de altas prestaciones. En segundo lugar se presenta un conjunto de herramientas de altas pretaciones para la identificaci\u00f3n de tejidos y \u00f3rganos (segmentaci\u00f3n) y proyecci\u00f3n 3d de im\u00e1genes m\u00e9dicas radiol\u00f3gicas.  son contribuciones especialmente destacables de esta tesis:  * dise\u00f1o de una arquitectura dis<\/p>\n<p>&nbsp;<\/p>\n<h3>Datos acad\u00e9micos de la tesis doctoral \u00ab<strong>Sistemas distribuidos de componentes de altas prestaciones orientados a objetos para el diagn\u00f3stico por imagen<\/strong>\u00ab<\/h3>\n<ul>\n<li><strong>T\u00edtulo de la tesis:<\/strong>\u00a0 Sistemas distribuidos de componentes de altas prestaciones orientados a objetos para el diagn\u00f3stico por imagen <\/li>\n<li><strong>Autor:<\/strong>\u00a0 Ignacio Blanquer Espert <\/li>\n<li><strong>Universidad:<\/strong>\u00a0 Polit\u00e9cnica de Valencia<\/li>\n<li><strong>Fecha de lectura de la tesis:<\/strong>\u00a0 01\/07\/2003<\/li>\n<\/ul>\n<p>&nbsp;<\/p>\n<h3>Direcci\u00f3n y tribunal<\/h3>\n<ul>\n<li><strong>Director de la tesis<\/strong>\n<ul>\n<li>Vicente Hernandez Garcia<\/li>\n<\/ul>\n<\/li>\n<li><strong>Tribunal<\/strong>\n<ul>\n<li>Presidente del tribunal: Antonio Vidal maci\u00e1 <\/li>\n<li>Luis Mart\u00ed bonmat\u00ed (vocal)<\/li>\n<li>Emilio Lopez zapata (vocal)<\/li>\n<li>ricardo Ruiz fern\u00e1ndez (vocal)<\/li>\n<\/ul>\n<\/li>\n<\/ul>\n<p>&nbsp;<\/p>\n","protected":false},"excerpt":{"rendered":"<p>Tesis doctoral de Ignacio Blanquer Espert El actual desarrollo de los sistemas de captaci\u00f3n de im\u00e1genes m\u00e9dicas digitales y el [&hellip;]<\/p>\n","protected":false},"author":1,"featured_media":0,"comment_status":"open","ping_status":"open","sticky":false,"template":"","format":"standard","meta":{"site-sidebar-layout":"default","site-content-layout":"","ast-site-content-layout":"","site-content-style":"default","site-sidebar-style":"default","ast-global-header-display":"","ast-banner-title-visibility":"","ast-main-header-display":"","ast-hfb-above-header-display":"","ast-hfb-below-header-display":"","ast-hfb-mobile-header-display":"","site-post-title":"","ast-breadcrumbs-content":"","ast-featured-img":"","footer-sml-layout":"","theme-transparent-header-meta":"","adv-header-id-meta":"","stick-header-meta":"","header-above-stick-meta":"","header-main-stick-meta":"","header-below-stick-meta":"","astra-migrate-meta-layouts":"default","ast-page-background-enabled":"default","ast-page-background-meta":{"desktop":{"background-color":"var(--ast-global-color-4)","background-image":"","background-repeat":"repeat","background-position":"center center","background-size":"auto","background-attachment":"scroll","background-type":"","background-media":"","overlay-type":"","overlay-color":"","overlay-gradient":""},"tablet":{"background-color":"","background-image":"","background-repeat":"repeat","background-position":"center center","background-size":"auto","background-attachment":"scroll","background-type":"","background-media":"","overlay-type":"","overlay-color":"","overlay-gradient":""},"mobile":{"background-color":"","background-image":"","background-repeat":"repeat","background-position":"center center","background-size":"auto","background-attachment":"scroll","background-type":"","background-media":"","overlay-type":"","overlay-color":"","overlay-gradient":""}},"ast-content-background-meta":{"desktop":{"background-color":"var(--ast-global-color-5)","background-image":"","background-repeat":"repeat","background-position":"center center","background-size":"auto","background-attachment":"scroll","background-type":"","background-media":"","overlay-type":"","overlay-color":"","overlay-gradient":""},"tablet":{"background-color":"var(--ast-global-color-5)","background-image":"","background-repeat":"repeat","background-position":"center center","background-size":"auto","background-attachment":"scroll","background-type":"","background-media":"","overlay-type":"","overlay-color":"","overlay-gradient":""},"mobile":{"background-color":"var(--ast-global-color-5)","background-image":"","background-repeat":"repeat","background-position":"center center","background-size":"auto","background-attachment":"scroll","background-type":"","background-media":"","overlay-type":"","overlay-color":"","overlay-gradient":""}},"footnotes":""},"categories":[16820],"tags":[16884,2537,71271,50146,52764,16882],"class_list":["post-24201","post","type-post","status-publish","format-standard","hentry","category-politecnica-de-valencia","tag-antonio-vidal-macia","tag-emilio-lopez-zapata","tag-ignacio-blanquer-espert","tag-luis-marti-bonmati","tag-ricardo-ruiz-fernandez","tag-vicente-hernandez-garcia"],"_links":{"self":[{"href":"https:\/\/www.deberes.net\/tesis\/wp-json\/wp\/v2\/posts\/24201","targetHints":{"allow":["GET"]}}],"collection":[{"href":"https:\/\/www.deberes.net\/tesis\/wp-json\/wp\/v2\/posts"}],"about":[{"href":"https:\/\/www.deberes.net\/tesis\/wp-json\/wp\/v2\/types\/post"}],"author":[{"embeddable":true,"href":"https:\/\/www.deberes.net\/tesis\/wp-json\/wp\/v2\/users\/1"}],"replies":[{"embeddable":true,"href":"https:\/\/www.deberes.net\/tesis\/wp-json\/wp\/v2\/comments?post=24201"}],"version-history":[{"count":0,"href":"https:\/\/www.deberes.net\/tesis\/wp-json\/wp\/v2\/posts\/24201\/revisions"}],"wp:attachment":[{"href":"https:\/\/www.deberes.net\/tesis\/wp-json\/wp\/v2\/media?parent=24201"}],"wp:term":[{"taxonomy":"category","embeddable":true,"href":"https:\/\/www.deberes.net\/tesis\/wp-json\/wp\/v2\/categories?post=24201"},{"taxonomy":"post_tag","embeddable":true,"href":"https:\/\/www.deberes.net\/tesis\/wp-json\/wp\/v2\/tags?post=24201"}],"curies":[{"name":"wp","href":"https:\/\/api.w.org\/{rel}","templated":true}]}}