{"id":24202,"date":"2003-01-07T00:00:00","date_gmt":"2003-01-07T00:00:00","guid":{"rendered":"https:\/\/www.deberes.net\/tesis\/sin-categoria\/ala-ultima-revolucion-conceptual-el-lugar-del-lenguaje-en-filosofa%c2%ada-pola%c2%adtica\/"},"modified":"2003-01-07T00:00:00","modified_gmt":"2003-01-07T00:00:00","slug":"ala-ultima-revolucion-conceptual-el-lugar-del-lenguaje-en-filosofa%c2%ada-pola%c2%adtica","status":"publish","type":"post","link":"https:\/\/www.deberes.net\/tesis\/nacional-de-educacion-a-distancia\/ala-ultima-revolucion-conceptual-el-lugar-del-lenguaje-en-filosofa%c2%ada-pola%c2%adtica\/","title":{"rendered":"\u00c2\u00bfla \u00faltima revoluci\u00f3n conceptual? el lugar del lenguaje en filosof\u00edapol\u00edtica"},"content":{"rendered":"<h2>Tesis doctoral de <strong> Sonia Fatima Arribas Verdugo <\/strong><\/h2>\n<p>La tesis pretende mostrar que el lenguaje, lejos de ser un c\u00f3digo dado de significantes, es un conjunto siempre variable de significantes que operan seg\u00fan una disyunci\u00f3n interna, la que se da entre la semi\u00f3tica (la presuposici\u00f3n de palabras para decir algo) y la sem\u00e1ntica (la referencia de la palabra a algo).  s\u00f3lo cuando se capta esta disyunci\u00f3n-denominada \u00abdislocaci\u00f3n\u00bb en la tesis se puede entender y criticar la ideolog\u00eda ling\u00ed\u00bc\u00edstica y el idealismo ling\u00ed\u00bc\u00edstico.  la tesis para revista a cuatro tradiciones que, desde la filosof\u00eda del lenguaje contempor\u00e1nea (el pragmatismo norte americano, la filosof\u00eda del imaginario de castoriadis, la hermen\u00e9utica y la deconstrucci\u00f3n) intentan conceptualizar la dislocaci\u00f3n del lenguaje, la finalidad del estudio es doble:  primero, mostrar que, salvo la deconstrucci\u00f3n, ninguna de estas teor\u00edas logran conceptualizar correctamente la dislocaci\u00f3n del lenguaje y que, por tanto, todas ellas caen en ideolog\u00eda o idealismo ling\u00ed\u00bc\u00edstico.  segundo, hacer ver que la discolaci\u00f3n del lenguaje no es una cuesti\u00f3n puramente de la filosof\u00eda del lenguaje, sino tambi\u00e9n de la filosof\u00eda pol\u00edtica.<\/p>\n<p>&nbsp;<\/p>\n<h3>Datos acad\u00e9micos de la tesis doctoral \u00ab<strong>\u00c2\u00bfla \u00faltima revoluci\u00f3n conceptual? el lugar del lenguaje en filosof\u00edapol\u00edtica<\/strong>\u00ab<\/h3>\n<ul>\n<li><strong>T\u00edtulo de la tesis:<\/strong>\u00a0 \u00c2\u00bfla \u00faltima revoluci\u00f3n conceptual? el lugar del lenguaje en filosof\u00edapol\u00edtica <\/li>\n<li><strong>Autor:<\/strong>\u00a0 Sonia Fatima Arribas Verdugo <\/li>\n<li><strong>Universidad:<\/strong>\u00a0 Nacional de educaci\u00f3n a distancia<\/li>\n<li><strong>Fecha de lectura de la tesis:<\/strong>\u00a0 01\/07\/2003<\/li>\n<\/ul>\n<p>&nbsp;<\/p>\n<h3>Direcci\u00f3n y tribunal<\/h3>\n<ul>\n<li><strong>Director de la tesis<\/strong>\n<ul>\n<li>Javier Muguerza Carpintier<\/li>\n<\/ul>\n<\/li>\n<li><strong>Tribunal<\/strong>\n<ul>\n<li>Presidente del tribunal: Carlos Thiebaut Luis-andre <\/li>\n<li> Garc\u00eda santes mases Antonio (vocal)<\/li>\n<li>eduardo Bustos guada\u00f1o (vocal)<\/li>\n<li>Antonio Gimeno guspinera (vocal)<\/li>\n<\/ul>\n<\/li>\n<\/ul>\n<p>&nbsp;<\/p>\n","protected":false},"excerpt":{"rendered":"<p>Tesis doctoral de Sonia Fatima Arribas Verdugo La tesis pretende mostrar que el lenguaje, lejos de ser un c\u00f3digo dado [&hellip;]<\/p>\n","protected":false},"author":1,"featured_media":0,"comment_status":"open","ping_status":"open","sticky":false,"template":"","format":"standard","meta":{"site-sidebar-layout":"default","site-content-layout":"","ast-site-content-layout":"","site-content-style":"default","site-sidebar-style":"default","ast-global-header-display":"","ast-banner-title-visibility":"","ast-main-header-display":"","ast-hfb-above-header-display":"","ast-hfb-below-header-display":"","ast-hfb-mobile-header-display":"","site-post-title":"","ast-breadcrumbs-content":"","ast-featured-img":"","footer-sml-layout":"","theme-transparent-header-meta":"","adv-header-id-meta":"","stick-header-meta":"","header-above-stick-meta":"","header-main-stick-meta":"","header-below-stick-meta":"","astra-migrate-meta-layouts":"default","ast-page-background-enabled":"default","ast-page-background-meta":{"desktop":{"background-color":"var(--ast-global-color-4)","background-image":"","background-repeat":"repeat","background-position":"center center","background-size":"auto","background-attachment":"scroll","background-type":"","background-media":"","overlay-type":"","overlay-color":"","overlay-gradient":""},"tablet":{"background-color":"","background-image":"","background-repeat":"repeat","background-position":"center center","background-size":"auto","background-attachment":"scroll","background-type":"","background-media":"","overlay-type":"","overlay-color":"","overlay-gradient":""},"mobile":{"background-color":"","background-image":"","background-repeat":"repeat","background-position":"center center","background-size":"auto","background-attachment":"scroll","background-type":"","background-media":"","overlay-type":"","overlay-color":"","overlay-gradient":""}},"ast-content-background-meta":{"desktop":{"background-color":"var(--ast-global-color-5)","background-image":"","background-repeat":"repeat","background-position":"center center","background-size":"auto","background-attachment":"scroll","background-type":"","background-media":"","overlay-type":"","overlay-color":"","overlay-gradient":""},"tablet":{"background-color":"var(--ast-global-color-5)","background-image":"","background-repeat":"repeat","background-position":"center center","background-size":"auto","background-attachment":"scroll","background-type":"","background-media":"","overlay-type":"","overlay-color":"","overlay-gradient":""},"mobile":{"background-color":"var(--ast-global-color-5)","background-image":"","background-repeat":"repeat","background-position":"center center","background-size":"auto","background-attachment":"scroll","background-type":"","background-media":"","overlay-type":"","overlay-color":"","overlay-gradient":""}},"footnotes":""},"categories":[17070],"tags":[71274,27105,6318,71273,26193,71272],"class_list":["post-24202","post","type-post","status-publish","format-standard","hentry","category-nacional-de-educacion-a-distancia","tag-antonio-gimeno-guspinera","tag-carlos-thiebaut-luis-andre","tag-eduardo-bustos-guadano","tag-garcia-santes-mases-antonio","tag-javier-muguerza-carpintier","tag-sonia-fatima-arribas-verdugo"],"_links":{"self":[{"href":"https:\/\/www.deberes.net\/tesis\/wp-json\/wp\/v2\/posts\/24202","targetHints":{"allow":["GET"]}}],"collection":[{"href":"https:\/\/www.deberes.net\/tesis\/wp-json\/wp\/v2\/posts"}],"about":[{"href":"https:\/\/www.deberes.net\/tesis\/wp-json\/wp\/v2\/types\/post"}],"author":[{"embeddable":true,"href":"https:\/\/www.deberes.net\/tesis\/wp-json\/wp\/v2\/users\/1"}],"replies":[{"embeddable":true,"href":"https:\/\/www.deberes.net\/tesis\/wp-json\/wp\/v2\/comments?post=24202"}],"version-history":[{"count":0,"href":"https:\/\/www.deberes.net\/tesis\/wp-json\/wp\/v2\/posts\/24202\/revisions"}],"wp:attachment":[{"href":"https:\/\/www.deberes.net\/tesis\/wp-json\/wp\/v2\/media?parent=24202"}],"wp:term":[{"taxonomy":"category","embeddable":true,"href":"https:\/\/www.deberes.net\/tesis\/wp-json\/wp\/v2\/categories?post=24202"},{"taxonomy":"post_tag","embeddable":true,"href":"https:\/\/www.deberes.net\/tesis\/wp-json\/wp\/v2\/tags?post=24202"}],"curies":[{"name":"wp","href":"https:\/\/api.w.org\/{rel}","templated":true}]}}