{"id":24212,"date":"2003-01-07T00:00:00","date_gmt":"2003-01-07T00:00:00","guid":{"rendered":"https:\/\/www.deberes.net\/tesis\/sin-categoria\/el-mundo-de-las-unidades-de-cuidados-intensivos-la-ultima-frontera\/"},"modified":"2003-01-07T00:00:00","modified_gmt":"2003-01-07T00:00:00","slug":"el-mundo-de-las-unidades-de-cuidados-intensivos-la-ultima-frontera","status":"publish","type":"post","link":"https:\/\/www.deberes.net\/tesis\/rovira-i-virgili\/el-mundo-de-las-unidades-de-cuidados-intensivos-la-ultima-frontera\/","title":{"rendered":"El mundo de las unidades de cuidados intensivos. la \u00faltima frontera"},"content":{"rendered":"<h2>Tesis doctoral de <strong> Angels Pallar\u00e9s Mart\u00ed <\/strong><\/h2>\n<p>La investigaci\u00f3n confirma la hip\u00f3tesis de que existe una cultura propia de las unidades intensivos a trav\u00e9s de una etnograf\u00eda desarrollada mediante observaciones participante y entrevistas semiestructuradas a los principales actores de estos servicios; m\u00e9dicos, enfermos y familias.  los resultados principales permiten el an\u00e1lisis de la geograf\u00eda f\u00edsica y simb\u00f3lica de estas unidades y las tipolog\u00edas e interacciones de dichos actores con especial \u00e9nfasis en el proceso comunicativo como eje relacional.  los resultados secundarios del trabajo de campo desarrollan aspectos novedosos de estos servicios como los grupos de autoayuda entre los familiares y el rol facilitador del investigador social en el proceso adaptativo de pacientes y familiares.  los actuales servicios con rehenes de su historia ya que el paradigma que representan es fruto de una construcci\u00f3n endog\u00e1mica llevada a cabo por los propios especialistas bajo la perspectiva del modelo m\u00e9dico hegem\u00f3nico. la tecnolog\u00eda que ayuda y sostiene a los enfermos tambi\u00e9n provoca barreras de entendimientos dif\u00edciles de poder traspasar para estas familias generando un conflicto entre los valores emergentes de nuestra sociedad y la praxis de estos servicios que obliga a reflexionar sobre la necesidad de mejorar la comprensi\u00f3n institucional de las demandas de los enfermos y sus familias.<\/p>\n<p>&nbsp;<\/p>\n<h3>Datos acad\u00e9micos de la tesis doctoral \u00ab<strong>El mundo de las unidades de cuidados intensivos. la \u00faltima frontera<\/strong>\u00ab<\/h3>\n<ul>\n<li><strong>T\u00edtulo de la tesis:<\/strong>\u00a0 El mundo de las unidades de cuidados intensivos. la \u00faltima frontera <\/li>\n<li><strong>Autor:<\/strong>\u00a0 Angels Pallar\u00e9s Mart\u00ed <\/li>\n<li><strong>Universidad:<\/strong>\u00a0 Rovira i virgili<\/li>\n<li><strong>Fecha de lectura de la tesis:<\/strong>\u00a0 01\/07\/2003<\/li>\n<\/ul>\n<p>&nbsp;<\/p>\n<h3>Direcci\u00f3n y tribunal<\/h3>\n<ul>\n<li><strong>Director de la tesis<\/strong>\n<ul>\n<li>Josep Mar\u00eda Comelles Esteban<\/li>\n<\/ul>\n<\/li>\n<li><strong>Tribunal<\/strong>\n<ul>\n<li>Presidente del tribunal: oriol Romani alfonso <\/li>\n<li>rosa Boixereu vilaplana (vocal)<\/li>\n<li>xavier Allue Martinez (vocal)<\/li>\n<li>llu\u00eds Cabr\u00e9 pericas (vocal)<\/li>\n<\/ul>\n<\/li>\n<\/ul>\n<p>&nbsp;<\/p>\n","protected":false},"excerpt":{"rendered":"<p>Tesis doctoral de Angels Pallar\u00e9s Mart\u00ed La investigaci\u00f3n confirma la hip\u00f3tesis de que existe una cultura propia de las unidades [&hellip;]<\/p>\n","protected":false},"author":1,"featured_media":0,"comment_status":"open","ping_status":"open","sticky":false,"template":"","format":"standard","meta":{"site-sidebar-layout":"default","site-content-layout":"","ast-site-content-layout":"","site-content-style":"default","site-sidebar-style":"default","ast-global-header-display":"","ast-banner-title-visibility":"","ast-main-header-display":"","ast-hfb-above-header-display":"","ast-hfb-below-header-display":"","ast-hfb-mobile-header-display":"","site-post-title":"","ast-breadcrumbs-content":"","ast-featured-img":"","footer-sml-layout":"","theme-transparent-header-meta":"","adv-header-id-meta":"","stick-header-meta":"","header-above-stick-meta":"","header-main-stick-meta":"","header-below-stick-meta":"","astra-migrate-meta-layouts":"default","ast-page-background-enabled":"default","ast-page-background-meta":{"desktop":{"background-color":"var(--ast-global-color-4)","background-image":"","background-repeat":"repeat","background-position":"center center","background-size":"auto","background-attachment":"scroll","background-type":"","background-media":"","overlay-type":"","overlay-color":"","overlay-gradient":""},"tablet":{"background-color":"","background-image":"","background-repeat":"repeat","background-position":"center center","background-size":"auto","background-attachment":"scroll","background-type":"","background-media":"","overlay-type":"","overlay-color":"","overlay-gradient":""},"mobile":{"background-color":"","background-image":"","background-repeat":"repeat","background-position":"center center","background-size":"auto","background-attachment":"scroll","background-type":"","background-media":"","overlay-type":"","overlay-color":"","overlay-gradient":""}},"ast-content-background-meta":{"desktop":{"background-color":"var(--ast-global-color-5)","background-image":"","background-repeat":"repeat","background-position":"center center","background-size":"auto","background-attachment":"scroll","background-type":"","background-media":"","overlay-type":"","overlay-color":"","overlay-gradient":""},"tablet":{"background-color":"var(--ast-global-color-5)","background-image":"","background-repeat":"repeat","background-position":"center center","background-size":"auto","background-attachment":"scroll","background-type":"","background-media":"","overlay-type":"","overlay-color":"","overlay-gradient":""},"mobile":{"background-color":"var(--ast-global-color-5)","background-image":"","background-repeat":"repeat","background-position":"center center","background-size":"auto","background-attachment":"scroll","background-type":"","background-media":"","overlay-type":"","overlay-color":"","overlay-gradient":""}},"footnotes":""},"categories":[18759],"tags":[71293,29162,71295,33554,71294,38589],"class_list":["post-24212","post","type-post","status-publish","format-standard","hentry","category-rovira-i-virgili","tag-angels-pallares-marti","tag-josep-maria-comelles-esteban","tag-lluis-cabre-pericas","tag-oriol-romani-alfonso","tag-rosa-boixereu-vilaplana","tag-xavier-allue-Martinez"],"_links":{"self":[{"href":"https:\/\/www.deberes.net\/tesis\/wp-json\/wp\/v2\/posts\/24212","targetHints":{"allow":["GET"]}}],"collection":[{"href":"https:\/\/www.deberes.net\/tesis\/wp-json\/wp\/v2\/posts"}],"about":[{"href":"https:\/\/www.deberes.net\/tesis\/wp-json\/wp\/v2\/types\/post"}],"author":[{"embeddable":true,"href":"https:\/\/www.deberes.net\/tesis\/wp-json\/wp\/v2\/users\/1"}],"replies":[{"embeddable":true,"href":"https:\/\/www.deberes.net\/tesis\/wp-json\/wp\/v2\/comments?post=24212"}],"version-history":[{"count":0,"href":"https:\/\/www.deberes.net\/tesis\/wp-json\/wp\/v2\/posts\/24212\/revisions"}],"wp:attachment":[{"href":"https:\/\/www.deberes.net\/tesis\/wp-json\/wp\/v2\/media?parent=24212"}],"wp:term":[{"taxonomy":"category","embeddable":true,"href":"https:\/\/www.deberes.net\/tesis\/wp-json\/wp\/v2\/categories?post=24212"},{"taxonomy":"post_tag","embeddable":true,"href":"https:\/\/www.deberes.net\/tesis\/wp-json\/wp\/v2\/tags?post=24212"}],"curies":[{"name":"wp","href":"https:\/\/api.w.org\/{rel}","templated":true}]}}