{"id":24219,"date":"2003-02-07T00:00:00","date_gmt":"2003-02-07T00:00:00","guid":{"rendered":"https:\/\/www.deberes.net\/tesis\/sin-categoria\/evaluacion-de-los-conocimientos-y-actitudes-de-los-adolescentes-sobre-el-vih-sida-y-su-relacion-con-el-genero-y-variables-psicopatologicas\/"},"modified":"2003-02-07T00:00:00","modified_gmt":"2003-02-07T00:00:00","slug":"evaluacion-de-los-conocimientos-y-actitudes-de-los-adolescentes-sobre-el-vih-sida-y-su-relacion-con-el-genero-y-variables-psicopatologicas","status":"publish","type":"post","link":"https:\/\/www.deberes.net\/tesis\/psicologia\/evaluacion-de-los-conocimientos-y-actitudes-de-los-adolescentes-sobre-el-vih-sida-y-su-relacion-con-el-genero-y-variables-psicopatologicas\/","title":{"rendered":"Evaluaci\u00f3n de los conocimientos y actitudes de los adolescentes sobre el vih\/sida y su relaci\u00f3n con el g\u00e9nero y variables psicopatol\u00f3gicas"},"content":{"rendered":"<h2>Tesis doctoral de <strong> M. Paz Bermudez Sanchez <\/strong><\/h2>\n<p>Se realiza una evaluaci\u00f3n multidimensional de riesgo psicosocial para la infecci\u00f3n por el vih con adolescentes normales, adolescentes con trastornos psicol\u00f3gicos y adolescentes en riesgo para presentar trastornos psicol\u00f3gicos. concretamente se eval\u00faan variables cognitivas relacionadas con el nivel de conocimiento, autoeficacia, susceptibilidad, locus de control, intenci\u00f3n de cambio de conducta de riesgo para la infecci\u00f3n por el vih y normas percibidas del grupo de iguales para emitir conductas de prevenci\u00f3n; variables actitudinales relacionadas con las actitudes positivas hacia aspectos relacionados con el vih\/sida, actitudes negativas hacia personas con el sida y actitudes negativas hacia los preservativos y, variables conductuales relacionadas con el nivel de comunicaci\u00f3n con padres y con amigos sobre temas relacionados con el vih\/sida y riesgo para infectarse del vih los resultados obtenidos se comparan en funci\u00f3n del estado psicol\u00f3gico y del g\u00e9nero. La muestra total est\u00e1 compuesta por 657 sujetos (49,3% hombres y 50,7% mujeres) el rango de edad oscilaba entre 13 y 18 a\u00f1os (media=15,38 y desviaci\u00f3n t\u00edpica=1,44).  el grupo de adolescentes normales est\u00e1 constituido por 491 sujetos: 267 hombres (54,4%) y 224 mujeres (45,6%).  el rango de edad oscil\u00f3 entre 13 y 18 a\u00f1os (media=15,30 y desviaci\u00f3n t\u00edpica=1,39).  el grupo de adolescentes con trastornos psicol\u00f3gicos est\u00e1 constituido por 129 sujetos: 82 hombres (63,6%) y 47 mujeres (36,4%). El rango de edad oscilaba entre 13 y 18 a\u00f1os (media=15,65 y desviaci\u00f3n t\u00edpica=1,64).  el grupo de adolescentes en riesgo de presentar trastornos est\u00e1 constituida por 37 sujetos: 18 hombres (48,6%) y 19 mujeres (51,4%). El rango de edad oscil\u00f3 entre 13 y 18 a\u00f1os (media=15,54 y desviaci\u00f3n t\u00edpica=1,14).  los resultados indican que existen diferencias significativas entre los tres grupos comparados, concretamente los adolescentes con trastornos piscol\u00f3gicos se encuentran ante ma<\/p>\n<p>&nbsp;<\/p>\n<h3>Datos acad\u00e9micos de la tesis doctoral \u00ab<strong>Evaluaci\u00f3n de los conocimientos y actitudes de los adolescentes sobre el vih\/sida y su relaci\u00f3n con el g\u00e9nero y variables psicopatol\u00f3gicas<\/strong>\u00ab<\/h3>\n<ul>\n<li><strong>T\u00edtulo de la tesis:<\/strong>\u00a0 Evaluaci\u00f3n de los conocimientos y actitudes de los adolescentes sobre el vih\/sida y su relaci\u00f3n con el g\u00e9nero y variables psicopatol\u00f3gicas <\/li>\n<li><strong>Autor:<\/strong>\u00a0 M. Paz Bermudez Sanchez <\/li>\n<li><strong>Universidad:<\/strong>\u00a0 Granada<\/li>\n<li><strong>Fecha de lectura de la tesis:<\/strong>\u00a0 02\/07\/2003<\/li>\n<\/ul>\n<p>&nbsp;<\/p>\n<h3>Direcci\u00f3n y tribunal<\/h3>\n<ul>\n<li><strong>Director de la tesis<\/strong>\n<ul>\n<li>Gualberto Buela Casal<\/li>\n<\/ul>\n<\/li>\n<li><strong>Tribunal<\/strong>\n<ul>\n<li>Presidente del tribunal:  Val merino Juan  del <\/li>\n<li>Luis Fern\u00e1ndez r\u00edos (vocal)<\/li>\n<li>Juan Preciado araiza (vocal)<\/li>\n<li>Mar\u00eda  pilar Matud aznar (vocal)<\/li>\n<\/ul>\n<\/li>\n<\/ul>\n<p>&nbsp;<\/p>\n","protected":false},"excerpt":{"rendered":"<p>Tesis doctoral de M. Paz Bermudez Sanchez Se realiza una evaluaci\u00f3n multidimensional de riesgo psicosocial para la infecci\u00f3n por el [&hellip;]<\/p>\n","protected":false},"author":1,"featured_media":0,"comment_status":"open","ping_status":"open","sticky":false,"template":"","format":"standard","meta":{"site-sidebar-layout":"default","site-content-layout":"","ast-site-content-layout":"","site-content-style":"default","site-sidebar-style":"default","ast-global-header-display":"","ast-banner-title-visibility":"","ast-main-header-display":"","ast-hfb-above-header-display":"","ast-hfb-below-header-display":"","ast-hfb-mobile-header-display":"","site-post-title":"","ast-breadcrumbs-content":"","ast-featured-img":"","footer-sml-layout":"","theme-transparent-header-meta":"","adv-header-id-meta":"","stick-header-meta":"","header-above-stick-meta":"","header-main-stick-meta":"","header-below-stick-meta":"","astra-migrate-meta-layouts":"default","ast-page-background-enabled":"default","ast-page-background-meta":{"desktop":{"background-color":"var(--ast-global-color-4)","background-image":"","background-repeat":"repeat","background-position":"center center","background-size":"auto","background-attachment":"scroll","background-type":"","background-media":"","overlay-type":"","overlay-color":"","overlay-gradient":""},"tablet":{"background-color":"","background-image":"","background-repeat":"repeat","background-position":"center center","background-size":"auto","background-attachment":"scroll","background-type":"","background-media":"","overlay-type":"","overlay-color":"","overlay-gradient":""},"mobile":{"background-color":"","background-image":"","background-repeat":"repeat","background-position":"center center","background-size":"auto","background-attachment":"scroll","background-type":"","background-media":"","overlay-type":"","overlay-color":"","overlay-gradient":""}},"ast-content-background-meta":{"desktop":{"background-color":"var(--ast-global-color-5)","background-image":"","background-repeat":"repeat","background-position":"center center","background-size":"auto","background-attachment":"scroll","background-type":"","background-media":"","overlay-type":"","overlay-color":"","overlay-gradient":""},"tablet":{"background-color":"var(--ast-global-color-5)","background-image":"","background-repeat":"repeat","background-position":"center center","background-size":"auto","background-attachment":"scroll","background-type":"","background-media":"","overlay-type":"","overlay-color":"","overlay-gradient":""},"mobile":{"background-color":"var(--ast-global-color-5)","background-image":"","background-repeat":"repeat","background-position":"center center","background-size":"auto","background-attachment":"scroll","background-type":"","background-media":"","overlay-type":"","overlay-color":"","overlay-gradient":""}},"footnotes":""},"categories":[41497,4264,1175,324,970],"tags":[21225,71313,9073,71312,71314,14656],"class_list":["post-24219","post","type-post","status-publish","format-standard","hentry","category-afrontamiento-de-la-enfermedad","category-asesoramiento-y-orientacion-psicologicas","category-evaluacion-y-diagnostico-en-psicologia","category-psicologia","category-psicologia-del-nino-y-del-adolescente","tag-gualberto-buela-casal","tag-juan-preciado-araiza","tag-luis-fernandez-rios","tag-m-paz-bermudez-sanchez","tag-maria-pilar-matud-aznar","tag-val-merino-juan-del"],"_links":{"self":[{"href":"https:\/\/www.deberes.net\/tesis\/wp-json\/wp\/v2\/posts\/24219","targetHints":{"allow":["GET"]}}],"collection":[{"href":"https:\/\/www.deberes.net\/tesis\/wp-json\/wp\/v2\/posts"}],"about":[{"href":"https:\/\/www.deberes.net\/tesis\/wp-json\/wp\/v2\/types\/post"}],"author":[{"embeddable":true,"href":"https:\/\/www.deberes.net\/tesis\/wp-json\/wp\/v2\/users\/1"}],"replies":[{"embeddable":true,"href":"https:\/\/www.deberes.net\/tesis\/wp-json\/wp\/v2\/comments?post=24219"}],"version-history":[{"count":0,"href":"https:\/\/www.deberes.net\/tesis\/wp-json\/wp\/v2\/posts\/24219\/revisions"}],"wp:attachment":[{"href":"https:\/\/www.deberes.net\/tesis\/wp-json\/wp\/v2\/media?parent=24219"}],"wp:term":[{"taxonomy":"category","embeddable":true,"href":"https:\/\/www.deberes.net\/tesis\/wp-json\/wp\/v2\/categories?post=24219"},{"taxonomy":"post_tag","embeddable":true,"href":"https:\/\/www.deberes.net\/tesis\/wp-json\/wp\/v2\/tags?post=24219"}],"curies":[{"name":"wp","href":"https:\/\/api.w.org\/{rel}","templated":true}]}}