{"id":24222,"date":"2003-02-07T00:00:00","date_gmt":"2003-02-07T00:00:00","guid":{"rendered":"https:\/\/www.deberes.net\/tesis\/sin-categoria\/la-categoria-de-voz-en-el-sistema-verbal-indoeuropeo\/"},"modified":"2003-02-07T00:00:00","modified_gmt":"2003-02-07T00:00:00","slug":"la-categoria-de-voz-en-el-sistema-verbal-indoeuropeo","status":"publish","type":"post","link":"https:\/\/www.deberes.net\/tesis\/sin-categoria\/la-categoria-de-voz-en-el-sistema-verbal-indoeuropeo\/","title":{"rendered":"La categor\u00eda de voz en el sistema verbal indoeuropeo"},"content":{"rendered":"<h2>Tesis doctoral de <strong> Miguel Villanueva Suensson <\/strong><\/h2>\n<p>La categor\u00eda de voz verbal en idoeuropeo comprende una voz activa y una voz media.  la voz media es rica en problemas de reconstrucci\u00f3n formal y presenta rasgos en com\u00fan o vinculaciones paradigm\u00e1ticas con otras categor\u00edas indoeuropeas como el perfecto o la conjugaci\u00f3n en -hhi, cuya interpretaci\u00f3n pertenece a los aspectos m\u00e1s pol\u00e9micos de la ling\u00ed\u00bc\u00edstica indoeuropea contempor\u00e1nea.  en esta tesis se abordan estas cuestiones adoptando un m\u00e9todo estrictamente comparativo y una aproximaci\u00f3n morfol\u00f3gica al problema. La parte principal est\u00e1 dedicada a la reconstrucci\u00f3n de las desinencias, sistemas apof\u00f3nicos y posici\u00f3n paradigm\u00e1tica de la voz media y categor\u00edas relacionadas.  en el cap\u00edtulo 3 se estudian las desinencias medias y se establece cu\u00e1l es la distribuci\u00f3n en la protolengua de las desinencias que presentan alomorfos no homologables, especialmente la 3\u00aa singular. Se reconstruye una distribuci\u00f3n determinada por el tema verbal: los presentes afijales suelen presentar * -to( r )  , los radicales * -o( r ), el aoristo * -e.  en los cap\u00edtulos siguientes se estudia el sistema apof\u00f3nico de la voz media. La distribuci\u00f3n de los tipos de vocalismo radical est\u00e1 igualmente ligada al tema verbal y parte correlacionada con la desinencia de 3\u00aa singular. los presentes aijales presentan grado cero, los radicales una variedad de vocalismo, entre los que * -e- y cero son mayoritarios.  el aoristo radical atem\u00e1tico presenta apofon\u00eda * -o-\/* -o-, lo que coincide con la del perfecto y de la conjugaci\u00f3n en -hhi. Los datos de esta categor\u00eda indican que tal vez proceda de un previo *-o-\/*-e-. Se justifica un origen gen\u00e9tico medio del perfecto y de la conjugaci\u00f3n en -hhi atendiendo a su esfera funcional.  seg\u00fan el vocalismo radical y su posici\u00f3n paradigm\u00e1tica, los presentes radicales atem\u00e1ticos pueden clasificarse en dos tipos, con grado pleno mayoritario y con grado cero, que probablemente heredan tres subtipos anter<\/p>\n<p>&nbsp;<\/p>\n<h3>Datos acad\u00e9micos de la tesis doctoral \u00ab<strong>La categor\u00eda de voz en el sistema verbal indoeuropeo<\/strong>\u00ab<\/h3>\n<ul>\n<li><strong>T\u00edtulo de la tesis:<\/strong>\u00a0 La categor\u00eda de voz en el sistema verbal indoeuropeo <\/li>\n<li><strong>Autor:<\/strong>\u00a0 Miguel Villanueva Suensson <\/li>\n<li><strong>Universidad:<\/strong>\u00a0 Complutense de Madrid<\/li>\n<li><strong>Fecha de lectura de la tesis:<\/strong>\u00a0 02\/07\/2003<\/li>\n<\/ul>\n<p>&nbsp;<\/p>\n<h3>Direcci\u00f3n y tribunal<\/h3>\n<ul>\n<li><strong>Director de la tesis<\/strong>\n<ul>\n<li>Julia Mendoza Tu\u00f1on<\/li>\n<\/ul>\n<\/li>\n<li><strong>Tribunal<\/strong>\n<ul>\n<li>Presidente del tribunal: alberto Bernabe pajares <\/li>\n<li>ignasi-xavier Adiego lajara (vocal)<\/li>\n<li>joaqu\u00edn Gorrochategui churruca (vocal)<\/li>\n<li>rosa Pedrero sancho (vocal)<\/li>\n<\/ul>\n<\/li>\n<\/ul>\n<p>&nbsp;<\/p>\n","protected":false},"excerpt":{"rendered":"<p>Tesis doctoral de Miguel Villanueva Suensson La categor\u00eda de voz verbal en idoeuropeo comprende una voz activa y una voz [&hellip;]<\/p>\n","protected":false},"author":1,"featured_media":0,"comment_status":"open","ping_status":"open","sticky":false,"template":"","format":"standard","meta":{"site-sidebar-layout":"default","site-content-layout":"","ast-site-content-layout":"","site-content-style":"default","site-sidebar-style":"default","ast-global-header-display":"","ast-banner-title-visibility":"","ast-main-header-display":"","ast-hfb-above-header-display":"","ast-hfb-below-header-display":"","ast-hfb-mobile-header-display":"","site-post-title":"","ast-breadcrumbs-content":"","ast-featured-img":"","footer-sml-layout":"","theme-transparent-header-meta":"","adv-header-id-meta":"","stick-header-meta":"","header-above-stick-meta":"","header-main-stick-meta":"","header-below-stick-meta":"","astra-migrate-meta-layouts":"default","ast-page-background-enabled":"default","ast-page-background-meta":{"desktop":{"background-color":"var(--ast-global-color-4)","background-image":"","background-repeat":"repeat","background-position":"center center","background-size":"auto","background-attachment":"scroll","background-type":"","background-media":"","overlay-type":"","overlay-color":"","overlay-gradient":""},"tablet":{"background-color":"","background-image":"","background-repeat":"repeat","background-position":"center center","background-size":"auto","background-attachment":"scroll","background-type":"","background-media":"","overlay-type":"","overlay-color":"","overlay-gradient":""},"mobile":{"background-color":"","background-image":"","background-repeat":"repeat","background-position":"center center","background-size":"auto","background-attachment":"scroll","background-type":"","background-media":"","overlay-type":"","overlay-color":"","overlay-gradient":""}},"ast-content-background-meta":{"desktop":{"background-color":"var(--ast-global-color-5)","background-image":"","background-repeat":"repeat","background-position":"center center","background-size":"auto","background-attachment":"scroll","background-type":"","background-media":"","overlay-type":"","overlay-color":"","overlay-gradient":""},"tablet":{"background-color":"var(--ast-global-color-5)","background-image":"","background-repeat":"repeat","background-position":"center center","background-size":"auto","background-attachment":"scroll","background-type":"","background-media":"","overlay-type":"","overlay-color":"","overlay-gradient":""},"mobile":{"background-color":"var(--ast-global-color-5)","background-image":"","background-repeat":"repeat","background-position":"center center","background-size":"auto","background-attachment":"scroll","background-type":"","background-media":"","overlay-type":"","overlay-color":"","overlay-gradient":""}},"footnotes":""},"categories":[1],"tags":[6993,71320,60325,5504,71319,6997],"class_list":["post-24222","post","type-post","status-publish","format-standard","hentry","category-sin-categoria","tag-alberto-bernabe-pajares","tag-ignasi-xavier-adiego-lajara","tag-joaquin-gorrochategui-churruca","tag-julia-mendoza-tunon","tag-miguel-villanueva-suensson","tag-rosa-pedrero-sancho"],"_links":{"self":[{"href":"https:\/\/www.deberes.net\/tesis\/wp-json\/wp\/v2\/posts\/24222","targetHints":{"allow":["GET"]}}],"collection":[{"href":"https:\/\/www.deberes.net\/tesis\/wp-json\/wp\/v2\/posts"}],"about":[{"href":"https:\/\/www.deberes.net\/tesis\/wp-json\/wp\/v2\/types\/post"}],"author":[{"embeddable":true,"href":"https:\/\/www.deberes.net\/tesis\/wp-json\/wp\/v2\/users\/1"}],"replies":[{"embeddable":true,"href":"https:\/\/www.deberes.net\/tesis\/wp-json\/wp\/v2\/comments?post=24222"}],"version-history":[{"count":0,"href":"https:\/\/www.deberes.net\/tesis\/wp-json\/wp\/v2\/posts\/24222\/revisions"}],"wp:attachment":[{"href":"https:\/\/www.deberes.net\/tesis\/wp-json\/wp\/v2\/media?parent=24222"}],"wp:term":[{"taxonomy":"category","embeddable":true,"href":"https:\/\/www.deberes.net\/tesis\/wp-json\/wp\/v2\/categories?post=24222"},{"taxonomy":"post_tag","embeddable":true,"href":"https:\/\/www.deberes.net\/tesis\/wp-json\/wp\/v2\/tags?post=24222"}],"curies":[{"name":"wp","href":"https:\/\/api.w.org\/{rel}","templated":true}]}}