{"id":24247,"date":"2003-02-07T00:00:00","date_gmt":"2003-02-07T00:00:00","guid":{"rendered":"https:\/\/www.deberes.net\/tesis\/sin-categoria\/la-integracion-social-del-discapacitado-mental-su-vida-frente-a-la-sociedad-y-la-cultura\/"},"modified":"2003-02-07T00:00:00","modified_gmt":"2003-02-07T00:00:00","slug":"la-integracion-social-del-discapacitado-mental-su-vida-frente-a-la-sociedad-y-la-cultura","status":"publish","type":"post","link":"https:\/\/www.deberes.net\/tesis\/a-coruna\/la-integracion-social-del-discapacitado-mental-su-vida-frente-a-la-sociedad-y-la-cultura\/","title":{"rendered":"La integraci\u00f3n social del discapacitado mental: su vida frente a la sociedad y la cultura"},"content":{"rendered":"<h2>Tesis doctoral de <strong>  Irimia Fern\u00e1ndez M. Pilar <\/strong><\/h2>\n<p>La primera parte de la tesis se apoya en una extensa recogida bibliogr\u00e1fica. en ella se recogen los principales planteamientos hist\u00f3ricos y te\u00f3ricos sobre la educaci\u00f3n especial referida a discapacitados mentales. Se analizan en concreto, laa orientaciones te\u00f3ricas y metodol\u00f3gicas con respecto a la integraci\u00f3n de los discapacitados en los centros escolares ordinarios. se hace una recogida de informaci\u00f3n sobre las distintas estrategias seguidas por pa\u00edses europeos y norteamericanos, atendiendo a la situaci\u00f3n del proceso de integraci\u00f3n en el momento actual. Los planteamientos comparativos son distintos y en algunos aspectos contrapuestos. Se cierra esta parte indicando la necesidad de estudios emp\u00edricos en profundidad que se centren en los resultados obtenidos en cuanto a integraci\u00f3n social en estas escuelas que es el punto m\u00e1s importante y m\u00e1s descuidado en las investigaciones realizadas hasta ahora.  la segunda parte, presenta los datos obtenidos en la invetigaci\u00f3n y hace un an\u00e1lisis e interpretaci\u00f3n de los mismos. Son datos recogidos durante muchos a\u00f1os y que culminan en una larga serie de entrevistas con representantes de los distintos grupos implicados en el proceso a los que se a\u00f1aden datos de observaci\u00f3n sistem\u00e1tica y estudios de redes sociales. La investigaci\u00f3n analiza los resultados obtenidos de acuerdo con el nivel de discapacidad y las edades de los alumnos. As\u00ed mismo, se valora el papel que juegan dentro del aula, sus posibilidades de aprendizaje y su relaci\u00f3n con los profesores. se hace una comparaci\u00f3n con los resultados obtenidos en centros espec\u00edficos de educaci\u00f3n especial. Parece claro que en cierto tipo de ni\u00f1os y edades \u00e9sta puede ser m\u00e1s recomendable. A continuaci\u00f3n se estudia las dificultades de aceptaci\u00f3n del problema por parte de los padres. Se concluye estudiando las dificultades de integraci\u00f3n laboral de acuerdo con distintas experiencias de asociaciones e instituciones que trabajan en<\/p>\n<p>&nbsp;<\/p>\n<h3>Datos acad\u00e9micos de la tesis doctoral \u00ab<strong>La integraci\u00f3n social del discapacitado mental: su vida frente a la sociedad y la cultura<\/strong>\u00ab<\/h3>\n<ul>\n<li><strong>T\u00edtulo de la tesis:<\/strong>\u00a0 La integraci\u00f3n social del discapacitado mental: su vida frente a la sociedad y la cultura <\/li>\n<li><strong>Autor:<\/strong>\u00a0  Irimia Fern\u00e1ndez M. Pilar <\/li>\n<li><strong>Universidad:<\/strong>\u00a0 A coru\u00f1a<\/li>\n<li><strong>Fecha de lectura de la tesis:<\/strong>\u00a0 02\/07\/2003<\/li>\n<\/ul>\n<p>&nbsp;<\/p>\n<h3>Direcci\u00f3n y tribunal<\/h3>\n<ul>\n<li><strong>Director de la tesis<\/strong>\n<ul>\n<li>Mar\u00eda  Jes\u00fas Buxo Rey<\/li>\n<\/ul>\n<\/li>\n<li><strong>Tribunal<\/strong>\n<ul>\n<li>Presidente del tribunal: lu\u00eds \u00e1lvarez munarriz <\/li>\n<li> Espin barrio \u00e1ngel baldomero (vocal)<\/li>\n<li>domingo Jos\u00e9 Gallego gil (vocal)<\/li>\n<li> Rodr\u00edguez montero ram\u00f3n p. (vocal)<\/li>\n<\/ul>\n<\/li>\n<\/ul>\n<p>&nbsp;<\/p>\n","protected":false},"excerpt":{"rendered":"<p>Tesis doctoral de Irimia Fern\u00e1ndez M. Pilar La primera parte de la tesis se apoya en una extensa recogida bibliogr\u00e1fica. [&hellip;]<\/p>\n","protected":false},"author":1,"featured_media":0,"comment_status":"open","ping_status":"open","sticky":false,"template":"","format":"standard","meta":{"site-sidebar-layout":"default","site-content-layout":"","ast-site-content-layout":"","site-content-style":"default","site-sidebar-style":"default","ast-global-header-display":"","ast-banner-title-visibility":"","ast-main-header-display":"","ast-hfb-above-header-display":"","ast-hfb-below-header-display":"","ast-hfb-mobile-header-display":"","site-post-title":"","ast-breadcrumbs-content":"","ast-featured-img":"","footer-sml-layout":"","theme-transparent-header-meta":"","adv-header-id-meta":"","stick-header-meta":"","header-above-stick-meta":"","header-main-stick-meta":"","header-below-stick-meta":"","astra-migrate-meta-layouts":"default","ast-page-background-enabled":"default","ast-page-background-meta":{"desktop":{"background-color":"var(--ast-global-color-4)","background-image":"","background-repeat":"repeat","background-position":"center center","background-size":"auto","background-attachment":"scroll","background-type":"","background-media":"","overlay-type":"","overlay-color":"","overlay-gradient":""},"tablet":{"background-color":"","background-image":"","background-repeat":"repeat","background-position":"center center","background-size":"auto","background-attachment":"scroll","background-type":"","background-media":"","overlay-type":"","overlay-color":"","overlay-gradient":""},"mobile":{"background-color":"","background-image":"","background-repeat":"repeat","background-position":"center center","background-size":"auto","background-attachment":"scroll","background-type":"","background-media":"","overlay-type":"","overlay-color":"","overlay-gradient":""}},"ast-content-background-meta":{"desktop":{"background-color":"var(--ast-global-color-5)","background-image":"","background-repeat":"repeat","background-position":"center center","background-size":"auto","background-attachment":"scroll","background-type":"","background-media":"","overlay-type":"","overlay-color":"","overlay-gradient":""},"tablet":{"background-color":"var(--ast-global-color-5)","background-image":"","background-repeat":"repeat","background-position":"center center","background-size":"auto","background-attachment":"scroll","background-type":"","background-media":"","overlay-type":"","overlay-color":"","overlay-gradient":""},"mobile":{"background-color":"var(--ast-global-color-5)","background-image":"","background-repeat":"repeat","background-position":"center center","background-size":"auto","background-attachment":"scroll","background-type":"","background-media":"","overlay-type":"","overlay-color":"","overlay-gradient":""}},"footnotes":""},"categories":[18576],"tags":[17106,71368,71367,8653,1397,45587],"class_list":["post-24247","post","type-post","status-publish","format-standard","hentry","category-a-coruna","tag-domingo-jose-gallego-gil","tag-espin-barrio-angel-baldomero","tag-irimia-fernandez-m-pilar","tag-luis-alvarez-munarriz","tag-maria-jesus-buxo-rey","tag-rodriguez-montero-ramon-p"],"_links":{"self":[{"href":"https:\/\/www.deberes.net\/tesis\/wp-json\/wp\/v2\/posts\/24247","targetHints":{"allow":["GET"]}}],"collection":[{"href":"https:\/\/www.deberes.net\/tesis\/wp-json\/wp\/v2\/posts"}],"about":[{"href":"https:\/\/www.deberes.net\/tesis\/wp-json\/wp\/v2\/types\/post"}],"author":[{"embeddable":true,"href":"https:\/\/www.deberes.net\/tesis\/wp-json\/wp\/v2\/users\/1"}],"replies":[{"embeddable":true,"href":"https:\/\/www.deberes.net\/tesis\/wp-json\/wp\/v2\/comments?post=24247"}],"version-history":[{"count":0,"href":"https:\/\/www.deberes.net\/tesis\/wp-json\/wp\/v2\/posts\/24247\/revisions"}],"wp:attachment":[{"href":"https:\/\/www.deberes.net\/tesis\/wp-json\/wp\/v2\/media?parent=24247"}],"wp:term":[{"taxonomy":"category","embeddable":true,"href":"https:\/\/www.deberes.net\/tesis\/wp-json\/wp\/v2\/categories?post=24247"},{"taxonomy":"post_tag","embeddable":true,"href":"https:\/\/www.deberes.net\/tesis\/wp-json\/wp\/v2\/tags?post=24247"}],"curies":[{"name":"wp","href":"https:\/\/api.w.org\/{rel}","templated":true}]}}