{"id":24260,"date":"2003-03-07T00:00:00","date_gmt":"2003-03-07T00:00:00","guid":{"rendered":"https:\/\/www.deberes.net\/tesis\/sin-categoria\/el-principio-de-jerarqua%c2%ada-normativa\/"},"modified":"2003-03-07T00:00:00","modified_gmt":"2003-03-07T00:00:00","slug":"el-principio-de-jerarqua%c2%ada-normativa","status":"publish","type":"post","link":"https:\/\/www.deberes.net\/tesis\/sin-categoria\/el-principio-de-jerarqua%c2%ada-normativa\/","title":{"rendered":"El principio de jerarqu\u00edanormativa"},"content":{"rendered":"<h2>Tesis doctoral de <strong> Tom\u00e1s Requena L\u00f3pez <\/strong><\/h2>\n<p>La tesis pretende revalorizar el principio de jerarqu\u00eda normativa. Para ello, partiendo de la actual situaci\u00f3n de crisis, aborda cada uno de los elementos conceptuales para la construcci\u00f3n del principio y que son los siguientes: el concepto de jerarqu\u00eda, donde se define a la jerarqu\u00eda como instrumento al servicio de la unidad haciendo depender la validez de unas normas de otras; los requisitos para que surja la relaci\u00f3n jer\u00e1rquica y que son la copertenencia ordinamental, la posibilidad de intersecci\u00f3n regulativa leg\u00edtima y la conexi\u00f3n material; el fundamento de la jerarqu\u00eda, que se considera que reside en la valoraci\u00f3n constitucional de la funci\u00f3n de las normas; y la consecuencia de la infracci\u00f3n del principio, que es la invalidez. asimismo, adem\u00e1s de hacer alusi\u00f3n al modo en que se hace operativo el principio en los distintos \u00e1mbitos de la din\u00e1mica jur\u00eddica y describir la posici\u00f3n jer\u00e1rquica de las normas, la operatividad del principio y sus consecuencias se deja en manos de los operadores jur\u00eddicos facultados para ello, de modo que la invalidez es, en realidad, una decisi\u00f3n de un operador jur\u00eddico.  la consecuencia es que el principio de jerarqu\u00eda sigue siendo el \u00fanico principio de estructuraci\u00f3n del ordenamiento.<\/p>\n<p>&nbsp;<\/p>\n<h3>Datos acad\u00e9micos de la tesis doctoral \u00ab<strong>El principio de jerarqu\u00edanormativa<\/strong>\u00ab<\/h3>\n<ul>\n<li><strong>T\u00edtulo de la tesis:<\/strong>\u00a0 El principio de jerarqu\u00edanormativa <\/li>\n<li><strong>Autor:<\/strong>\u00a0 Tom\u00e1s Requena L\u00f3pez <\/li>\n<li><strong>Universidad:<\/strong>\u00a0 Granada<\/li>\n<li><strong>Fecha de lectura de la tesis:<\/strong>\u00a0 03\/07\/2003<\/li>\n<\/ul>\n<p>&nbsp;<\/p>\n<h3>Direcci\u00f3n y tribunal<\/h3>\n<ul>\n<li><strong>Director de la tesis<\/strong>\n<ul>\n<li>Francisco Balaguer Callejon<\/li>\n<\/ul>\n<\/li>\n<li><strong>Tribunal<\/strong>\n<ul>\n<li>Presidente del tribunal: angel L\u00f3pez l\u00f3pez <\/li>\n<li>Carlos De cabo martin (vocal)<\/li>\n<li>Javier Jim\u00e9nez campo (vocal)<\/li>\n<li>  (vocal)<\/li>\n<\/ul>\n<\/li>\n<\/ul>\n<p>&nbsp;<\/p>\n","protected":false},"excerpt":{"rendered":"<p>Tesis doctoral de Tom\u00e1s Requena L\u00f3pez La tesis pretende revalorizar el principio de jerarqu\u00eda normativa. Para ello, partiendo de la [&hellip;]<\/p>\n","protected":false},"author":1,"featured_media":0,"comment_status":"open","ping_status":"open","sticky":false,"template":"","format":"standard","meta":{"site-sidebar-layout":"default","site-content-layout":"","ast-site-content-layout":"","site-content-style":"default","site-sidebar-style":"default","ast-global-header-display":"","ast-banner-title-visibility":"","ast-main-header-display":"","ast-hfb-above-header-display":"","ast-hfb-below-header-display":"","ast-hfb-mobile-header-display":"","site-post-title":"","ast-breadcrumbs-content":"","ast-featured-img":"","footer-sml-layout":"","theme-transparent-header-meta":"","adv-header-id-meta":"","stick-header-meta":"","header-above-stick-meta":"","header-main-stick-meta":"","header-below-stick-meta":"","astra-migrate-meta-layouts":"default","ast-page-background-enabled":"default","ast-page-background-meta":{"desktop":{"background-color":"var(--ast-global-color-4)","background-image":"","background-repeat":"repeat","background-position":"center center","background-size":"auto","background-attachment":"scroll","background-type":"","background-media":"","overlay-type":"","overlay-color":"","overlay-gradient":""},"tablet":{"background-color":"","background-image":"","background-repeat":"repeat","background-position":"center center","background-size":"auto","background-attachment":"scroll","background-type":"","background-media":"","overlay-type":"","overlay-color":"","overlay-gradient":""},"mobile":{"background-color":"","background-image":"","background-repeat":"repeat","background-position":"center center","background-size":"auto","background-attachment":"scroll","background-type":"","background-media":"","overlay-type":"","overlay-color":"","overlay-gradient":""}},"ast-content-background-meta":{"desktop":{"background-color":"var(--ast-global-color-5)","background-image":"","background-repeat":"repeat","background-position":"center center","background-size":"auto","background-attachment":"scroll","background-type":"","background-media":"","overlay-type":"","overlay-color":"","overlay-gradient":""},"tablet":{"background-color":"var(--ast-global-color-5)","background-image":"","background-repeat":"repeat","background-position":"center center","background-size":"auto","background-attachment":"scroll","background-type":"","background-media":"","overlay-type":"","overlay-color":"","overlay-gradient":""},"mobile":{"background-color":"var(--ast-global-color-5)","background-image":"","background-repeat":"repeat","background-position":"center center","background-size":"auto","background-attachment":"scroll","background-type":"","background-media":"","overlay-type":"","overlay-color":"","overlay-gradient":""}},"footnotes":""},"categories":[1],"tags":[10920,9451,39343,3963,71403],"class_list":["post-24260","post","type-post","status-publish","format-standard","hentry","category-sin-categoria","tag-angel-lopez-lopez","tag-carlos-de-cabo-martin","tag-francisco-balaguer-callejon","tag-javier-jimenez-campo","tag-tomas-requena-lopez"],"_links":{"self":[{"href":"https:\/\/www.deberes.net\/tesis\/wp-json\/wp\/v2\/posts\/24260","targetHints":{"allow":["GET"]}}],"collection":[{"href":"https:\/\/www.deberes.net\/tesis\/wp-json\/wp\/v2\/posts"}],"about":[{"href":"https:\/\/www.deberes.net\/tesis\/wp-json\/wp\/v2\/types\/post"}],"author":[{"embeddable":true,"href":"https:\/\/www.deberes.net\/tesis\/wp-json\/wp\/v2\/users\/1"}],"replies":[{"embeddable":true,"href":"https:\/\/www.deberes.net\/tesis\/wp-json\/wp\/v2\/comments?post=24260"}],"version-history":[{"count":0,"href":"https:\/\/www.deberes.net\/tesis\/wp-json\/wp\/v2\/posts\/24260\/revisions"}],"wp:attachment":[{"href":"https:\/\/www.deberes.net\/tesis\/wp-json\/wp\/v2\/media?parent=24260"}],"wp:term":[{"taxonomy":"category","embeddable":true,"href":"https:\/\/www.deberes.net\/tesis\/wp-json\/wp\/v2\/categories?post=24260"},{"taxonomy":"post_tag","embeddable":true,"href":"https:\/\/www.deberes.net\/tesis\/wp-json\/wp\/v2\/tags?post=24260"}],"curies":[{"name":"wp","href":"https:\/\/api.w.org\/{rel}","templated":true}]}}