{"id":24278,"date":"2003-03-07T00:00:00","date_gmt":"2003-03-07T00:00:00","guid":{"rendered":"https:\/\/www.deberes.net\/tesis\/sin-categoria\/integracion-economica-y-especializacion-industrial-en-los-paa%c2%adses-de-la-union-europea\/"},"modified":"2003-03-07T00:00:00","modified_gmt":"2003-03-07T00:00:00","slug":"integracion-economica-y-especializacion-industrial-en-los-paa%c2%adses-de-la-union-europea","status":"publish","type":"post","link":"https:\/\/www.deberes.net\/tesis\/valladolid\/integracion-economica-y-especializacion-industrial-en-los-paa%c2%adses-de-la-union-europea\/","title":{"rendered":"Integraci\u00f3n econ\u00f3mica y especializaci\u00f3n industrial en los pa\u00edses de la uni\u00f3n europea"},"content":{"rendered":"<h2>Tesis doctoral de <strong> Mar\u00eda Elisa \u00e1lvarez L\u00f3pez <\/strong><\/h2>\n<p>Despu\u00e9s de medio siglo de andadura comunitaria, el proyecto de integraci\u00f3n gestado en europa occidental al finalizar la segunda guerra mundial se ha convertido en una s\u00f3lida uni\u00f3n econ\u00f3mica que ata\u00f1e a un amplio y diverso conjunto de pa\u00edses, la mayor\u00eda de los cuales comparten, adem\u00e1s, la misma moneda. El alcance y la complejidad de este proceso, sin parang\u00f3n en la historia reciente de las experiencias de integraci\u00f3n econ\u00f3mica regional, hacen que la hoy conocida bajo la denominaci\u00f3n de uni\u00f3n europea se configure como un laboratorio de pruebas ideal para el an\u00e1lisis de las consecuencias econ\u00f3micas del progreso en la eliminaci\u00f3n de trabas a la libre circulaci\u00f3n de bienes y factores productivos entre las econom\u00edas inmersas en un acuerdo de integraci\u00f3n. En particular, la evaluaci\u00f3n del impacto comercial sbore los estados miembros de las sucesivas fases por las que ha transitado el proyecto de construcci\u00f3n europea ha sido objeto de inter\u00e9s preferente tanto en la investigaci\u00f3n te\u00f3rica como aplicada, lo que encuentra su justificaci\u00f3n en el hecho de que el comercio constituya uno de los cauces fundamentales de transmisi\u00f3n de los efectos de la integraci\u00f3n.  menor atenci\u00f3n se ha prestado, en cambio, al estudio de las repercusiones que la reasignaci\u00f3n sectorial y geogr\u00e1fica de recursos, resultante de la apertura al comecio y a la movilidad internaiconal de factores, puede tener en el tejido productivo de los pa\u00edses socios y, por ende, en sus posibilidades de crecimiento y bienestar econ\u00f3mico. En cualquier caso, la literatura disponible a este respecto no permite establecer a priori de forma categ\u00f3rica las caracter\u00edsticas del ajuste productivo derivado de la intensificaci\u00f3n de la integraci\u00f3n, puesto que mientras los modelos tradicionales del comercio internacional se colige que la creciente liberalizaci\u00f3n de los intercambios entre los socios comerciales alienta la especializaci\u00f3n de cada uno de ellos en aquellas p<\/p>\n<p>&nbsp;<\/p>\n<h3>Datos acad\u00e9micos de la tesis doctoral \u00ab<strong>Integraci\u00f3n econ\u00f3mica y especializaci\u00f3n industrial en los pa\u00edses de la uni\u00f3n europea<\/strong>\u00ab<\/h3>\n<ul>\n<li><strong>T\u00edtulo de la tesis:<\/strong>\u00a0 Integraci\u00f3n econ\u00f3mica y especializaci\u00f3n industrial en los pa\u00edses de la uni\u00f3n europea <\/li>\n<li><strong>Autor:<\/strong>\u00a0 Mar\u00eda Elisa \u00e1lvarez L\u00f3pez <\/li>\n<li><strong>Universidad:<\/strong>\u00a0 Valladolid<\/li>\n<li><strong>Fecha de lectura de la tesis:<\/strong>\u00a0 03\/07\/2003<\/li>\n<\/ul>\n<p>&nbsp;<\/p>\n<h3>Direcci\u00f3n y tribunal<\/h3>\n<ul>\n<li><strong>Director de la tesis<\/strong>\n<ul>\n<li>Rafael Myro Sanchez<\/li>\n<\/ul>\n<\/li>\n<li><strong>Tribunal<\/strong>\n<ul>\n<li>Presidente del tribunal: julio Segura sanchez <\/li>\n<li>rosario Gandoy juste (vocal)<\/li>\n<li>Jos\u00e9 Antonio Martinez serrano (vocal)<\/li>\n<li>Juan  ramon Cuadrado roura (vocal)<\/li>\n<\/ul>\n<\/li>\n<\/ul>\n<p>&nbsp;<\/p>\n","protected":false},"excerpt":{"rendered":"<p>Tesis doctoral de Mar\u00eda Elisa \u00e1lvarez L\u00f3pez Despu\u00e9s de medio siglo de andadura comunitaria, el proyecto de integraci\u00f3n gestado en [&hellip;]<\/p>\n","protected":false},"author":1,"featured_media":0,"comment_status":"open","ping_status":"open","sticky":false,"template":"","format":"standard","meta":{"site-sidebar-layout":"default","site-content-layout":"","ast-site-content-layout":"","site-content-style":"default","site-sidebar-style":"default","ast-global-header-display":"","ast-banner-title-visibility":"","ast-main-header-display":"","ast-hfb-above-header-display":"","ast-hfb-below-header-display":"","ast-hfb-mobile-header-display":"","site-post-title":"","ast-breadcrumbs-content":"","ast-featured-img":"","footer-sml-layout":"","theme-transparent-header-meta":"","adv-header-id-meta":"","stick-header-meta":"","header-above-stick-meta":"","header-main-stick-meta":"","header-below-stick-meta":"","astra-migrate-meta-layouts":"default","ast-page-background-enabled":"default","ast-page-background-meta":{"desktop":{"background-color":"var(--ast-global-color-4)","background-image":"","background-repeat":"repeat","background-position":"center center","background-size":"auto","background-attachment":"scroll","background-type":"","background-media":"","overlay-type":"","overlay-color":"","overlay-gradient":""},"tablet":{"background-color":"","background-image":"","background-repeat":"repeat","background-position":"center center","background-size":"auto","background-attachment":"scroll","background-type":"","background-media":"","overlay-type":"","overlay-color":"","overlay-gradient":""},"mobile":{"background-color":"","background-image":"","background-repeat":"repeat","background-position":"center center","background-size":"auto","background-attachment":"scroll","background-type":"","background-media":"","overlay-type":"","overlay-color":"","overlay-gradient":""}},"ast-content-background-meta":{"desktop":{"background-color":"var(--ast-global-color-5)","background-image":"","background-repeat":"repeat","background-position":"center center","background-size":"auto","background-attachment":"scroll","background-type":"","background-media":"","overlay-type":"","overlay-color":"","overlay-gradient":""},"tablet":{"background-color":"var(--ast-global-color-5)","background-image":"","background-repeat":"repeat","background-position":"center center","background-size":"auto","background-attachment":"scroll","background-type":"","background-media":"","overlay-type":"","overlay-color":"","overlay-gradient":""},"mobile":{"background-color":"var(--ast-global-color-5)","background-image":"","background-repeat":"repeat","background-position":"center center","background-size":"auto","background-attachment":"scroll","background-type":"","background-media":"","overlay-type":"","overlay-color":"","overlay-gradient":""}},"footnotes":""},"categories":[12451],"tags":[8577,11760,709,71440,12222,54527],"class_list":["post-24278","post","type-post","status-publish","format-standard","hentry","category-valladolid","tag-jose-antonio-Martinez-serrano","tag-juan-ramon-cuadrado-roura","tag-julio-segura-sanchez","tag-maria-elisa-alvarez-lopez","tag-rafael-myro-sanchez","tag-rosario-gandoy-juste"],"_links":{"self":[{"href":"https:\/\/www.deberes.net\/tesis\/wp-json\/wp\/v2\/posts\/24278","targetHints":{"allow":["GET"]}}],"collection":[{"href":"https:\/\/www.deberes.net\/tesis\/wp-json\/wp\/v2\/posts"}],"about":[{"href":"https:\/\/www.deberes.net\/tesis\/wp-json\/wp\/v2\/types\/post"}],"author":[{"embeddable":true,"href":"https:\/\/www.deberes.net\/tesis\/wp-json\/wp\/v2\/users\/1"}],"replies":[{"embeddable":true,"href":"https:\/\/www.deberes.net\/tesis\/wp-json\/wp\/v2\/comments?post=24278"}],"version-history":[{"count":0,"href":"https:\/\/www.deberes.net\/tesis\/wp-json\/wp\/v2\/posts\/24278\/revisions"}],"wp:attachment":[{"href":"https:\/\/www.deberes.net\/tesis\/wp-json\/wp\/v2\/media?parent=24278"}],"wp:term":[{"taxonomy":"category","embeddable":true,"href":"https:\/\/www.deberes.net\/tesis\/wp-json\/wp\/v2\/categories?post=24278"},{"taxonomy":"post_tag","embeddable":true,"href":"https:\/\/www.deberes.net\/tesis\/wp-json\/wp\/v2\/tags?post=24278"}],"curies":[{"name":"wp","href":"https:\/\/api.w.org\/{rel}","templated":true}]}}