{"id":24329,"date":"2003-04-07T00:00:00","date_gmt":"2003-04-07T00:00:00","guid":{"rendered":"https:\/\/www.deberes.net\/tesis\/sin-categoria\/analisis-de-la-incidencia-de-deficit-auditivo-en-la-poblacion-infantil\/"},"modified":"2003-04-07T00:00:00","modified_gmt":"2003-04-07T00:00:00","slug":"analisis-de-la-incidencia-de-deficit-auditivo-en-la-poblacion-infantil","status":"publish","type":"post","link":"https:\/\/www.deberes.net\/tesis\/malaga\/analisis-de-la-incidencia-de-deficit-auditivo-en-la-poblacion-infantil\/","title":{"rendered":"An\u00e1lisis de la incidencia de deficit auditivo en la poblaci\u00f3n infantil"},"content":{"rendered":"<h2>Tesis doctoral de <strong> Alfredo P\u00e9rez Garc\u00eda <\/strong><\/h2>\n<p>En este trabajo pretendemos realizar un estudio sobre la presencia de d\u00e9ficit auditivo en la poblaci\u00f3n infantil y sus consecuencias en el desarrollo del lenguaje y en otras actividades de la esfera cognitiva de los ni\u00f1os.  en la primera instancia se realiza una introducci\u00f3n promenorizada sobre la importancia que tiene el desarrollo auditivo infantil en la g\u00e9nesis y adquisici\u00f3n del lenguaje en el ni\u00f1o y c\u00f3mo el desarrollo de este \u00faltimo es crucial en la aparaci\u00f3n de maduraci\u00f3n en otras \u00e1reas de la esfera cognitiva en estas edades.  se describen pu\u00e9s como objetivos:  1,- realizar un an\u00e1lisis descriptivo en una poblaci\u00f3n escolar muestral escolar de la ciudad de m\u00e1laga sobre alteraciones cuantitativas en los umbrales auditivos de los ni\u00f1os, analizando igualmente otros datos tales como im\u00e1genes otosc\u00f3picas y curvas de timpanometr\u00eda. Igualmente se estudian ni\u00f1os de la unidad infantil del hospital \u00abcarlos haya\u00bb de m\u00e1laga con alteraciones auditivas ya detectadas previamente.  2,- comprobar si las alteraciones auditivas detectadas generaban trastornos fonol\u00f3gicos en los ni\u00f1os o alteraciones en la esfera cognitiva lectora de los alumnos.  posteriormente se realiza una descripci\u00f3n del material y m\u00e9todo de trabajo, para a continuaci\u00f3n presentar los resultados obtenidos y la discusi\u00f3n pertinente.  como conclusiones rese\u00f1amos:  1,- existencia en la literatura de trabajos abundantes que abogan por la realizaci\u00f3n de test auditivos en edad escolar como mecanismo de vigilancia de salud auditiva.  2,- existencia en nuestro pa\u00eds de preocupaci\u00f3n por abordar la problem\u00e1tica de este tema.  3,- los trastornos auditivos que detectamos en los ni\u00f1os en nuestra ciudad se\u00f1alan una alta preValencia de los ni\u00f1os.  4,- estos trastornos se acompa\u00f1an igualmente de alteraciones en las im\u00e1genes otosc\u00f3picas y en las curbas de timpanometr\u00eda efectuadas que apuntan a la otitis sermucosa como responsable de los d\u00e9ficits audi<\/p>\n<p>&nbsp;<\/p>\n<h3>Datos acad\u00e9micos de la tesis doctoral \u00ab<strong>An\u00e1lisis de la incidencia de deficit auditivo en la poblaci\u00f3n infantil<\/strong>\u00ab<\/h3>\n<ul>\n<li><strong>T\u00edtulo de la tesis:<\/strong>\u00a0 An\u00e1lisis de la incidencia de deficit auditivo en la poblaci\u00f3n infantil <\/li>\n<li><strong>Autor:<\/strong>\u00a0 Alfredo P\u00e9rez Garc\u00eda <\/li>\n<li><strong>Universidad:<\/strong>\u00a0 M\u00e1laga<\/li>\n<li><strong>Fecha de lectura de la tesis:<\/strong>\u00a0 04\/07\/2003<\/li>\n<\/ul>\n<p>&nbsp;<\/p>\n<h3>Direcci\u00f3n y tribunal<\/h3>\n<ul>\n<li><strong>Director de la tesis<\/strong>\n<ul>\n<li>Francisco Calbo Torrecillas<\/li>\n<\/ul>\n<\/li>\n<li><strong>Tribunal<\/strong>\n<ul>\n<li>Presidente del tribunal: salvador Gonzalez baron <\/li>\n<li>Francisco Manuel Padilla ruiz (vocal)<\/li>\n<li>Manuel Sainz quevedo (vocal)<\/li>\n<li>Jos\u00e9 pablo Lara mu\u00f1oz (vocal)<\/li>\n<\/ul>\n<\/li>\n<\/ul>\n<p>&nbsp;<\/p>\n","protected":false},"excerpt":{"rendered":"<p>Tesis doctoral de Alfredo P\u00e9rez Garc\u00eda En este trabajo pretendemos realizar un estudio sobre la presencia de d\u00e9ficit auditivo en [&hellip;]<\/p>\n","protected":false},"author":1,"featured_media":0,"comment_status":"open","ping_status":"open","sticky":false,"template":"","format":"standard","meta":{"site-sidebar-layout":"default","site-content-layout":"","ast-site-content-layout":"","site-content-style":"default","site-sidebar-style":"default","ast-global-header-display":"","ast-banner-title-visibility":"","ast-main-header-display":"","ast-hfb-above-header-display":"","ast-hfb-below-header-display":"","ast-hfb-mobile-header-display":"","site-post-title":"","ast-breadcrumbs-content":"","ast-featured-img":"","footer-sml-layout":"","theme-transparent-header-meta":"","adv-header-id-meta":"","stick-header-meta":"","header-above-stick-meta":"","header-main-stick-meta":"","header-below-stick-meta":"","astra-migrate-meta-layouts":"default","ast-page-background-enabled":"default","ast-page-background-meta":{"desktop":{"background-color":"var(--ast-global-color-4)","background-image":"","background-repeat":"repeat","background-position":"center center","background-size":"auto","background-attachment":"scroll","background-type":"","background-media":"","overlay-type":"","overlay-color":"","overlay-gradient":""},"tablet":{"background-color":"","background-image":"","background-repeat":"repeat","background-position":"center center","background-size":"auto","background-attachment":"scroll","background-type":"","background-media":"","overlay-type":"","overlay-color":"","overlay-gradient":""},"mobile":{"background-color":"","background-image":"","background-repeat":"repeat","background-position":"center center","background-size":"auto","background-attachment":"scroll","background-type":"","background-media":"","overlay-type":"","overlay-color":"","overlay-gradient":""}},"ast-content-background-meta":{"desktop":{"background-color":"var(--ast-global-color-5)","background-image":"","background-repeat":"repeat","background-position":"center center","background-size":"auto","background-attachment":"scroll","background-type":"","background-media":"","overlay-type":"","overlay-color":"","overlay-gradient":""},"tablet":{"background-color":"var(--ast-global-color-5)","background-image":"","background-repeat":"repeat","background-position":"center center","background-size":"auto","background-attachment":"scroll","background-type":"","background-media":"","overlay-type":"","overlay-color":"","overlay-gradient":""},"mobile":{"background-color":"var(--ast-global-color-5)","background-image":"","background-repeat":"repeat","background-position":"center center","background-size":"auto","background-attachment":"scroll","background-type":"","background-media":"","overlay-type":"","overlay-color":"","overlay-gradient":""}},"footnotes":""},"categories":[7834],"tags":[71544,1657,22241,71545,35779,17975],"class_list":["post-24329","post","type-post","status-publish","format-standard","hentry","category-malaga","tag-alfredo-perez-garcia","tag-francisco-calbo-torrecillas","tag-francisco-manuel-padilla-ruiz","tag-jose-pablo-lara-munoz","tag-manuel-sainz-quevedo","tag-salvador-gonzalez-baron"],"_links":{"self":[{"href":"https:\/\/www.deberes.net\/tesis\/wp-json\/wp\/v2\/posts\/24329","targetHints":{"allow":["GET"]}}],"collection":[{"href":"https:\/\/www.deberes.net\/tesis\/wp-json\/wp\/v2\/posts"}],"about":[{"href":"https:\/\/www.deberes.net\/tesis\/wp-json\/wp\/v2\/types\/post"}],"author":[{"embeddable":true,"href":"https:\/\/www.deberes.net\/tesis\/wp-json\/wp\/v2\/users\/1"}],"replies":[{"embeddable":true,"href":"https:\/\/www.deberes.net\/tesis\/wp-json\/wp\/v2\/comments?post=24329"}],"version-history":[{"count":0,"href":"https:\/\/www.deberes.net\/tesis\/wp-json\/wp\/v2\/posts\/24329\/revisions"}],"wp:attachment":[{"href":"https:\/\/www.deberes.net\/tesis\/wp-json\/wp\/v2\/media?parent=24329"}],"wp:term":[{"taxonomy":"category","embeddable":true,"href":"https:\/\/www.deberes.net\/tesis\/wp-json\/wp\/v2\/categories?post=24329"},{"taxonomy":"post_tag","embeddable":true,"href":"https:\/\/www.deberes.net\/tesis\/wp-json\/wp\/v2\/tags?post=24329"}],"curies":[{"name":"wp","href":"https:\/\/api.w.org\/{rel}","templated":true}]}}