{"id":24335,"date":"2003-04-07T00:00:00","date_gmt":"2003-04-07T00:00:00","guid":{"rendered":"https:\/\/www.deberes.net\/tesis\/sin-categoria\/el-papel-de-los-medios-de-comunicacion-en-la-socializacion-de-los-adolescentes-de-malaga\/"},"modified":"2003-04-07T00:00:00","modified_gmt":"2003-04-07T00:00:00","slug":"el-papel-de-los-medios-de-comunicacion-en-la-socializacion-de-los-adolescentes-de-malaga","status":"publish","type":"post","link":"https:\/\/www.deberes.net\/tesis\/malaga\/el-papel-de-los-medios-de-comunicacion-en-la-socializacion-de-los-adolescentes-de-malaga\/","title":{"rendered":"El papel de los medios de comunicaci\u00f3n en la socializaci\u00f3n de los adolescentes de m\u00e1laga"},"content":{"rendered":"<h2>Tesis doctoral de <strong> Juli\u00e1n Pindado Pindado <\/strong><\/h2>\n<p>La tesis tiene por objetivo analizar el papel de los medios de comunicaci\u00f3n en el proceso de socializaci\u00f3n y en la construcci\u00f3n de la identidad de los adolescentes malague\u00f1os en los albores del siglo xxi. A este respecto, se examina la contribuci\u00f3n de los mismos en relaci\u00f3n con el resto de importantes agentes sociales. Para ello se consideran diversos aspectos: la disponibilidad de medios (aspectos t\u00e9cnico), su utilizaci\u00f3n (aspecto pr\u00e1ctico), la interpretaci\u00f3n de sus contenidos (aspectos representacional), su capacidad formativa e informativa (aspecto cognitivo), sus propiedades simbolizadoras (aspecto simb\u00f3lico), su influencia sobre la violencia y la educaci\u00f3n y el valor mediador de los mismos en la construcci\u00f3n de la identidad juvenil.  su planteamiento te\u00f3rico se apoya en las siguientes corrientes: los estudios culturales, los an\u00e1lisis de la recepci\u00f3n, la hip\u00f3tesis del cultivo, los usos sociales de la comunicaci\u00f3n y la teor\u00eda de la medicaci\u00f3n social. A partir de estas corrientes se elabora un esquema te\u00f3rico denominado teor\u00eda comprensiva de la mediaci\u00f3n social sobre la que se sustenta la investigaci\u00f3n.  metodol\u00f3gicamente se hace uso de diversas t\u00e9cnicas cuantitativas y cualitativas integradas en una modelo circular, cualitativo-cuantitativo-cualitativo. se trata, por consiguiente. De una triangulaci\u00f3n metodol\u00f3gica. En lo cuantitativo se utiliza un cuestionario suministrado a varios centenares de estudiantes de secundaria, bachillerato y ciclos formativos; como procedimientos cualitativos se utilizan diversas t\u00e9cnicas etnogr\u00e1ficas a grupos de estudiantes de los mismos niveles, entre ellas, la observaci\u00f3n directa, la entrevista individual, la discusi\u00f3n de grupo y el an\u00e1lisis de documentos personales.  como resultados se demuestra el poder mediador de los medios de comunicaci\u00f3n entre los dos m\u00e1s importantes agentes sociales, la familia y los iguales. los medios son una gran fuetne de riqueza simb\u00f3lica c<\/p>\n<p>&nbsp;<\/p>\n<h3>Datos acad\u00e9micos de la tesis doctoral \u00ab<strong>El papel de los medios de comunicaci\u00f3n en la socializaci\u00f3n de los adolescentes de m\u00e1laga<\/strong>\u00ab<\/h3>\n<ul>\n<li><strong>T\u00edtulo de la tesis:<\/strong>\u00a0 El papel de los medios de comunicaci\u00f3n en la socializaci\u00f3n de los adolescentes de m\u00e1laga <\/li>\n<li><strong>Autor:<\/strong>\u00a0 Juli\u00e1n Pindado Pindado <\/li>\n<li><strong>Universidad:<\/strong>\u00a0 M\u00e1laga<\/li>\n<li><strong>Fecha de lectura de la tesis:<\/strong>\u00a0 04\/07\/2003<\/li>\n<\/ul>\n<p>&nbsp;<\/p>\n<h3>Direcci\u00f3n y tribunal<\/h3>\n<ul>\n<li><strong>Director de la tesis<\/strong>\n<ul>\n<li>Miguel De Aguilera Moyano<\/li>\n<\/ul>\n<\/li>\n<li><strong>Tribunal<\/strong>\n<ul>\n<li>Presidente del tribunal: Francisco Garc\u00eda Garc\u00eda <\/li>\n<li>Juan  Antonio Garcia galindo (vocal)<\/li>\n<li>carmelo Garitaonandia garnacho (vocal)<\/li>\n<li>vicente Pe\u00f1a timon (vocal)<\/li>\n<\/ul>\n<\/li>\n<\/ul>\n<p>&nbsp;<\/p>\n","protected":false},"excerpt":{"rendered":"<p>Tesis doctoral de Juli\u00e1n Pindado Pindado La tesis tiene por objetivo analizar el papel de los medios de comunicaci\u00f3n en [&hellip;]<\/p>\n","protected":false},"author":1,"featured_media":0,"comment_status":"open","ping_status":"open","sticky":false,"template":"","format":"standard","meta":{"site-sidebar-layout":"default","site-content-layout":"","ast-site-content-layout":"","site-content-style":"default","site-sidebar-style":"default","ast-global-header-display":"","ast-banner-title-visibility":"","ast-main-header-display":"","ast-hfb-above-header-display":"","ast-hfb-below-header-display":"","ast-hfb-mobile-header-display":"","site-post-title":"","ast-breadcrumbs-content":"","ast-featured-img":"","footer-sml-layout":"","theme-transparent-header-meta":"","adv-header-id-meta":"","stick-header-meta":"","header-above-stick-meta":"","header-main-stick-meta":"","header-below-stick-meta":"","astra-migrate-meta-layouts":"default","ast-page-background-enabled":"default","ast-page-background-meta":{"desktop":{"background-color":"var(--ast-global-color-4)","background-image":"","background-repeat":"repeat","background-position":"center center","background-size":"auto","background-attachment":"scroll","background-type":"","background-media":"","overlay-type":"","overlay-color":"","overlay-gradient":""},"tablet":{"background-color":"","background-image":"","background-repeat":"repeat","background-position":"center center","background-size":"auto","background-attachment":"scroll","background-type":"","background-media":"","overlay-type":"","overlay-color":"","overlay-gradient":""},"mobile":{"background-color":"","background-image":"","background-repeat":"repeat","background-position":"center center","background-size":"auto","background-attachment":"scroll","background-type":"","background-media":"","overlay-type":"","overlay-color":"","overlay-gradient":""}},"ast-content-background-meta":{"desktop":{"background-color":"var(--ast-global-color-5)","background-image":"","background-repeat":"repeat","background-position":"center center","background-size":"auto","background-attachment":"scroll","background-type":"","background-media":"","overlay-type":"","overlay-color":"","overlay-gradient":""},"tablet":{"background-color":"var(--ast-global-color-5)","background-image":"","background-repeat":"repeat","background-position":"center center","background-size":"auto","background-attachment":"scroll","background-type":"","background-media":"","overlay-type":"","overlay-color":"","overlay-gradient":""},"mobile":{"background-color":"var(--ast-global-color-5)","background-image":"","background-repeat":"repeat","background-position":"center center","background-size":"auto","background-attachment":"scroll","background-type":"","background-media":"","overlay-type":"","overlay-color":"","overlay-gradient":""}},"footnotes":""},"categories":[7834],"tags":[13216,7470,47661,71555,5319,24084],"class_list":["post-24335","post","type-post","status-publish","format-standard","hentry","category-malaga","tag-carmelo-garitaonandia-garnacho","tag-francisco-garcia-garcia","tag-juan-antonio-garcia-galindo","tag-julian-pindado-pindado","tag-miguel-de-aguilera-moyano","tag-vicente-pena-timon"],"_links":{"self":[{"href":"https:\/\/www.deberes.net\/tesis\/wp-json\/wp\/v2\/posts\/24335","targetHints":{"allow":["GET"]}}],"collection":[{"href":"https:\/\/www.deberes.net\/tesis\/wp-json\/wp\/v2\/posts"}],"about":[{"href":"https:\/\/www.deberes.net\/tesis\/wp-json\/wp\/v2\/types\/post"}],"author":[{"embeddable":true,"href":"https:\/\/www.deberes.net\/tesis\/wp-json\/wp\/v2\/users\/1"}],"replies":[{"embeddable":true,"href":"https:\/\/www.deberes.net\/tesis\/wp-json\/wp\/v2\/comments?post=24335"}],"version-history":[{"count":0,"href":"https:\/\/www.deberes.net\/tesis\/wp-json\/wp\/v2\/posts\/24335\/revisions"}],"wp:attachment":[{"href":"https:\/\/www.deberes.net\/tesis\/wp-json\/wp\/v2\/media?parent=24335"}],"wp:term":[{"taxonomy":"category","embeddable":true,"href":"https:\/\/www.deberes.net\/tesis\/wp-json\/wp\/v2\/categories?post=24335"},{"taxonomy":"post_tag","embeddable":true,"href":"https:\/\/www.deberes.net\/tesis\/wp-json\/wp\/v2\/tags?post=24335"}],"curies":[{"name":"wp","href":"https:\/\/api.w.org\/{rel}","templated":true}]}}