{"id":24364,"date":"2003-04-07T00:00:00","date_gmt":"2003-04-07T00:00:00","guid":{"rendered":"https:\/\/www.deberes.net\/tesis\/sin-categoria\/mariposas-diurnas-de-portugal-continental-fauna%c2%adstica-biogeografa%c2%ada-y-conservacion\/"},"modified":"2003-04-07T00:00:00","modified_gmt":"2003-04-07T00:00:00","slug":"mariposas-diurnas-de-portugal-continental-fauna%c2%adstica-biogeografa%c2%ada-y-conservacion","status":"publish","type":"post","link":"https:\/\/www.deberes.net\/tesis\/sin-categoria\/mariposas-diurnas-de-portugal-continental-fauna%c2%adstica-biogeografa%c2%ada-y-conservacion\/","title":{"rendered":"Mariposas diurnas de portugal continental: faun\u00edstica, biogeograf\u00eday conservaci\u00f3n"},"content":{"rendered":"<h2>Tesis doctoral de <strong>  N\u00f3brega Coito Garc\u00eda Pereira Patricia <\/strong><\/h2>\n<p>Este proyecto de investigaci\u00f3n pretende concretamente documentar la diversidad de la fauna portuguesa de mariposas diurnas (familias, hesperiidae y superfamilia papilionoidea). A partir de la recopilaci\u00f3n exhaustiva de la informaci\u00f3n disponible (colecciones, bibliograf\u00eda, datos in\u00e9ditos, y datos de campo originales), se cre\u00f3 una base de datos faun\u00edsticos que contiene 24.649 registros. La informaci\u00f3n se trat\u00f3 desde diversas perspectivas con el objetivo \u00faltimo de construir las bases cient\u00edfivas necesarias para el dise\u00f1o de una estrategia nacional de conservaci\u00f3n de la diversidad lepidopterol\u00f3gica.  se concluye que el conocimiento actual de la fauna de mariposas de portugal se debe esencialmente al esfuerzo de una serie de personalidades aisladas, no vinculadas a instituciones cient\u00edficas, que desde el siglo xix formaron importantes colecciones de mariposas. Las carencias que a todos los niveles se perciben en la situaci\u00f3n actual de los museos de historia natural del pa\u00eds representan un grave problema estructural para el desarrollo de la investigaci\u00f3n en el futuro.  la fauna protuguesa est\u00e1 compuesta por 150 especies de mariposas diurnas. para cada una de ellas se resumen la informaci\u00f3n disponible en forma de una ficha espec\u00edfica. Las fichas incluyen el mapa de distribuci\u00f3n en cuadr\u00edculas utm de 10 x 10 km, lo que representa el primer atlas de distribuci\u00f3n en portugal de estos insectos.  los esfuerzos para catalogaci\u00f3n de la fauna deber\u00edan canalizarse hacia el nordeste del territorio, que contiene mayor diversidad espec\u00edfica y algunas de las zonas con menor cobertura faun\u00edstica. Esta zona es parte de la regi\u00f3n faun\u00edstica mejor definida, que se extiende desde el extremo del territorio hasta el limite meridional de la serra da estrela. El m\u00e1ximo de diversidad corresponde al lugar de inter\u00e9s comunitario de la red natura 2000 montesinho-nogueira con 106 especies. Este espacio protegido se localiza en el extremo<\/p>\n<p>&nbsp;<\/p>\n<h3>Datos acad\u00e9micos de la tesis doctoral \u00ab<strong>Mariposas diurnas de portugal continental: faun\u00edstica, biogeograf\u00eday conservaci\u00f3n<\/strong>\u00ab<\/h3>\n<ul>\n<li><strong>T\u00edtulo de la tesis:<\/strong>\u00a0 Mariposas diurnas de portugal continental: faun\u00edstica, biogeograf\u00eday conservaci\u00f3n <\/li>\n<li><strong>Autor:<\/strong>\u00a0  N\u00f3brega Coito Garc\u00eda Pereira Patricia <\/li>\n<li><strong>Universidad:<\/strong>\u00a0 Aut\u00f3noma de Madrid<\/li>\n<li><strong>Fecha de lectura de la tesis:<\/strong>\u00a0 04\/07\/2003<\/li>\n<\/ul>\n<p>&nbsp;<\/p>\n<h3>Direcci\u00f3n y tribunal<\/h3>\n<ul>\n<li><strong>Director de la tesis<\/strong>\n<ul>\n<li>barros Garc\u00eda<\/li>\n<\/ul>\n<\/li>\n<li><strong>Tribunal<\/strong>\n<ul>\n<li>Presidente del tribunal:  Silva alma\u00ed\u00a7a Carlos alberto <\/li>\n<li>Miguel Bastos ara\u00fajo (vocal)<\/li>\n<li> Viejo montesinos Jos\u00e9 lu\u00eds (vocal)<\/li>\n<li>  (vocal)<\/li>\n<\/ul>\n<\/li>\n<\/ul>\n<p>&nbsp;<\/p>\n","protected":false},"excerpt":{"rendered":"<p>Tesis doctoral de N\u00f3brega Coito Garc\u00eda Pereira Patricia Este proyecto de investigaci\u00f3n pretende concretamente documentar la diversidad de la fauna [&hellip;]<\/p>\n","protected":false},"author":1,"featured_media":0,"comment_status":"open","ping_status":"open","sticky":false,"template":"","format":"standard","meta":{"site-sidebar-layout":"default","site-content-layout":"","ast-site-content-layout":"","site-content-style":"default","site-sidebar-style":"default","ast-global-header-display":"","ast-banner-title-visibility":"","ast-main-header-display":"","ast-hfb-above-header-display":"","ast-hfb-below-header-display":"","ast-hfb-mobile-header-display":"","site-post-title":"","ast-breadcrumbs-content":"","ast-featured-img":"","footer-sml-layout":"","theme-transparent-header-meta":"","adv-header-id-meta":"","stick-header-meta":"","header-above-stick-meta":"","header-main-stick-meta":"","header-below-stick-meta":"","astra-migrate-meta-layouts":"default","ast-page-background-enabled":"default","ast-page-background-meta":{"desktop":{"background-color":"var(--ast-global-color-4)","background-image":"","background-repeat":"repeat","background-position":"center center","background-size":"auto","background-attachment":"scroll","background-type":"","background-media":"","overlay-type":"","overlay-color":"","overlay-gradient":""},"tablet":{"background-color":"","background-image":"","background-repeat":"repeat","background-position":"center center","background-size":"auto","background-attachment":"scroll","background-type":"","background-media":"","overlay-type":"","overlay-color":"","overlay-gradient":""},"mobile":{"background-color":"","background-image":"","background-repeat":"repeat","background-position":"center center","background-size":"auto","background-attachment":"scroll","background-type":"","background-media":"","overlay-type":"","overlay-color":"","overlay-gradient":""}},"ast-content-background-meta":{"desktop":{"background-color":"var(--ast-global-color-5)","background-image":"","background-repeat":"repeat","background-position":"center center","background-size":"auto","background-attachment":"scroll","background-type":"","background-media":"","overlay-type":"","overlay-color":"","overlay-gradient":""},"tablet":{"background-color":"var(--ast-global-color-5)","background-image":"","background-repeat":"repeat","background-position":"center center","background-size":"auto","background-attachment":"scroll","background-type":"","background-media":"","overlay-type":"","overlay-color":"","overlay-gradient":""},"mobile":{"background-color":"var(--ast-global-color-5)","background-image":"","background-repeat":"repeat","background-position":"center center","background-size":"auto","background-attachment":"scroll","background-type":"","background-media":"","overlay-type":"","overlay-color":"","overlay-gradient":""}},"footnotes":""},"categories":[1],"tags":[71621,71623,71620,71622,15531],"class_list":["post-24364","post","type-post","status-publish","format-standard","hentry","category-sin-categoria","tag-barros-garcia","tag-miguel-bastos-araujo","tag-nobrega-coito-garcia-pereira-patricia","tag-silva-almaia-carlos-alberto","tag-viejo-montesinos-jose-luis"],"_links":{"self":[{"href":"https:\/\/www.deberes.net\/tesis\/wp-json\/wp\/v2\/posts\/24364","targetHints":{"allow":["GET"]}}],"collection":[{"href":"https:\/\/www.deberes.net\/tesis\/wp-json\/wp\/v2\/posts"}],"about":[{"href":"https:\/\/www.deberes.net\/tesis\/wp-json\/wp\/v2\/types\/post"}],"author":[{"embeddable":true,"href":"https:\/\/www.deberes.net\/tesis\/wp-json\/wp\/v2\/users\/1"}],"replies":[{"embeddable":true,"href":"https:\/\/www.deberes.net\/tesis\/wp-json\/wp\/v2\/comments?post=24364"}],"version-history":[{"count":0,"href":"https:\/\/www.deberes.net\/tesis\/wp-json\/wp\/v2\/posts\/24364\/revisions"}],"wp:attachment":[{"href":"https:\/\/www.deberes.net\/tesis\/wp-json\/wp\/v2\/media?parent=24364"}],"wp:term":[{"taxonomy":"category","embeddable":true,"href":"https:\/\/www.deberes.net\/tesis\/wp-json\/wp\/v2\/categories?post=24364"},{"taxonomy":"post_tag","embeddable":true,"href":"https:\/\/www.deberes.net\/tesis\/wp-json\/wp\/v2\/tags?post=24364"}],"curies":[{"name":"wp","href":"https:\/\/api.w.org\/{rel}","templated":true}]}}