{"id":24390,"date":"2003-07-07T00:00:00","date_gmt":"2003-07-07T00:00:00","guid":{"rendered":"https:\/\/www.deberes.net\/tesis\/sin-categoria\/contribucion-al-estudio-de-la-prefijacion-gradativa-en-espanol-actual\/"},"modified":"2003-07-07T00:00:00","modified_gmt":"2003-07-07T00:00:00","slug":"contribucion-al-estudio-de-la-prefijacion-gradativa-en-espanol-actual","status":"publish","type":"post","link":"https:\/\/www.deberes.net\/tesis\/historia\/contribucion-al-estudio-de-la-prefijacion-gradativa-en-espanol-actual\/","title":{"rendered":"Contribuci\u00f3n al estudio de la prefijaci\u00f3n gradativa en espa\u00f1ol actual"},"content":{"rendered":"<h2>Tesis doctoral de <strong>  Monterrubio Prieto Juan  Miguel <\/strong><\/h2>\n<p>El prop\u00f3sito de este trabajo es el estudio de la prefijaci\u00f3n gradativa en espa\u00f1ol con un enfoque descriptivo. Para ello, se revisan las unidades susceptibles de ser interpretadas como gradativas y se determinan los requisitos que, a nuestro juicio, debe cumplir un prefijo para entenderse como portador de un contenido de grado.  nuestra investigaci\u00f3n se centra en el espa\u00f1ol est\u00e1ndar peninsular hablado en la actualidad.  desde el punto de vista metodol\u00f3gico, se presta especial atenci\u00f3n al eje de relaciones sintagm\u00e1ticas por medio de diversos procedimientos paragramaticales que incluyen, fundamentalmente dos aspectos:  a,- la par\u00e1frasis del producto de la combinaci\u00f3n entre el prefijo y la base.  b,- la caracterizaci\u00f3n sem\u00e1ntica de los formantes -prefijo y base- y de la unidad prefijada.  este \u00faltimo aspecto es fundamental, pues supera los l\u00edmites de las clases gramaticales y permite entender la gradaci\u00f3n como una modificaci\u00f3n que afecta a la sustancia sem\u00e1ntica de las voces m\u00e1s que a su categor\u00eda como clase de palabras.  en definitiva, esta tesis pretende aportar nuevos datos para responder a preguntas como las que siguen:  1,- \u00c2\u00bfqu\u00e9 prefijos del espa\u00f1ol pueden aportar una noci\u00f3n gradativa?.  2,- \u00c2\u00bfqu\u00e9 tipos de gradaci\u00f3n se dan en espa\u00f1ol por medio de prefijos?.  3,- \u00c2\u00bfqu\u00e9 incidencia tiene la naturaleza sem\u00e1ntica de la base en la intepretaci\u00f3n del constructo?.  4,- \u00c2\u00bfqu\u00e9 estadios pueden reconocerse en cada tipo de gradaci\u00f3n reconocida?.  5,- \u00c2\u00bfqu\u00e9 significado &#8211; o significados &#8211; puede aportar cada prefijo gradativo?.  6,- \u00c2\u00bfqu\u00e9 prefijos entran en competencia en una misma denotaci\u00f3n de grado?.  en los cap\u00edtulos descriptivos de este estudio -el iv, el v y el vi- se exponen los rasgos seleccionales de cada prefijo, regidos por su propia capacidad significativa y por las caracter\u00edsticas de la sustancia sem\u00e1ntica de la base. Tambi\u00e9n se abordan cuestiones relativas a la caracterizaci\u00f3n morfonol<\/p>\n<p>&nbsp;<\/p>\n<h3>Datos acad\u00e9micos de la tesis doctoral \u00ab<strong>Contribuci\u00f3n al estudio de la prefijaci\u00f3n gradativa en espa\u00f1ol actual<\/strong>\u00ab<\/h3>\n<ul>\n<li><strong>T\u00edtulo de la tesis:<\/strong>\u00a0 Contribuci\u00f3n al estudio de la prefijaci\u00f3n gradativa en espa\u00f1ol actual <\/li>\n<li><strong>Autor:<\/strong>\u00a0  Monterrubio Prieto Juan  Miguel <\/li>\n<li><strong>Universidad:<\/strong>\u00a0 Illes balears<\/li>\n<li><strong>Fecha de lectura de la tesis:<\/strong>\u00a0 07\/07\/2003<\/li>\n<\/ul>\n<p>&nbsp;<\/p>\n<h3>Direcci\u00f3n y tribunal<\/h3>\n<ul>\n<li><strong>Director de la tesis<\/strong>\n<ul>\n<li> Mart\u00edn Zorraquino M. Antonia<\/li>\n<\/ul>\n<\/li>\n<li><strong>Tribunal<\/strong>\n<ul>\n<li>Presidente del tribunal: josep Severa ba\u00f1o <\/li>\n<li>Santiago Alcoba rueda (vocal)<\/li>\n<li>Jes\u00fas Pena seijas (vocal)<\/li>\n<li>antoni Va\u00f1o cerd\u00ed\u00a0 (vocal)<\/li>\n<\/ul>\n<\/li>\n<\/ul>\n<p>&nbsp;<\/p>\n","protected":false},"excerpt":{"rendered":"<p>Tesis doctoral de Monterrubio Prieto Juan Miguel El prop\u00f3sito de este trabajo es el estudio de la prefijaci\u00f3n gradativa en [&hellip;]<\/p>\n","protected":false},"author":1,"featured_media":0,"comment_status":"open","ping_status":"open","sticky":false,"template":"","format":"standard","meta":{"site-sidebar-layout":"default","site-content-layout":"","ast-site-content-layout":"","site-content-style":"default","site-sidebar-style":"default","ast-global-header-display":"","ast-banner-title-visibility":"","ast-main-header-display":"","ast-hfb-above-header-display":"","ast-hfb-below-header-display":"","ast-hfb-mobile-header-display":"","site-post-title":"","ast-breadcrumbs-content":"","ast-featured-img":"","footer-sml-layout":"","theme-transparent-header-meta":"","adv-header-id-meta":"","stick-header-meta":"","header-above-stick-meta":"","header-main-stick-meta":"","header-below-stick-meta":"","astra-migrate-meta-layouts":"default","ast-page-background-enabled":"default","ast-page-background-meta":{"desktop":{"background-color":"var(--ast-global-color-4)","background-image":"","background-repeat":"repeat","background-position":"center center","background-size":"auto","background-attachment":"scroll","background-type":"","background-media":"","overlay-type":"","overlay-color":"","overlay-gradient":""},"tablet":{"background-color":"","background-image":"","background-repeat":"repeat","background-position":"center center","background-size":"auto","background-attachment":"scroll","background-type":"","background-media":"","overlay-type":"","overlay-color":"","overlay-gradient":""},"mobile":{"background-color":"","background-image":"","background-repeat":"repeat","background-position":"center center","background-size":"auto","background-attachment":"scroll","background-type":"","background-media":"","overlay-type":"","overlay-color":"","overlay-gradient":""}},"ast-content-background-meta":{"desktop":{"background-color":"var(--ast-global-color-5)","background-image":"","background-repeat":"repeat","background-position":"center center","background-size":"auto","background-attachment":"scroll","background-type":"","background-media":"","overlay-type":"","overlay-color":"","overlay-gradient":""},"tablet":{"background-color":"var(--ast-global-color-5)","background-image":"","background-repeat":"repeat","background-position":"center center","background-size":"auto","background-attachment":"scroll","background-type":"","background-media":"","overlay-type":"","overlay-color":"","overlay-gradient":""},"mobile":{"background-color":"var(--ast-global-color-5)","background-image":"","background-repeat":"repeat","background-position":"center center","background-size":"auto","background-attachment":"scroll","background-type":"","background-media":"","overlay-type":"","overlay-color":"","overlay-gradient":""}},"footnotes":""},"categories":[1624,2142,13411,104,19034],"tags":[71692,2542,71691,21580,71690,71486],"class_list":["post-24390","post","type-post","status-publish","format-standard","hentry","category-ciencias-auxiliares-de-la-historia","category-filologia","category-filologia-espanola","category-historia","category-illes-balears","tag-antoni-vano-cerdi","tag-jesus-pena-seijas","tag-josep-severa-bano","tag-martin-zorraquino-m-antonia","tag-monterrubio-prieto-juan-miguel","tag-santiago-alcoba-rueda"],"_links":{"self":[{"href":"https:\/\/www.deberes.net\/tesis\/wp-json\/wp\/v2\/posts\/24390","targetHints":{"allow":["GET"]}}],"collection":[{"href":"https:\/\/www.deberes.net\/tesis\/wp-json\/wp\/v2\/posts"}],"about":[{"href":"https:\/\/www.deberes.net\/tesis\/wp-json\/wp\/v2\/types\/post"}],"author":[{"embeddable":true,"href":"https:\/\/www.deberes.net\/tesis\/wp-json\/wp\/v2\/users\/1"}],"replies":[{"embeddable":true,"href":"https:\/\/www.deberes.net\/tesis\/wp-json\/wp\/v2\/comments?post=24390"}],"version-history":[{"count":0,"href":"https:\/\/www.deberes.net\/tesis\/wp-json\/wp\/v2\/posts\/24390\/revisions"}],"wp:attachment":[{"href":"https:\/\/www.deberes.net\/tesis\/wp-json\/wp\/v2\/media?parent=24390"}],"wp:term":[{"taxonomy":"category","embeddable":true,"href":"https:\/\/www.deberes.net\/tesis\/wp-json\/wp\/v2\/categories?post=24390"},{"taxonomy":"post_tag","embeddable":true,"href":"https:\/\/www.deberes.net\/tesis\/wp-json\/wp\/v2\/tags?post=24390"}],"curies":[{"name":"wp","href":"https:\/\/api.w.org\/{rel}","templated":true}]}}