{"id":24414,"date":"2003-07-07T00:00:00","date_gmt":"2003-07-07T00:00:00","guid":{"rendered":"https:\/\/www.deberes.net\/tesis\/sin-categoria\/valoracion-de-la-afectacion-neuropatica-del-pie-en-pacientes-diabeticos-tipo-2-modelo-multiparametrico-de-prediccion-de-riesgo\/"},"modified":"2003-07-07T00:00:00","modified_gmt":"2003-07-07T00:00:00","slug":"valoracion-de-la-afectacion-neuropatica-del-pie-en-pacientes-diabeticos-tipo-2-modelo-multiparametrico-de-prediccion-de-riesgo","status":"publish","type":"post","link":"https:\/\/www.deberes.net\/tesis\/malaga\/valoracion-de-la-afectacion-neuropatica-del-pie-en-pacientes-diabeticos-tipo-2-modelo-multiparametrico-de-prediccion-de-riesgo\/","title":{"rendered":"Valoraci\u00f3n de la afectaci\u00f3n neurop\u00e1tica del pie en pacientes diab\u00e9ticos tipo 2. modelo multiparam\u00e9trico de predicci\u00f3n de riesgo"},"content":{"rendered":"<h2>Tesis doctoral de <strong> Mar\u00eda  Esther Diaz Galvez <\/strong><\/h2>\n<p>La neuropat\u00eda diab\u00e9tica es una de las complicaciones m\u00e1s frecuentes y precoces de la diabetes tipo 2, pero una de las menos estudiadas por su confusi\u00f3n con patolog\u00eda degenerativa osteoarticular y por su dif\u00edcil diagn\u00f3stico ante la multiplicidad de criterios existentes.  pretendemos establecer un protocolo de screening de neuropat\u00eda perif\u00e9rica en el pie del pacientes diab\u00e9tico tipo 2. Asimismo, queremos hallar la relaci\u00f3n entre par\u00e1metros cl\u00ednicos, bioqu\u00edmicos y antropom\u00e9tricos con la aparici\u00f3n y evoluci\u00f3n de complicaciones neurop\u00e1ticas, estableciendo un modelo de riesgo de neuropat\u00eda diab\u00e9tica que permita prevenir y tratar precozmente estas complicaciones.  realizamos un estudio de 63 pacientes diab\u00e9ticos tipo 2, practicando anal\u00edticas sangu\u00ednea y urinaria y exploraci\u00f3n neurop\u00e1tica mediante la aplicaci\u00f3n de 3 escalas diagn\u00f3sticas de neuropat\u00eda diab\u00e9tica (s\u00edntomas neurop\u00e1ticos, sensibilidad, fuerza, reflejos osteotendinosos y exploraci\u00f3n vascular).  las escalas nss\/ nds, mnsi\/mdns y cipd son v\u00e1lidas para realizar screening de neuropat\u00eda diab\u00e9tica. Las cifras de presi\u00f3n arterial sist\u00f3lica, el tiempo de evoluci\u00f3n de la diabetes, la obesidad, el h\u00e1bito tab\u00e1quico, la afectaci\u00f3n renal y las alteraciones en las sensibilidad al monofilamente, vibratoria, dolorosa, reflejos osteontendinosos, as\u00ed como la afectaci\u00f3n motora muscular del pie, se han visto relacionados con la neuropat\u00eda diab\u00e9tica de forma estad\u00edsticamente significativa, estableci\u00e9ndose un modelo de riesgo. Del mismo modo la afectaci\u00f3n renal y la alteraci\u00f3n en la sensibilidad vibratoria, reflejos osteotendinosos y la musculatura del pie se relacionan de forma estad\u00edsticamente significativa con el riesgo de desarrollar \u00falceras en miembros inferiores, estableci\u00e9ndose otro modelo de riesgo.<\/p>\n<p>&nbsp;<\/p>\n<h3>Datos acad\u00e9micos de la tesis doctoral \u00ab<strong>Valoraci\u00f3n de la afectaci\u00f3n neurop\u00e1tica del pie en pacientes diab\u00e9ticos tipo 2. modelo multiparam\u00e9trico de predicci\u00f3n de riesgo<\/strong>\u00ab<\/h3>\n<ul>\n<li><strong>T\u00edtulo de la tesis:<\/strong>\u00a0 Valoraci\u00f3n de la afectaci\u00f3n neurop\u00e1tica del pie en pacientes diab\u00e9ticos tipo 2. modelo multiparam\u00e9trico de predicci\u00f3n de riesgo <\/li>\n<li><strong>Autor:<\/strong>\u00a0 Mar\u00eda  Esther Diaz Galvez <\/li>\n<li><strong>Universidad:<\/strong>\u00a0 M\u00e1laga<\/li>\n<li><strong>Fecha de lectura de la tesis:<\/strong>\u00a0 07\/07\/2003<\/li>\n<\/ul>\n<p>&nbsp;<\/p>\n<h3>Direcci\u00f3n y tribunal<\/h3>\n<ul>\n<li><strong>Director de la tesis<\/strong>\n<ul>\n<li>Miguel Morell Oca\u00f1a<\/li>\n<\/ul>\n<\/li>\n<li><strong>Tribunal<\/strong>\n<ul>\n<li>Presidente del tribunal: Jos\u00e9 Antonio Gomez capilla <\/li>\n<li>sebastian Luna more (vocal)<\/li>\n<li>Jos\u00e9 Miguel Fernandez fernandez (vocal)<\/li>\n<li> S\u00e1nchez luque Juan  Jos\u00e9 (vocal)<\/li>\n<\/ul>\n<\/li>\n<\/ul>\n<p>&nbsp;<\/p>\n","protected":false},"excerpt":{"rendered":"<p>Tesis doctoral de Mar\u00eda Esther Diaz Galvez La neuropat\u00eda diab\u00e9tica es una de las complicaciones m\u00e1s frecuentes y precoces de [&hellip;]<\/p>\n","protected":false},"author":1,"featured_media":0,"comment_status":"open","ping_status":"open","sticky":false,"template":"","format":"standard","meta":{"site-sidebar-layout":"default","site-content-layout":"","ast-site-content-layout":"","site-content-style":"default","site-sidebar-style":"default","ast-global-header-display":"","ast-banner-title-visibility":"","ast-main-header-display":"","ast-hfb-above-header-display":"","ast-hfb-below-header-display":"","ast-hfb-mobile-header-display":"","site-post-title":"","ast-breadcrumbs-content":"","ast-featured-img":"","footer-sml-layout":"","theme-transparent-header-meta":"","adv-header-id-meta":"","stick-header-meta":"","header-above-stick-meta":"","header-main-stick-meta":"","header-below-stick-meta":"","astra-migrate-meta-layouts":"default","ast-page-background-enabled":"default","ast-page-background-meta":{"desktop":{"background-color":"var(--ast-global-color-4)","background-image":"","background-repeat":"repeat","background-position":"center center","background-size":"auto","background-attachment":"scroll","background-type":"","background-media":"","overlay-type":"","overlay-color":"","overlay-gradient":""},"tablet":{"background-color":"","background-image":"","background-repeat":"repeat","background-position":"center center","background-size":"auto","background-attachment":"scroll","background-type":"","background-media":"","overlay-type":"","overlay-color":"","overlay-gradient":""},"mobile":{"background-color":"","background-image":"","background-repeat":"repeat","background-position":"center center","background-size":"auto","background-attachment":"scroll","background-type":"","background-media":"","overlay-type":"","overlay-color":"","overlay-gradient":""}},"ast-content-background-meta":{"desktop":{"background-color":"var(--ast-global-color-5)","background-image":"","background-repeat":"repeat","background-position":"center center","background-size":"auto","background-attachment":"scroll","background-type":"","background-media":"","overlay-type":"","overlay-color":"","overlay-gradient":""},"tablet":{"background-color":"var(--ast-global-color-5)","background-image":"","background-repeat":"repeat","background-position":"center center","background-size":"auto","background-attachment":"scroll","background-type":"","background-media":"","overlay-type":"","overlay-color":"","overlay-gradient":""},"mobile":{"background-color":"var(--ast-global-color-5)","background-image":"","background-repeat":"repeat","background-position":"center center","background-size":"auto","background-attachment":"scroll","background-type":"","background-media":"","overlay-type":"","overlay-color":"","overlay-gradient":""}},"footnotes":""},"categories":[7834],"tags":[3668,3667,71742,2167,24864,71741],"class_list":["post-24414","post","type-post","status-publish","format-standard","hentry","category-malaga","tag-jose-antonio-gomez-capilla","tag-jose-miguel-fernandez-fernandez","tag-maria-esther-diaz-galvez","tag-miguel-morell-ocana","tag-sanchez-luque-juan-jose","tag-sebastian-luna-more"],"_links":{"self":[{"href":"https:\/\/www.deberes.net\/tesis\/wp-json\/wp\/v2\/posts\/24414","targetHints":{"allow":["GET"]}}],"collection":[{"href":"https:\/\/www.deberes.net\/tesis\/wp-json\/wp\/v2\/posts"}],"about":[{"href":"https:\/\/www.deberes.net\/tesis\/wp-json\/wp\/v2\/types\/post"}],"author":[{"embeddable":true,"href":"https:\/\/www.deberes.net\/tesis\/wp-json\/wp\/v2\/users\/1"}],"replies":[{"embeddable":true,"href":"https:\/\/www.deberes.net\/tesis\/wp-json\/wp\/v2\/comments?post=24414"}],"version-history":[{"count":0,"href":"https:\/\/www.deberes.net\/tesis\/wp-json\/wp\/v2\/posts\/24414\/revisions"}],"wp:attachment":[{"href":"https:\/\/www.deberes.net\/tesis\/wp-json\/wp\/v2\/media?parent=24414"}],"wp:term":[{"taxonomy":"category","embeddable":true,"href":"https:\/\/www.deberes.net\/tesis\/wp-json\/wp\/v2\/categories?post=24414"},{"taxonomy":"post_tag","embeddable":true,"href":"https:\/\/www.deberes.net\/tesis\/wp-json\/wp\/v2\/tags?post=24414"}],"curies":[{"name":"wp","href":"https:\/\/api.w.org\/{rel}","templated":true}]}}