{"id":24441,"date":"2003-07-07T00:00:00","date_gmt":"2003-07-07T00:00:00","guid":{"rendered":"https:\/\/www.deberes.net\/tesis\/sin-categoria\/extensiones-al-lenguaje-ada-y-a-los-servicios-posix-para-planificacion-en-sistemas-de-tiempo-real-estricto\/"},"modified":"2003-07-07T00:00:00","modified_gmt":"2003-07-07T00:00:00","slug":"extensiones-al-lenguaje-ada-y-a-los-servicios-posix-para-planificacion-en-sistemas-de-tiempo-real-estricto","status":"publish","type":"post","link":"https:\/\/www.deberes.net\/tesis\/politecnica-de-valencia\/extensiones-al-lenguaje-ada-y-a-los-servicios-posix-para-planificacion-en-sistemas-de-tiempo-real-estricto\/","title":{"rendered":"Extensiones al lenguaje ada y a los servicios posix para planificaci\u00f3n en sistemas de tiempo real estricto"},"content":{"rendered":"<h2>Tesis doctoral de <strong> Agust\u00edn Rafael Espinosa Minguet <\/strong><\/h2>\n<p>Esta tesis se ha centrado en el estudio de las pol\u00edticas basadas en la extracci\u00f3n de holgura y en la asignaci\u00f3n dual de prioridades, ambas orientadas a dar servicio  a tareas aperi\u00f3dicas en sistemas real estricto. Estas pol\u00edticas constituyen una interesante alternativa a las pol\u00edticas basadas en servidores de carga aperi\u00f3dicas y han sido ampliamente estudiadas en numerosos trabajos. no obstante, la posibilidad de ser aplicables en la pr\u00e1ctica todav\u00eda no hab\u00eda sido evaluada en detalle, y \u00e9ste ha sido el principal objetivo de esta tesis.  en este trabajo, ambas pol\u00edticas son revisadas en profundidad. En el caso de la pol\u00edtica basada en la extracci\u00f3n de holgura, algunas de sus principales debilidades han sido corregidas. En particular, se muestra que es posible compartir recursos entre tareas cr\u00edticas y aperi\u00f3dicas de una forma sencilla y eficiente, utilizando para ello los mismos protocolos de herencia de prioridad que pueden aplicarse en sistemas en los que s\u00f3lo existen tareas cr\u00edticas.  la aplicabilidad de estas pol\u00edticas ha sido valorada incorpor\u00e1ndolas en los dos entornos m\u00e1s relevantes hoy en d\u00eda para la programaci\u00f3n de sistemas de tiempo real estricto, el lenguaje de programaci\u00f3n ada y los servicios posix. Con este fin se han definido nuevas interfaces para ambas pol\u00edticas en estos entornos, coherentes con sus principios de dise\u00f1o y con los servicios que actualmente ofrecen. El dise\u00f1o de estas interfaces ha supuesto una adaptaci\u00f3n de ambas pol\u00edticas buscando, en todo momento, un equilibrio entre prestaciones y eficiencia. Como parte de este dise\u00f1o, estas interfaces han sido implementadas en el sistema operativo marte os. El proceso de implementaci\u00f3n ha servido para validar las distintas alternativas qu ehan sido consideradas.  un aspecto importante de una pol\u00edtica de planificaci\u00f3n en su eficiencia, por lo que este aspecto ha sido evaluado en detalle. Se ha caracterizado de forma anal\u00edtica el efecto<\/p>\n<p>&nbsp;<\/p>\n<h3>Datos acad\u00e9micos de la tesis doctoral \u00ab<strong>Extensiones al lenguaje ada y a los servicios posix para planificaci\u00f3n en sistemas de tiempo real estricto<\/strong>\u00ab<\/h3>\n<ul>\n<li><strong>T\u00edtulo de la tesis:<\/strong>\u00a0 Extensiones al lenguaje ada y a los servicios posix para planificaci\u00f3n en sistemas de tiempo real estricto <\/li>\n<li><strong>Autor:<\/strong>\u00a0 Agust\u00edn Rafael Espinosa Minguet <\/li>\n<li><strong>Universidad:<\/strong>\u00a0 Polit\u00e9cnica de Valencia<\/li>\n<li><strong>Fecha de lectura de la tesis:<\/strong>\u00a0 07\/07\/2003<\/li>\n<\/ul>\n<p>&nbsp;<\/p>\n<h3>Direcci\u00f3n y tribunal<\/h3>\n<ul>\n<li><strong>Director de la tesis<\/strong>\n<ul>\n<li> Garc\u00eda Fornes Ana M.<\/li>\n<\/ul>\n<\/li>\n<li><strong>Tribunal<\/strong>\n<ul>\n<li>Presidente del tribunal: Juan  Antonio De la puente alfaro <\/li>\n<li>albert Llamos\u00ed casas (vocal)<\/li>\n<li>michael Gonz\u00e1lez harbour (vocal)<\/li>\n<li> Vila i carbo joan (vocal)<\/li>\n<\/ul>\n<\/li>\n<\/ul>\n<p>&nbsp;<\/p>\n","protected":false},"excerpt":{"rendered":"<p>Tesis doctoral de Agust\u00edn Rafael Espinosa Minguet Esta tesis se ha centrado en el estudio de las pol\u00edticas basadas en [&hellip;]<\/p>\n","protected":false},"author":1,"featured_media":0,"comment_status":"open","ping_status":"open","sticky":false,"template":"","format":"standard","meta":{"site-sidebar-layout":"default","site-content-layout":"","ast-site-content-layout":"","site-content-style":"default","site-sidebar-style":"default","ast-global-header-display":"","ast-banner-title-visibility":"","ast-main-header-display":"","ast-hfb-above-header-display":"","ast-hfb-below-header-display":"","ast-hfb-mobile-header-display":"","site-post-title":"","ast-breadcrumbs-content":"","ast-featured-img":"","footer-sml-layout":"","theme-transparent-header-meta":"","adv-header-id-meta":"","stick-header-meta":"","header-above-stick-meta":"","header-main-stick-meta":"","header-below-stick-meta":"","astra-migrate-meta-layouts":"default","ast-page-background-enabled":"default","ast-page-background-meta":{"desktop":{"background-color":"var(--ast-global-color-4)","background-image":"","background-repeat":"repeat","background-position":"center center","background-size":"auto","background-attachment":"scroll","background-type":"","background-media":"","overlay-type":"","overlay-color":"","overlay-gradient":""},"tablet":{"background-color":"","background-image":"","background-repeat":"repeat","background-position":"center center","background-size":"auto","background-attachment":"scroll","background-type":"","background-media":"","overlay-type":"","overlay-color":"","overlay-gradient":""},"mobile":{"background-color":"","background-image":"","background-repeat":"repeat","background-position":"center center","background-size":"auto","background-attachment":"scroll","background-type":"","background-media":"","overlay-type":"","overlay-color":"","overlay-gradient":""}},"ast-content-background-meta":{"desktop":{"background-color":"var(--ast-global-color-5)","background-image":"","background-repeat":"repeat","background-position":"center center","background-size":"auto","background-attachment":"scroll","background-type":"","background-media":"","overlay-type":"","overlay-color":"","overlay-gradient":""},"tablet":{"background-color":"var(--ast-global-color-5)","background-image":"","background-repeat":"repeat","background-position":"center center","background-size":"auto","background-attachment":"scroll","background-type":"","background-media":"","overlay-type":"","overlay-color":"","overlay-gradient":""},"mobile":{"background-color":"var(--ast-global-color-5)","background-image":"","background-repeat":"repeat","background-position":"center center","background-size":"auto","background-attachment":"scroll","background-type":"","background-media":"","overlay-type":"","overlay-color":"","overlay-gradient":""}},"footnotes":""},"categories":[16820],"tags":[71806,30849,71807,11017,16054,71808],"class_list":["post-24441","post","type-post","status-publish","format-standard","hentry","category-politecnica-de-valencia","tag-agustin-rafael-espinosa-minguet","tag-albert-llamosi-casas","tag-garcia-fornes-ana-m","tag-juan-antonio-de-la-puente-alfaro","tag-michael-gonzalez-harbour","tag-vila-i-carbo-joan"],"_links":{"self":[{"href":"https:\/\/www.deberes.net\/tesis\/wp-json\/wp\/v2\/posts\/24441","targetHints":{"allow":["GET"]}}],"collection":[{"href":"https:\/\/www.deberes.net\/tesis\/wp-json\/wp\/v2\/posts"}],"about":[{"href":"https:\/\/www.deberes.net\/tesis\/wp-json\/wp\/v2\/types\/post"}],"author":[{"embeddable":true,"href":"https:\/\/www.deberes.net\/tesis\/wp-json\/wp\/v2\/users\/1"}],"replies":[{"embeddable":true,"href":"https:\/\/www.deberes.net\/tesis\/wp-json\/wp\/v2\/comments?post=24441"}],"version-history":[{"count":0,"href":"https:\/\/www.deberes.net\/tesis\/wp-json\/wp\/v2\/posts\/24441\/revisions"}],"wp:attachment":[{"href":"https:\/\/www.deberes.net\/tesis\/wp-json\/wp\/v2\/media?parent=24441"}],"wp:term":[{"taxonomy":"category","embeddable":true,"href":"https:\/\/www.deberes.net\/tesis\/wp-json\/wp\/v2\/categories?post=24441"},{"taxonomy":"post_tag","embeddable":true,"href":"https:\/\/www.deberes.net\/tesis\/wp-json\/wp\/v2\/tags?post=24441"}],"curies":[{"name":"wp","href":"https:\/\/api.w.org\/{rel}","templated":true}]}}