{"id":24469,"date":"2003-08-07T00:00:00","date_gmt":"2003-08-07T00:00:00","guid":{"rendered":"https:\/\/www.deberes.net\/tesis\/sin-categoria\/el-genero-aphis-linnaeus-1758-hemiptera-aphidinae-aphidina-en-la-pena%c2%adnsula-iberica-e-islas-baleares\/"},"modified":"2003-08-07T00:00:00","modified_gmt":"2003-08-07T00:00:00","slug":"el-genero-aphis-linnaeus-1758-hemiptera-aphidinae-aphidina-en-la-pena%c2%adnsula-iberica-e-islas-baleares","status":"publish","type":"post","link":"https:\/\/www.deberes.net\/tesis\/leon\/el-genero-aphis-linnaeus-1758-hemiptera-aphidinae-aphidina-en-la-pena%c2%adnsula-iberica-e-islas-baleares\/","title":{"rendered":"El g\u00e9nero aphis linnaeus, 1758 (hemiptera: aphidinae, aphidina) en la pen\u00ednsula ib\u00e9rica e islas baleares"},"content":{"rendered":"<h2>Tesis doctoral de <strong> Francisca Garc\u00eda Prieto <\/strong><\/h2>\n<p>Introducci\u00f3n  desde antiguo los pulgones, junto con las filoxeras y los pulgones gall\u00edcolas de con\u00edferas, han estado agrupados taxon\u00f3micamente en la familia aphididae primero y despu\u00e9s en la superfamilia aphidoidea, siempre colocada en sternorrhycha, y situado este tax\u00f3n en el orden homoptera o en el orden hemiptera, dependiendo de la soluci\u00f3n taxon\u00f3mica que se siguiera.  remaudi\u00e9re &amp; remaudi\u00e9re (1997) incluyeron en su cat\u00e1logo de los aphididae del mundo 25 subfamilias, de ellas 15 est\u00e1n representadas en la fauna ibero-balear (nieto nafr\u00eda y mier durante, 1998), una de todas ellas es la subfamilia aphidinae.  en la subfamilia aphidinae (en el sentido taxon\u00f3mico se\u00f1alado) se incluyen tres agrupaciones que se suelen presentar como dos tribus: aphidini latreille, 1802 y macrosiphini wilson, 1910 y dos subtribus de la primera: aphidina y rhopalosiphina mordvilko, 1914. La diferenciaci\u00f3n entre ellas se establece por un conjunto de caracter\u00edsticas morfol\u00f3gicas (con multitud de excepciones), siendo la m\u00e1s evidente la posici\u00f3n de los estigmas del segmento abdominales ii con relaci\u00f3n a los de i y iii y la presencia y posici\u00f3n de las papilas marginales del abdomen y del prot\u00f3rax.  como es evidente, por su nombre, en la subtribu aphidina latreille, 1802 se clasifica el g\u00e9nero aphis linnaeus, 1758, el m\u00e1s antiguo del grupo y en estos momentos el que cuenta con mayor n\u00famero de especies descritas.  en el sentido de la clasificaci\u00f3n adoptada por fauna europea (nieto nafr\u00eda, comunicaci\u00f3n personal) en el g\u00e9nero aphis se consideran los siguientes subg\u00e9neros: aphis linnaeus, 1758, bursaphis mcvicar baker, 1934 y pseudoprotaphis kadyrbebov, 2001.  el objetivo de este trabajo es el estudio del g\u00e9nero aphis en los territorios ibero-baleares; con la finalidad de componer la fauna correspondiente.  en el momento de inicio de este estudio se conoc\u00edan en ese espacio geogr\u00e1fico la cita de 110 especies en este g\u00e9nero.<\/p>\n<p>&nbsp;<\/p>\n<h3>Datos acad\u00e9micos de la tesis doctoral \u00ab<strong>El g\u00e9nero aphis linnaeus, 1758 (hemiptera: aphidinae, aphidina) en la pen\u00ednsula ib\u00e9rica e islas baleares<\/strong>\u00ab<\/h3>\n<ul>\n<li><strong>T\u00edtulo de la tesis:<\/strong>\u00a0 El g\u00e9nero aphis linnaeus, 1758 (hemiptera: aphidinae, aphidina) en la pen\u00ednsula ib\u00e9rica e islas baleares <\/li>\n<li><strong>Autor:<\/strong>\u00a0 Francisca Garc\u00eda Prieto <\/li>\n<li><strong>Universidad:<\/strong>\u00a0 Le\u00f3n<\/li>\n<li><strong>Fecha de lectura de la tesis:<\/strong>\u00a0 08\/07\/2003<\/li>\n<\/ul>\n<p>&nbsp;<\/p>\n<h3>Direcci\u00f3n y tribunal<\/h3>\n<ul>\n<li><strong>Director de la tesis<\/strong>\n<ul>\n<li>Juan  Manuel Nieto Nafr\u00eda<\/li>\n<\/ul>\n<\/li>\n<li><strong>Tribunal<\/strong>\n<ul>\n<li>Presidente del tribunal: Jos\u00e9 Mar\u00eda Salgado costas <\/li>\n<li> Gonz\u00e1lez funes Mar\u00eda pilar (vocal)<\/li>\n<li> Mier durante milagros pilar (vocal)<\/li>\n<li>Mar\u00eda  de los angeles Marcos Garc\u00eda (vocal)<\/li>\n<\/ul>\n<\/li>\n<\/ul>\n<p>&nbsp;<\/p>\n","protected":false},"excerpt":{"rendered":"<p>Tesis doctoral de Francisca Garc\u00eda Prieto Introducci\u00f3n desde antiguo los pulgones, junto con las filoxeras y los pulgones gall\u00edcolas de [&hellip;]<\/p>\n","protected":false},"author":1,"featured_media":0,"comment_status":"open","ping_status":"open","sticky":false,"template":"","format":"standard","meta":{"site-sidebar-layout":"default","site-content-layout":"","ast-site-content-layout":"","site-content-style":"default","site-sidebar-style":"default","ast-global-header-display":"","ast-banner-title-visibility":"","ast-main-header-display":"","ast-hfb-above-header-display":"","ast-hfb-below-header-display":"","ast-hfb-mobile-header-display":"","site-post-title":"","ast-breadcrumbs-content":"","ast-featured-img":"","footer-sml-layout":"","theme-transparent-header-meta":"","adv-header-id-meta":"","stick-header-meta":"","header-above-stick-meta":"","header-main-stick-meta":"","header-below-stick-meta":"","astra-migrate-meta-layouts":"default","ast-page-background-enabled":"default","ast-page-background-meta":{"desktop":{"background-color":"var(--ast-global-color-4)","background-image":"","background-repeat":"repeat","background-position":"center center","background-size":"auto","background-attachment":"scroll","background-type":"","background-media":"","overlay-type":"","overlay-color":"","overlay-gradient":""},"tablet":{"background-color":"","background-image":"","background-repeat":"repeat","background-position":"center center","background-size":"auto","background-attachment":"scroll","background-type":"","background-media":"","overlay-type":"","overlay-color":"","overlay-gradient":""},"mobile":{"background-color":"","background-image":"","background-repeat":"repeat","background-position":"center center","background-size":"auto","background-attachment":"scroll","background-type":"","background-media":"","overlay-type":"","overlay-color":"","overlay-gradient":""}},"ast-content-background-meta":{"desktop":{"background-color":"var(--ast-global-color-5)","background-image":"","background-repeat":"repeat","background-position":"center center","background-size":"auto","background-attachment":"scroll","background-type":"","background-media":"","overlay-type":"","overlay-color":"","overlay-gradient":""},"tablet":{"background-color":"var(--ast-global-color-5)","background-image":"","background-repeat":"repeat","background-position":"center center","background-size":"auto","background-attachment":"scroll","background-type":"","background-media":"","overlay-type":"","overlay-color":"","overlay-gradient":""},"mobile":{"background-color":"var(--ast-global-color-5)","background-image":"","background-repeat":"repeat","background-position":"center center","background-size":"auto","background-attachment":"scroll","background-type":"","background-media":"","overlay-type":"","overlay-color":"","overlay-gradient":""}},"footnotes":""},"categories":[4430],"tags":[71875,71876,4318,14350,11751,37315],"class_list":["post-24469","post","type-post","status-publish","format-standard","hentry","category-leon","tag-francisca-garcia-prieto","tag-gonzalez-funes-maria-pilar","tag-jose-maria-salgado-costas","tag-juan-manuel-nieto-nafria","tag-maria-de-los-angeles-marcos-garcia","tag-mier-durante-milagros-pilar"],"_links":{"self":[{"href":"https:\/\/www.deberes.net\/tesis\/wp-json\/wp\/v2\/posts\/24469","targetHints":{"allow":["GET"]}}],"collection":[{"href":"https:\/\/www.deberes.net\/tesis\/wp-json\/wp\/v2\/posts"}],"about":[{"href":"https:\/\/www.deberes.net\/tesis\/wp-json\/wp\/v2\/types\/post"}],"author":[{"embeddable":true,"href":"https:\/\/www.deberes.net\/tesis\/wp-json\/wp\/v2\/users\/1"}],"replies":[{"embeddable":true,"href":"https:\/\/www.deberes.net\/tesis\/wp-json\/wp\/v2\/comments?post=24469"}],"version-history":[{"count":0,"href":"https:\/\/www.deberes.net\/tesis\/wp-json\/wp\/v2\/posts\/24469\/revisions"}],"wp:attachment":[{"href":"https:\/\/www.deberes.net\/tesis\/wp-json\/wp\/v2\/media?parent=24469"}],"wp:term":[{"taxonomy":"category","embeddable":true,"href":"https:\/\/www.deberes.net\/tesis\/wp-json\/wp\/v2\/categories?post=24469"},{"taxonomy":"post_tag","embeddable":true,"href":"https:\/\/www.deberes.net\/tesis\/wp-json\/wp\/v2\/tags?post=24469"}],"curies":[{"name":"wp","href":"https:\/\/api.w.org\/{rel}","templated":true}]}}