{"id":24481,"date":"2003-08-07T00:00:00","date_gmt":"2003-08-07T00:00:00","guid":{"rendered":"https:\/\/www.deberes.net\/tesis\/sin-categoria\/identidad-y-mito-en-denise-levertou-una-poeta-en-evolucion\/"},"modified":"2003-08-07T00:00:00","modified_gmt":"2003-08-07T00:00:00","slug":"identidad-y-mito-en-denise-levertou-una-poeta-en-evolucion","status":"publish","type":"post","link":"https:\/\/www.deberes.net\/tesis\/la-laguna\/identidad-y-mito-en-denise-levertou-una-poeta-en-evolucion\/","title":{"rendered":"Identidad y mito en denise levertou, una poeta en evoluci\u00f3n"},"content":{"rendered":"<h2>Tesis doctoral de <strong> Jos\u00e9 Manuel Rodriguez Herrera <\/strong><\/h2>\n<p>El presente trabajo pretendo idagar en los mecanismos de revisi\u00f3n y reescritura que levertou aplica a dos temas recurrentes en su poes\u00eda: identidad y mito.  el estudio de c\u00f3mo evoluciona el tratamiento de estos temas en la poes\u00eda de levertou &#8212; un mejor conocimiento de su proceso de reconstrucci\u00f3n de la identidad personal a trav\u00e9s de las im\u00e1genes de &#8212;, su reinvenci\u00f3n de cuerpo, la &#8212; y de todos aquellos mitos relacionados con eros y la musa.<\/p>\n<p>&nbsp;<\/p>\n<h3>Datos acad\u00e9micos de la tesis doctoral \u00ab<strong>Identidad y mito en denise levertou, una poeta en evoluci\u00f3n<\/strong>\u00ab<\/h3>\n<ul>\n<li><strong>T\u00edtulo de la tesis:<\/strong>\u00a0 Identidad y mito en denise levertou, una poeta en evoluci\u00f3n <\/li>\n<li><strong>Autor:<\/strong>\u00a0 Jos\u00e9 Manuel Rodriguez Herrera <\/li>\n<li><strong>Universidad:<\/strong>\u00a0 La laguna<\/li>\n<li><strong>Fecha de lectura de la tesis:<\/strong>\u00a0 08\/07\/2003<\/li>\n<\/ul>\n<p>&nbsp;<\/p>\n<h3>Direcci\u00f3n y tribunal<\/h3>\n<ul>\n<li><strong>Director de la tesis<\/strong>\n<ul>\n<li> Amador Bedford Juan  Sebastian<\/li>\n<\/ul>\n<\/li>\n<li><strong>Tribunal<\/strong>\n<ul>\n<li>Presidente del tribunal: manuel Brito marrero <\/li>\n<li> Guerra de la torre susana teresa (vocal)<\/li>\n<li> P\u00e9rez gil m.del mar (vocal)<\/li>\n<li>anne-day Dewey (vocal)<\/li>\n<\/ul>\n<\/li>\n<\/ul>\n<p>&nbsp;<\/p>\n","protected":false},"excerpt":{"rendered":"<p>Tesis doctoral de Jos\u00e9 Manuel Rodriguez Herrera El presente trabajo pretendo idagar en los mecanismos de revisi\u00f3n y reescritura que [&hellip;]<\/p>\n","protected":false},"author":1,"featured_media":0,"comment_status":"open","ping_status":"open","sticky":false,"template":"","format":"standard","meta":{"site-sidebar-layout":"default","site-content-layout":"","ast-site-content-layout":"","site-content-style":"default","site-sidebar-style":"default","ast-global-header-display":"","ast-banner-title-visibility":"","ast-main-header-display":"","ast-hfb-above-header-display":"","ast-hfb-below-header-display":"","ast-hfb-mobile-header-display":"","site-post-title":"","ast-breadcrumbs-content":"","ast-featured-img":"","footer-sml-layout":"","theme-transparent-header-meta":"","adv-header-id-meta":"","stick-header-meta":"","header-above-stick-meta":"","header-main-stick-meta":"","header-below-stick-meta":"","astra-migrate-meta-layouts":"default","ast-page-background-enabled":"default","ast-page-background-meta":{"desktop":{"background-color":"var(--ast-global-color-4)","background-image":"","background-repeat":"repeat","background-position":"center center","background-size":"auto","background-attachment":"scroll","background-type":"","background-media":"","overlay-type":"","overlay-color":"","overlay-gradient":""},"tablet":{"background-color":"","background-image":"","background-repeat":"repeat","background-position":"center center","background-size":"auto","background-attachment":"scroll","background-type":"","background-media":"","overlay-type":"","overlay-color":"","overlay-gradient":""},"mobile":{"background-color":"","background-image":"","background-repeat":"repeat","background-position":"center center","background-size":"auto","background-attachment":"scroll","background-type":"","background-media":"","overlay-type":"","overlay-color":"","overlay-gradient":""}},"ast-content-background-meta":{"desktop":{"background-color":"var(--ast-global-color-5)","background-image":"","background-repeat":"repeat","background-position":"center center","background-size":"auto","background-attachment":"scroll","background-type":"","background-media":"","overlay-type":"","overlay-color":"","overlay-gradient":""},"tablet":{"background-color":"var(--ast-global-color-5)","background-image":"","background-repeat":"repeat","background-position":"center center","background-size":"auto","background-attachment":"scroll","background-type":"","background-media":"","overlay-type":"","overlay-color":"","overlay-gradient":""},"mobile":{"background-color":"var(--ast-global-color-5)","background-image":"","background-repeat":"repeat","background-position":"center center","background-size":"auto","background-attachment":"scroll","background-type":"","background-media":"","overlay-type":"","overlay-color":"","overlay-gradient":""}},"footnotes":""},"categories":[9915],"tags":[37581,71904,71902,71900,71901,71903],"class_list":["post-24481","post","type-post","status-publish","format-standard","hentry","category-la-laguna","tag-amador-bedford-juan-sebastian","tag-anne-day-dewey","tag-guerra-de-la-torre-susana-teresa","tag-jose-manuel-rodriguez-herrera","tag-manuel-brito-marrero","tag-perez-gil-m-del-mar"],"_links":{"self":[{"href":"https:\/\/www.deberes.net\/tesis\/wp-json\/wp\/v2\/posts\/24481","targetHints":{"allow":["GET"]}}],"collection":[{"href":"https:\/\/www.deberes.net\/tesis\/wp-json\/wp\/v2\/posts"}],"about":[{"href":"https:\/\/www.deberes.net\/tesis\/wp-json\/wp\/v2\/types\/post"}],"author":[{"embeddable":true,"href":"https:\/\/www.deberes.net\/tesis\/wp-json\/wp\/v2\/users\/1"}],"replies":[{"embeddable":true,"href":"https:\/\/www.deberes.net\/tesis\/wp-json\/wp\/v2\/comments?post=24481"}],"version-history":[{"count":0,"href":"https:\/\/www.deberes.net\/tesis\/wp-json\/wp\/v2\/posts\/24481\/revisions"}],"wp:attachment":[{"href":"https:\/\/www.deberes.net\/tesis\/wp-json\/wp\/v2\/media?parent=24481"}],"wp:term":[{"taxonomy":"category","embeddable":true,"href":"https:\/\/www.deberes.net\/tesis\/wp-json\/wp\/v2\/categories?post=24481"},{"taxonomy":"post_tag","embeddable":true,"href":"https:\/\/www.deberes.net\/tesis\/wp-json\/wp\/v2\/tags?post=24481"}],"curies":[{"name":"wp","href":"https:\/\/api.w.org\/{rel}","templated":true}]}}