{"id":24492,"date":"2003-08-07T00:00:00","date_gmt":"2003-08-07T00:00:00","guid":{"rendered":"https:\/\/www.deberes.net\/tesis\/sin-categoria\/el-programa-de-formacion-orientado-a-la-investigacion-una-propuesta-alternativa-para-el-practicum-de-educacion-social-en-la-ulpgc\/"},"modified":"2003-08-07T00:00:00","modified_gmt":"2003-08-07T00:00:00","slug":"el-programa-de-formacion-orientado-a-la-investigacion-una-propuesta-alternativa-para-el-practicum-de-educacion-social-en-la-ulpgc","status":"publish","type":"post","link":"https:\/\/www.deberes.net\/tesis\/palmas-de-gran-canaria\/el-programa-de-formacion-orientado-a-la-investigacion-una-propuesta-alternativa-para-el-practicum-de-educacion-social-en-la-ulpgc\/","title":{"rendered":"El programa de formaci\u00f3n orientado a la investigaci\u00f3n: una propuesta alternativa para el practicum de educaci\u00f3n social en la ulpgc"},"content":{"rendered":"<h2>Tesis doctoral de <strong> Arcadia Mart\u00edn P\u00e9rez <\/strong><\/h2>\n<p>Presentamos esta investigaci\u00f3n organizada en siete cap\u00edtulos diferentes. en el cap\u00edtulo primero &#8211; el practicum en la titulaci\u00f3n de educaci\u00f3n social &#8211; justificamos, en primer lugar, la importancia de hacer coincidir la teor\u00eda y pr\u00e1ctica en la formaci\u00f3n inicial de los educadores(as) sociales.  en segundo lugar, explicamos cu\u00e1l es nuestra concepci\u00f3n del practicum como elemento de la formaci\u00f3n inicial y detallamos, a continuaci\u00f3n, cu\u00e1l puede ser, desde nuestro punto de vista, la contribuci\u00f3n del practicum a las competencias generales del educador(a) social.  en el segundo cap\u00edtulo &#8211; la tutor\u00eda en el practicum de educaci\u00f3n social &#8211; intentamos comunicar la relaci\u00f3n de interdependencia entre el  practicum y la tutorizaci\u00f3n.  el cap\u00edtulo tercero &#8211; los programas de formaci\u00f3n orientados a la investigaci\u00f3n &#8211; se introduce clarificando el concepto de reflexi\u00f3n y su importancia en la formaci\u00f3n inicial y se prosigue con una caracterizaci\u00f3n general de algunos programas de formaci\u00f3n reflexivos. Seguidamente, presentamos el practicum orientado a la investigaci\u00f3n. El dise\u00f1o de la investigaci\u00f3n se esboza en el cap\u00edtulo cuarto, en el que se enuncia el problema que nos hemos planteado en esta investigaci\u00f3n y el procedimiento que hemos llevado a cabo para intentar darle respuesta.  en el cap\u00edtulo quinto &#8211; fases del desarrollo de la investigaci\u00f3n &#8211; referimos la forma y el momento en que hemos ido concretando el dise\u00f1o de la investigaci\u00f3n en el contexto real, al tiempo que, aportamos los datos que esa realidad nos ha ido proprocionando y que nos ha permitido configurar un \u00faltimo cap\u00edtulo de conclusiones, implicaciones, limitaciones y l\u00edneas de actuaci\u00f3n que podr\u00edan sucederse tras esta investigaci\u00f3n. A estos cap\u00edtulos a\u00f1adimos la bibliograf\u00eda y los anexos i, ii y iii.<\/p>\n<p>&nbsp;<\/p>\n<h3>Datos acad\u00e9micos de la tesis doctoral \u00ab<strong>El programa de formaci\u00f3n orientado a la investigaci\u00f3n: una propuesta alternativa para el practicum de educaci\u00f3n social en la ulpgc<\/strong>\u00ab<\/h3>\n<ul>\n<li><strong>T\u00edtulo de la tesis:<\/strong>\u00a0 El programa de formaci\u00f3n orientado a la investigaci\u00f3n: una propuesta alternativa para el practicum de educaci\u00f3n social en la ulpgc <\/li>\n<li><strong>Autor:<\/strong>\u00a0 Arcadia Mart\u00edn P\u00e9rez <\/li>\n<li><strong>Universidad:<\/strong>\u00a0 Palmas de gran canaria<\/li>\n<li><strong>Fecha de lectura de la tesis:<\/strong>\u00a0 08\/07\/2003<\/li>\n<\/ul>\n<p>&nbsp;<\/p>\n<h3>Direcci\u00f3n y tribunal<\/h3>\n<ul>\n<li><strong>Director de la tesis<\/strong>\n<ul>\n<li>Josefa Rodr\u00edguez Pulido<\/li>\n<\/ul>\n<\/li>\n<li><strong>Tribunal<\/strong>\n<ul>\n<li>Presidente del tribunal: Luis Miguel Villar angulo <\/li>\n<li> Younis hern\u00e1ndez Jos\u00e9 Antonio (vocal)<\/li>\n<li>Mar\u00eda Luisa Sevillano Garc\u00eda (vocal)<\/li>\n<li>oscar Median fern\u00e1ndez (vocal)<\/li>\n<\/ul>\n<\/li>\n<\/ul>\n<p>&nbsp;<\/p>\n","protected":false},"excerpt":{"rendered":"<p>Tesis doctoral de Arcadia Mart\u00edn P\u00e9rez Presentamos esta investigaci\u00f3n organizada en siete cap\u00edtulos diferentes. en el cap\u00edtulo primero &#8211; el [&hellip;]<\/p>\n","protected":false},"author":1,"featured_media":0,"comment_status":"open","ping_status":"open","sticky":false,"template":"","format":"standard","meta":{"site-sidebar-layout":"default","site-content-layout":"","ast-site-content-layout":"","site-content-style":"default","site-sidebar-style":"default","ast-global-header-display":"","ast-banner-title-visibility":"","ast-main-header-display":"","ast-hfb-above-header-display":"","ast-hfb-below-header-display":"","ast-hfb-mobile-header-display":"","site-post-title":"","ast-breadcrumbs-content":"","ast-featured-img":"","footer-sml-layout":"","theme-transparent-header-meta":"","adv-header-id-meta":"","stick-header-meta":"","header-above-stick-meta":"","header-main-stick-meta":"","header-below-stick-meta":"","astra-migrate-meta-layouts":"default","ast-page-background-enabled":"default","ast-page-background-meta":{"desktop":{"background-color":"var(--ast-global-color-4)","background-image":"","background-repeat":"repeat","background-position":"center center","background-size":"auto","background-attachment":"scroll","background-type":"","background-media":"","overlay-type":"","overlay-color":"","overlay-gradient":""},"tablet":{"background-color":"","background-image":"","background-repeat":"repeat","background-position":"center center","background-size":"auto","background-attachment":"scroll","background-type":"","background-media":"","overlay-type":"","overlay-color":"","overlay-gradient":""},"mobile":{"background-color":"","background-image":"","background-repeat":"repeat","background-position":"center center","background-size":"auto","background-attachment":"scroll","background-type":"","background-media":"","overlay-type":"","overlay-color":"","overlay-gradient":""}},"ast-content-background-meta":{"desktop":{"background-color":"var(--ast-global-color-5)","background-image":"","background-repeat":"repeat","background-position":"center center","background-size":"auto","background-attachment":"scroll","background-type":"","background-media":"","overlay-type":"","overlay-color":"","overlay-gradient":""},"tablet":{"background-color":"var(--ast-global-color-5)","background-image":"","background-repeat":"repeat","background-position":"center center","background-size":"auto","background-attachment":"scroll","background-type":"","background-media":"","overlay-type":"","overlay-color":"","overlay-gradient":""},"mobile":{"background-color":"var(--ast-global-color-5)","background-image":"","background-repeat":"repeat","background-position":"center center","background-size":"auto","background-attachment":"scroll","background-type":"","background-media":"","overlay-type":"","overlay-color":"","overlay-gradient":""}},"footnotes":""},"categories":[16629],"tags":[71929,62923,17209,6263,71930,62924],"class_list":["post-24492","post","type-post","status-publish","format-standard","hentry","category-palmas-de-gran-canaria","tag-arcadia-martin-perez","tag-josefa-rodriguez-pulido","tag-luis-miguel-villar-angulo","tag-maria-luisa-sevillano-garcia","tag-oscar-median-fernandez","tag-younis-hernandez-jose-antonio"],"_links":{"self":[{"href":"https:\/\/www.deberes.net\/tesis\/wp-json\/wp\/v2\/posts\/24492","targetHints":{"allow":["GET"]}}],"collection":[{"href":"https:\/\/www.deberes.net\/tesis\/wp-json\/wp\/v2\/posts"}],"about":[{"href":"https:\/\/www.deberes.net\/tesis\/wp-json\/wp\/v2\/types\/post"}],"author":[{"embeddable":true,"href":"https:\/\/www.deberes.net\/tesis\/wp-json\/wp\/v2\/users\/1"}],"replies":[{"embeddable":true,"href":"https:\/\/www.deberes.net\/tesis\/wp-json\/wp\/v2\/comments?post=24492"}],"version-history":[{"count":0,"href":"https:\/\/www.deberes.net\/tesis\/wp-json\/wp\/v2\/posts\/24492\/revisions"}],"wp:attachment":[{"href":"https:\/\/www.deberes.net\/tesis\/wp-json\/wp\/v2\/media?parent=24492"}],"wp:term":[{"taxonomy":"category","embeddable":true,"href":"https:\/\/www.deberes.net\/tesis\/wp-json\/wp\/v2\/categories?post=24492"},{"taxonomy":"post_tag","embeddable":true,"href":"https:\/\/www.deberes.net\/tesis\/wp-json\/wp\/v2\/tags?post=24492"}],"curies":[{"name":"wp","href":"https:\/\/api.w.org\/{rel}","templated":true}]}}