{"id":24502,"date":"2003-09-07T00:00:00","date_gmt":"2003-09-07T00:00:00","guid":{"rendered":"https:\/\/www.deberes.net\/tesis\/sin-categoria\/la-obra-poetica-de-julio-mariscal-montes\/"},"modified":"2003-09-07T00:00:00","modified_gmt":"2003-09-07T00:00:00","slug":"la-obra-poetica-de-julio-mariscal-montes","status":"publish","type":"post","link":"https:\/\/www.deberes.net\/tesis\/ciencias-de-las-artes-y-las-letras\/la-obra-poetica-de-julio-mariscal-montes\/","title":{"rendered":"La obra po\u00e9tica de julio mariscal montes"},"content":{"rendered":"<h2>Tesis doctoral de <strong>  Flores Cueto Blanca Pilar <\/strong><\/h2>\n<p>Julio mariscal montes [arcos de la frontera (c\u00e1diz), 1922-1977], perteneci\u00f3 a la generaci\u00f3n po\u00e9tica de los a\u00f1os cincuenta. La obra de julio mariscal llena de emoci\u00f3n y de fuerza po\u00e9tica lo convierten en uno de los poetas andaluces m\u00e1s representativos de su \u00e9poca.  esta tesis analiza y expone las caracter\u00edsticas de la obra del poeta. El estudio se encuentra dividido en tres partes:  i,- situaci\u00f3n (contexto literario y biograf\u00eda de julio mariscal).  ii,- la obra po\u00e9tica (descripci\u00f3n de las caracter\u00edsticas que marcan su obra, corpus po\u00e9tico y an\u00e1lisis de cada uno de sus poemarios que atienden al tema, estilo, campos l\u00e9xicos, m\u00e9trica e influencias).  iii,- final (conclusiones, bibliograf\u00eda y anexos).  julio mariscal, poeta singular, con un talante creador propio como \u00fanico veh\u00edculo de expresi\u00f3n y autoexpresi\u00f3n, sufri\u00f3 la injusticia del olvido y de las circunstancias de su contexto hist\u00f3rico. La obra de este autor atormentado no spresenta poemas con una carga sentenciosa y una tremenda capacidad l\u00edrica, sobria y equilibrada, que le permiten ser distinguido en su grupo y en la poes\u00eda del 50 en general.<\/p>\n<p>&nbsp;<\/p>\n<h3>Datos acad\u00e9micos de la tesis doctoral \u00ab<strong>La obra po\u00e9tica de julio mariscal montes<\/strong>\u00ab<\/h3>\n<ul>\n<li><strong>T\u00edtulo de la tesis:<\/strong>\u00a0 La obra po\u00e9tica de julio mariscal montes <\/li>\n<li><strong>Autor:<\/strong>\u00a0  Flores Cueto Blanca Pilar <\/li>\n<li><strong>Universidad:<\/strong>\u00a0 C\u00e1diz<\/li>\n<li><strong>Fecha de lectura de la tesis:<\/strong>\u00a0 09\/07\/2003<\/li>\n<\/ul>\n<p>&nbsp;<\/p>\n<h3>Direcci\u00f3n y tribunal<\/h3>\n<ul>\n<li><strong>Director de la tesis<\/strong>\n<ul>\n<li> Ramos Ortega Manuel Jos\u00e9<\/li>\n<\/ul>\n<\/li>\n<li><strong>Tribunal<\/strong>\n<ul>\n<li>Presidente del tribunal: rogelio Reyes cano <\/li>\n<li> Garc\u00eda tejera m. carmen (vocal)<\/li>\n<li>Francisco Javier Diez de revenga torres (vocal)<\/li>\n<li> Barrera l\u00f3pez Jos\u00e9 m. (vocal)<\/li>\n<\/ul>\n<\/li>\n<\/ul>\n<p>&nbsp;<\/p>\n","protected":false},"excerpt":{"rendered":"<p>Tesis doctoral de Flores Cueto Blanca Pilar Julio mariscal montes [arcos de la frontera (c\u00e1diz), 1922-1977], perteneci\u00f3 a la generaci\u00f3n [&hellip;]<\/p>\n","protected":false},"author":1,"featured_media":0,"comment_status":"open","ping_status":"open","sticky":false,"template":"","format":"standard","meta":{"site-sidebar-layout":"default","site-content-layout":"","ast-site-content-layout":"","site-content-style":"default","site-sidebar-style":"default","ast-global-header-display":"","ast-banner-title-visibility":"","ast-main-header-display":"","ast-hfb-above-header-display":"","ast-hfb-below-header-display":"","ast-hfb-mobile-header-display":"","site-post-title":"","ast-breadcrumbs-content":"","ast-featured-img":"","footer-sml-layout":"","theme-transparent-header-meta":"","adv-header-id-meta":"","stick-header-meta":"","header-above-stick-meta":"","header-main-stick-meta":"","header-below-stick-meta":"","astra-migrate-meta-layouts":"default","ast-page-background-enabled":"default","ast-page-background-meta":{"desktop":{"background-color":"var(--ast-global-color-4)","background-image":"","background-repeat":"repeat","background-position":"center center","background-size":"auto","background-attachment":"scroll","background-type":"","background-media":"","overlay-type":"","overlay-color":"","overlay-gradient":""},"tablet":{"background-color":"","background-image":"","background-repeat":"repeat","background-position":"center center","background-size":"auto","background-attachment":"scroll","background-type":"","background-media":"","overlay-type":"","overlay-color":"","overlay-gradient":""},"mobile":{"background-color":"","background-image":"","background-repeat":"repeat","background-position":"center center","background-size":"auto","background-attachment":"scroll","background-type":"","background-media":"","overlay-type":"","overlay-color":"","overlay-gradient":""}},"ast-content-background-meta":{"desktop":{"background-color":"var(--ast-global-color-5)","background-image":"","background-repeat":"repeat","background-position":"center center","background-size":"auto","background-attachment":"scroll","background-type":"","background-media":"","overlay-type":"","overlay-color":"","overlay-gradient":""},"tablet":{"background-color":"var(--ast-global-color-5)","background-image":"","background-repeat":"repeat","background-position":"center center","background-size":"auto","background-attachment":"scroll","background-type":"","background-media":"","overlay-type":"","overlay-color":"","overlay-gradient":""},"mobile":{"background-color":"var(--ast-global-color-5)","background-image":"","background-repeat":"repeat","background-position":"center center","background-size":"auto","background-attachment":"scroll","background-type":"","background-media":"","overlay-type":"","overlay-color":"","overlay-gradient":""}},"footnotes":""},"categories":[148,1506,147,628],"tags":[71954,71953,8638,70575,9391,10868],"class_list":["post-24502","post","type-post","status-publish","format-standard","hentry","category-analisis-literario","category-cadiz","category-ciencias-de-las-artes-y-las-letras","category-teoria-analisis-y-critica-literarios","tag-barrera-lopez-jose-m","tag-flores-cueto-blanca-pilar","tag-francisco-javier-diez-de-revenga-torres","tag-garcia-tejera-m-carmen","tag-ramos-ortega-manuel-jose","tag-rogelio-reyes-cano"],"_links":{"self":[{"href":"https:\/\/www.deberes.net\/tesis\/wp-json\/wp\/v2\/posts\/24502","targetHints":{"allow":["GET"]}}],"collection":[{"href":"https:\/\/www.deberes.net\/tesis\/wp-json\/wp\/v2\/posts"}],"about":[{"href":"https:\/\/www.deberes.net\/tesis\/wp-json\/wp\/v2\/types\/post"}],"author":[{"embeddable":true,"href":"https:\/\/www.deberes.net\/tesis\/wp-json\/wp\/v2\/users\/1"}],"replies":[{"embeddable":true,"href":"https:\/\/www.deberes.net\/tesis\/wp-json\/wp\/v2\/comments?post=24502"}],"version-history":[{"count":0,"href":"https:\/\/www.deberes.net\/tesis\/wp-json\/wp\/v2\/posts\/24502\/revisions"}],"wp:attachment":[{"href":"https:\/\/www.deberes.net\/tesis\/wp-json\/wp\/v2\/media?parent=24502"}],"wp:term":[{"taxonomy":"category","embeddable":true,"href":"https:\/\/www.deberes.net\/tesis\/wp-json\/wp\/v2\/categories?post=24502"},{"taxonomy":"post_tag","embeddable":true,"href":"https:\/\/www.deberes.net\/tesis\/wp-json\/wp\/v2\/tags?post=24502"}],"curies":[{"name":"wp","href":"https:\/\/api.w.org\/{rel}","templated":true}]}}