{"id":24511,"date":"2003-09-07T00:00:00","date_gmt":"2003-09-07T00:00:00","guid":{"rendered":"https:\/\/www.deberes.net\/tesis\/sin-categoria\/conceptualizacion-del-catastrofismo-desde-un-modelo-de-procesamiento-del-dolor-y-de-las-emociones\/"},"modified":"2003-09-07T00:00:00","modified_gmt":"2003-09-07T00:00:00","slug":"conceptualizacion-del-catastrofismo-desde-un-modelo-de-procesamiento-del-dolor-y-de-las-emociones","status":"publish","type":"post","link":"https:\/\/www.deberes.net\/tesis\/malaga\/conceptualizacion-del-catastrofismo-desde-un-modelo-de-procesamiento-del-dolor-y-de-las-emociones\/","title":{"rendered":"Conceptualizaci\u00f3n del catastrofismo desde un modelo de procesamiento del dolor y de las emociones"},"content":{"rendered":"<h2>Tesis doctoral de <strong> Ana Isabel Masedo Gutierrez <\/strong><\/h2>\n<p>En la presente tesis, se contempla el catastrofismo como un tipo de experiencia m\u00e1s, entrando a la consideraci\u00f3n de posibles antecedentes y consecuentes y proporcionando un intento de definici\u00f3n del mismo. Para ello, hemos tratado de adoptar una posici\u00f3n te\u00f3rica recurriendo al modelo de procesamiento en paralelo (leventhal y everhart, 1979) asentado en una teor\u00eda general sobre las emociones.  se exponen dos estudios experimentales que contrastan si el c\u00edrculo supresi\u00f3n-rumiaci\u00f3n determina la gestaci\u00f3n y posterior mantenimiento del catastrofismo entendido como un esquema de dolor. A su vez, se investiga si el catastrofismo contribuye a determinar un procesamiento sesgado de los estados emocionales y de la informaci\u00f3n ambigua hacia el dolor y su relaci\u00f3n con la propia experiencia de dolor.<\/p>\n<p>&nbsp;<\/p>\n<h3>Datos acad\u00e9micos de la tesis doctoral \u00ab<strong>Conceptualizaci\u00f3n del catastrofismo desde un modelo de procesamiento del dolor y de las emociones<\/strong>\u00ab<\/h3>\n<ul>\n<li><strong>T\u00edtulo de la tesis:<\/strong>\u00a0 Conceptualizaci\u00f3n del catastrofismo desde un modelo de procesamiento del dolor y de las emociones <\/li>\n<li><strong>Autor:<\/strong>\u00a0 Ana Isabel Masedo Gutierrez <\/li>\n<li><strong>Universidad:<\/strong>\u00a0 M\u00e1laga<\/li>\n<li><strong>Fecha de lectura de la tesis:<\/strong>\u00a0 09\/07\/2003<\/li>\n<\/ul>\n<p>&nbsp;<\/p>\n<h3>Direcci\u00f3n y tribunal<\/h3>\n<ul>\n<li><strong>Director de la tesis<\/strong>\n<ul>\n<li>Rosa Esteve Zarazaga<\/li>\n<\/ul>\n<\/li>\n<li><strong>Tribunal<\/strong>\n<ul>\n<li>Presidente del tribunal: alfredo Fierro bardaj\u00ed <\/li>\n<li> Cemeche moreno m. isabel (vocal)<\/li>\n<li>jordi Mir\u00f3 mart\u00ednez (vocal)<\/li>\n<li>Mar\u00eda  de los angeles Pastor mira (vocal)<\/li>\n<\/ul>\n<\/li>\n<\/ul>\n<p>&nbsp;<\/p>\n","protected":false},"excerpt":{"rendered":"<p>Tesis doctoral de Ana Isabel Masedo Gutierrez En la presente tesis, se contempla el catastrofismo como un tipo de experiencia [&hellip;]<\/p>\n","protected":false},"author":1,"featured_media":0,"comment_status":"open","ping_status":"open","sticky":false,"template":"","format":"standard","meta":{"site-sidebar-layout":"default","site-content-layout":"","ast-site-content-layout":"","site-content-style":"default","site-sidebar-style":"default","ast-global-header-display":"","ast-banner-title-visibility":"","ast-main-header-display":"","ast-hfb-above-header-display":"","ast-hfb-below-header-display":"","ast-hfb-mobile-header-display":"","site-post-title":"","ast-breadcrumbs-content":"","ast-featured-img":"","footer-sml-layout":"","theme-transparent-header-meta":"","adv-header-id-meta":"","stick-header-meta":"","header-above-stick-meta":"","header-main-stick-meta":"","header-below-stick-meta":"","astra-migrate-meta-layouts":"default","ast-page-background-enabled":"default","ast-page-background-meta":{"desktop":{"background-color":"var(--ast-global-color-4)","background-image":"","background-repeat":"repeat","background-position":"center center","background-size":"auto","background-attachment":"scroll","background-type":"","background-media":"","overlay-type":"","overlay-color":"","overlay-gradient":""},"tablet":{"background-color":"","background-image":"","background-repeat":"repeat","background-position":"center center","background-size":"auto","background-attachment":"scroll","background-type":"","background-media":"","overlay-type":"","overlay-color":"","overlay-gradient":""},"mobile":{"background-color":"","background-image":"","background-repeat":"repeat","background-position":"center center","background-size":"auto","background-attachment":"scroll","background-type":"","background-media":"","overlay-type":"","overlay-color":"","overlay-gradient":""}},"ast-content-background-meta":{"desktop":{"background-color":"var(--ast-global-color-5)","background-image":"","background-repeat":"repeat","background-position":"center center","background-size":"auto","background-attachment":"scroll","background-type":"","background-media":"","overlay-type":"","overlay-color":"","overlay-gradient":""},"tablet":{"background-color":"var(--ast-global-color-5)","background-image":"","background-repeat":"repeat","background-position":"center center","background-size":"auto","background-attachment":"scroll","background-type":"","background-media":"","overlay-type":"","overlay-color":"","overlay-gradient":""},"mobile":{"background-color":"var(--ast-global-color-5)","background-image":"","background-repeat":"repeat","background-position":"center center","background-size":"auto","background-attachment":"scroll","background-type":"","background-media":"","overlay-type":"","overlay-color":"","overlay-gradient":""}},"footnotes":""},"categories":[7834],"tags":[8150,71976,71977,14049,40645,37739],"class_list":["post-24511","post","type-post","status-publish","format-standard","hentry","category-malaga","tag-alfredo-fierro-bardaji","tag-ana-isabel-masedo-gutierrez","tag-cemeche-moreno-m-isabel","tag-jordi-miro-Martinez","tag-maria-de-los-angeles-pastor-mira","tag-rosa-esteve-zarazaga"],"_links":{"self":[{"href":"https:\/\/www.deberes.net\/tesis\/wp-json\/wp\/v2\/posts\/24511","targetHints":{"allow":["GET"]}}],"collection":[{"href":"https:\/\/www.deberes.net\/tesis\/wp-json\/wp\/v2\/posts"}],"about":[{"href":"https:\/\/www.deberes.net\/tesis\/wp-json\/wp\/v2\/types\/post"}],"author":[{"embeddable":true,"href":"https:\/\/www.deberes.net\/tesis\/wp-json\/wp\/v2\/users\/1"}],"replies":[{"embeddable":true,"href":"https:\/\/www.deberes.net\/tesis\/wp-json\/wp\/v2\/comments?post=24511"}],"version-history":[{"count":0,"href":"https:\/\/www.deberes.net\/tesis\/wp-json\/wp\/v2\/posts\/24511\/revisions"}],"wp:attachment":[{"href":"https:\/\/www.deberes.net\/tesis\/wp-json\/wp\/v2\/media?parent=24511"}],"wp:term":[{"taxonomy":"category","embeddable":true,"href":"https:\/\/www.deberes.net\/tesis\/wp-json\/wp\/v2\/categories?post=24511"},{"taxonomy":"post_tag","embeddable":true,"href":"https:\/\/www.deberes.net\/tesis\/wp-json\/wp\/v2\/tags?post=24511"}],"curies":[{"name":"wp","href":"https:\/\/api.w.org\/{rel}","templated":true}]}}