{"id":24534,"date":"2003-10-07T00:00:00","date_gmt":"2003-10-07T00:00:00","guid":{"rendered":"https:\/\/www.deberes.net\/tesis\/sin-categoria\/la-flauta-dulce-en-los-estudios-universitarios-de-mestre-en-educacio-musical-en-catalunya-revision-y-adecuacion-de-contenidos\/"},"modified":"2003-10-07T00:00:00","modified_gmt":"2003-10-07T00:00:00","slug":"la-flauta-dulce-en-los-estudios-universitarios-de-mestre-en-educacio-musical-en-catalunya-revision-y-adecuacion-de-contenidos","status":"publish","type":"post","link":"https:\/\/www.deberes.net\/tesis\/ciencias-de-las-artes-y-las-letras\/la-flauta-dulce-en-los-estudios-universitarios-de-mestre-en-educacio-musical-en-catalunya-revision-y-adecuacion-de-contenidos\/","title":{"rendered":"La flauta dulce en los estudios universitarios de \u00abmestre en educaci\u00f3 musical\u00bb en catalunya: revisi\u00f3n y adecuaci\u00f3n de contenidos"},"content":{"rendered":"<h2>Tesis doctoral de <strong> Jos\u00e9 Gustems Carnicer <\/strong><\/h2>\n<p>La tesis anteriormente citada se propone:  * exponer los valores y contenidos educativos referidos a la flauta dulce, as\u00ed como las metodolog\u00edas aplicadas a lo largo de la historia en la ense\u00f1anza del instrumento, mediante una extensa revisi\u00f3n bibliogr\u00e1fica y documental que permita aclarar y precisar un marco te\u00f3rico para reformular, con s\u00f3lidas bases musicales y did\u00e1cticas, los futuros programas educativos relativos a la flauta dulce en la educaci\u00f3n musical.  * analizar la situaci\u00f3n curricular de la flauta dulce en la educaci\u00f3n primaria y secundaria para poder establecer cu\u00e1les ser\u00e1n los niveles profesionales exigibles a los futuros mestros y los probables niveles de entrada del futuro alumnado de \u00abmestre en educaci\u00f3 musical\u00bb.  * contribuir al conocimiento de la situaci\u00f3n curricular de la flauta dulce en los estudios de \u00abmestre en educaci\u00f3 musical\u00bb en las universidades de catalunya, a partir del an\u00e1lisis de las convergencias y divergencias de los planes y programas de estudio, y de las opiniones y la pr\u00e1ctica del profesorado encargado, mediante los resultados de las entrevistas realizadas a todos ellos.  a partir de los datos anteriores se propone un conjunto de conclusiones que den respuesta a los problemas detectados en la pr\u00e1ctica e investigaci\u00f3n sobre la docencia de la flauta dulcen en los niveles referidos; y se recogen en una propuesta de trabajo, de acuerdo con la realidad actual de la u.B., las conclusiones del an\u00e1lisis comparativo y del corpues educativo del instrumento, las aportaciones de la psicolog\u00eda musical, de las nuevas tecnolog\u00edas, del respeto y la atenci\u00f3n a la diversidad del alumnado, planteando diversos enfoques metodol\u00f3gicos. Con todo esto se pretende evitar la descoordinaci\u00f3n entre la formaci\u00f3n del profesorado y aquello que para su pr\u00e1ctica profesional se deber\u00eda haber adquirido en el terreno de la pr\u00e1ctica instrumental con la flauta dulce.<\/p>\n<p>&nbsp;<\/p>\n<h3>Datos acad\u00e9micos de la tesis doctoral \u00ab<strong>La flauta dulce en los estudios universitarios de \u00abmestre en educaci\u00f3 musical\u00bb en catalunya: revisi\u00f3n y adecuaci\u00f3n de contenidos<\/strong>\u00ab<\/h3>\n<ul>\n<li><strong>T\u00edtulo de la tesis:<\/strong>\u00a0 La flauta dulce en los estudios universitarios de \u00abmestre en educaci\u00f3 musical\u00bb en catalunya: revisi\u00f3n y adecuaci\u00f3n de contenidos <\/li>\n<li><strong>Autor:<\/strong>\u00a0 Jos\u00e9 Gustems Carnicer <\/li>\n<li><strong>Universidad:<\/strong>\u00a0 Barcelona<\/li>\n<li><strong>Fecha de lectura de la tesis:<\/strong>\u00a0 10\/07\/2003<\/li>\n<\/ul>\n<p>&nbsp;<\/p>\n<h3>Direcci\u00f3n y tribunal<\/h3>\n<ul>\n<li><strong>Director de la tesis<\/strong>\n<ul>\n<li>Jordi Quintana Albalat<\/li>\n<\/ul>\n<\/li>\n<li><strong>Tribunal<\/strong>\n<ul>\n<li>Presidente del tribunal: Mar\u00eda  de los angeles Subirats bayego <\/li>\n<li> Brugu\u00e9s i agust\u00ed llu\u00eds (vocal)<\/li>\n<li>Jos\u00e9 ignacio Palacios sanz (vocal)<\/li>\n<li> Soler p\u00e9rez Jos\u00e9 Manuel (vocal)<\/li>\n<\/ul>\n<\/li>\n<\/ul>\n<p>&nbsp;<\/p>\n","protected":false},"excerpt":{"rendered":"<p>Tesis doctoral de Jos\u00e9 Gustems Carnicer La tesis anteriormente citada se propone: * exponer los valores y contenidos educativos referidos [&hellip;]<\/p>\n","protected":false},"author":1,"featured_media":0,"comment_status":"open","ping_status":"open","sticky":false,"template":"","format":"standard","meta":{"site-sidebar-layout":"default","site-content-layout":"","ast-site-content-layout":"","site-content-style":"default","site-sidebar-style":"default","ast-global-header-display":"","ast-banner-title-visibility":"","ast-main-header-display":"","ast-hfb-above-header-display":"","ast-hfb-below-header-display":"","ast-hfb-mobile-header-display":"","site-post-title":"","ast-breadcrumbs-content":"","ast-featured-img":"","footer-sml-layout":"","theme-transparent-header-meta":"","adv-header-id-meta":"","stick-header-meta":"","header-above-stick-meta":"","header-main-stick-meta":"","header-below-stick-meta":"","astra-migrate-meta-layouts":"default","ast-page-background-enabled":"default","ast-page-background-meta":{"desktop":{"background-color":"var(--ast-global-color-4)","background-image":"","background-repeat":"repeat","background-position":"center center","background-size":"auto","background-attachment":"scroll","background-type":"","background-media":"","overlay-type":"","overlay-color":"","overlay-gradient":""},"tablet":{"background-color":"","background-image":"","background-repeat":"repeat","background-position":"center center","background-size":"auto","background-attachment":"scroll","background-type":"","background-media":"","overlay-type":"","overlay-color":"","overlay-gradient":""},"mobile":{"background-color":"","background-image":"","background-repeat":"repeat","background-position":"center center","background-size":"auto","background-attachment":"scroll","background-type":"","background-media":"","overlay-type":"","overlay-color":"","overlay-gradient":""}},"ast-content-background-meta":{"desktop":{"background-color":"var(--ast-global-color-5)","background-image":"","background-repeat":"repeat","background-position":"center center","background-size":"auto","background-attachment":"scroll","background-type":"","background-media":"","overlay-type":"","overlay-color":"","overlay-gradient":""},"tablet":{"background-color":"var(--ast-global-color-5)","background-image":"","background-repeat":"repeat","background-position":"center center","background-size":"auto","background-attachment":"scroll","background-type":"","background-media":"","overlay-type":"","overlay-color":"","overlay-gradient":""},"mobile":{"background-color":"var(--ast-global-color-5)","background-image":"","background-repeat":"repeat","background-position":"center center","background-size":"auto","background-attachment":"scroll","background-type":"","background-media":"","overlay-type":"","overlay-color":"","overlay-gradient":""}},"footnotes":""},"categories":[951,147,4394,9132,1184,1141,1111],"tags":[72033,72031,72030,49182,72032,72034],"class_list":["post-24534","post","type-post","status-publish","format-standard","hentry","category-barcelona","category-ciencias-de-las-artes-y-las-letras","category-educacion-superior","category-musica-y-musicologia","category-organizacion-y-planificacion-de-la-educacion","category-pedagogia","category-teoria-analisis-y-critica-de-las-bellas-artes","tag-brugues-i-agusti-lluis","tag-jordi-quintana-albalat","tag-jose-gustems-carnicer","tag-jose-ignacio-palacios-sanz","tag-maria-de-los-angeles-subirats-bayego","tag-soler-perez-jose-manuel"],"_links":{"self":[{"href":"https:\/\/www.deberes.net\/tesis\/wp-json\/wp\/v2\/posts\/24534","targetHints":{"allow":["GET"]}}],"collection":[{"href":"https:\/\/www.deberes.net\/tesis\/wp-json\/wp\/v2\/posts"}],"about":[{"href":"https:\/\/www.deberes.net\/tesis\/wp-json\/wp\/v2\/types\/post"}],"author":[{"embeddable":true,"href":"https:\/\/www.deberes.net\/tesis\/wp-json\/wp\/v2\/users\/1"}],"replies":[{"embeddable":true,"href":"https:\/\/www.deberes.net\/tesis\/wp-json\/wp\/v2\/comments?post=24534"}],"version-history":[{"count":0,"href":"https:\/\/www.deberes.net\/tesis\/wp-json\/wp\/v2\/posts\/24534\/revisions"}],"wp:attachment":[{"href":"https:\/\/www.deberes.net\/tesis\/wp-json\/wp\/v2\/media?parent=24534"}],"wp:term":[{"taxonomy":"category","embeddable":true,"href":"https:\/\/www.deberes.net\/tesis\/wp-json\/wp\/v2\/categories?post=24534"},{"taxonomy":"post_tag","embeddable":true,"href":"https:\/\/www.deberes.net\/tesis\/wp-json\/wp\/v2\/tags?post=24534"}],"curies":[{"name":"wp","href":"https:\/\/api.w.org\/{rel}","templated":true}]}}