{"id":24611,"date":"2003-11-07T00:00:00","date_gmt":"2003-11-07T00:00:00","guid":{"rendered":"https:\/\/www.deberes.net\/tesis\/sin-categoria\/la-educacion-fa%c2%adsica-en-el-siglo-xix-espanol-analisis-de-la-educacion-gimnastica-de-francisco-pedregal\/"},"modified":"2003-11-07T00:00:00","modified_gmt":"2003-11-07T00:00:00","slug":"la-educacion-fa%c2%adsica-en-el-siglo-xix-espanol-analisis-de-la-educacion-gimnastica-de-francisco-pedregal","status":"publish","type":"post","link":"https:\/\/www.deberes.net\/tesis\/leon\/la-educacion-fa%c2%adsica-en-el-siglo-xix-espanol-analisis-de-la-educacion-gimnastica-de-francisco-pedregal\/","title":{"rendered":"La educaci\u00f3n f\u00edsica en el siglo xix espa\u00f1ol: an\u00e1lisis de \u00abla educaci\u00f3n gimn\u00e1stica\u00bb, de francisco pedregal"},"content":{"rendered":"<h2>Tesis doctoral de <strong> Hyun Kim Kyung <\/strong><\/h2>\n<p>El siglo xix marca el inicio de una nueva concepci\u00f3n de la educaci\u00f3n f\u00edsica. En europa aparecer\u00e1n varios modelos gimn\u00e1sticos diferentes que ir\u00e1n marcando pautas sobre c\u00f3mo debe de ser concebida la actividad gimn\u00e1stica en los sistemas educativos de cada naci\u00f3n. Espa\u00f1a incluir\u00e1 en su sistema educativo, a trav\u00e9s de diferentes leyes, decretos y circulares, la gimanasia como actividad educativa, aunque su inclusi\u00f3n como tal en los planes de estudio no se producir\u00e1 hasta el \u00faltimo tercio del siglo xix.  nace nuestro autor en villanueva, provincia de oviedo, el 30 de mayo de 1852. Sus padres son don manuel pedregal huerta y do\u00f1a mar\u00eda prida gonz\u00e1lez. comienza su carrera militar el 27 de julio de 1873 como soldado voluntario de caballer\u00eda. El 1 de septiembre de 1873 es ascendido a cabo 2\u00c2\u00ba. Pasa a ser cadete de infanter\u00eda en 1874, y en este mismo a\u00f1o se convierte en alf\u00e9rez por promoci\u00f3n. En 1875 es nombrado teniente por antig\u00ed\u00bcedad y pasaran diez a\u00f1os, hasta el 1 de diciembre de 1885, que se consuma su ascenso a capit\u00e1n por servicios especiales. El \u00faltimo grado militar lo conseguir\u00e1 en 1897 con su ascenso a comandante de infanter\u00eda. Fueron, en definitiva, 31 a\u00f1os de servicio a la carrera militar. Falleci\u00f3 en Madrid el 10 de noviembre de 1904.  francisco pedregal es autor de dos libros relacionados con la educaci\u00f3n gimn\u00e1stica. Fue profesor de la escuela central de profesores de gimnasia de Madrid (1887-1892), constituyendo sus obras un reflejo de la evoluci\u00f3n de la educaci\u00f3n f\u00edsica en espa\u00f1a. En la \u00abla educaci\u00f3n gimn\u00e1stica\u00bb, objeto de estudio de nuestro trabajo gimn\u00e1stico alem\u00e1n, representado por friedrich l\u00ed\u00bcwing jahn (1778-1852), y el sistema gimn\u00e1stico franc\u00e9s, representado por un exiliado espa\u00f1ol, francisco de amor\u00f3s y ondeano, marqu\u00e9s de sotelo (1779-1848), el sistema gimn\u00e1stico sueco de ling (1820-1886) y el sistema ingl\u00e9s de arnold (1830-1892).  el estudio ha de emprenderse realizando una co<\/p>\n<p>&nbsp;<\/p>\n<h3>Datos acad\u00e9micos de la tesis doctoral \u00ab<strong>La educaci\u00f3n f\u00edsica en el siglo xix espa\u00f1ol: an\u00e1lisis de \u00abla educaci\u00f3n gimn\u00e1stica\u00bb, de francisco pedregal<\/strong>\u00ab<\/h3>\n<ul>\n<li><strong>T\u00edtulo de la tesis:<\/strong>\u00a0 La educaci\u00f3n f\u00edsica en el siglo xix espa\u00f1ol: an\u00e1lisis de \u00abla educaci\u00f3n gimn\u00e1stica\u00bb, de francisco pedregal <\/li>\n<li><strong>Autor:<\/strong>\u00a0 Hyun Kim Kyung <\/li>\n<li><strong>Universidad:<\/strong>\u00a0 Le\u00f3n<\/li>\n<li><strong>Fecha de lectura de la tesis:<\/strong>\u00a0 11\/07\/2003<\/li>\n<\/ul>\n<p>&nbsp;<\/p>\n<h3>Direcci\u00f3n y tribunal<\/h3>\n<ul>\n<li><strong>Director de la tesis<\/strong>\n<ul>\n<li>Eduardo Alvarez Del Palacio<\/li>\n<\/ul>\n<\/li>\n<li><strong>Tribunal<\/strong>\n<ul>\n<li>Presidente del tribunal: javier Gonz\u00e1lez gallego <\/li>\n<li>Luis Solar cubillas (vocal)<\/li>\n<li>saul Garcia blanco (vocal)<\/li>\n<li> Robles tasc\u00f3n Jos\u00e9 Antonio (vocal)<\/li>\n<\/ul>\n<\/li>\n<\/ul>\n<p>&nbsp;<\/p>\n","protected":false},"excerpt":{"rendered":"<p>Tesis doctoral de Hyun Kim Kyung El siglo xix marca el inicio de una nueva concepci\u00f3n de la educaci\u00f3n f\u00edsica. [&hellip;]<\/p>\n","protected":false},"author":1,"featured_media":0,"comment_status":"open","ping_status":"open","sticky":false,"template":"","format":"standard","meta":{"site-sidebar-layout":"default","site-content-layout":"","ast-site-content-layout":"","site-content-style":"default","site-sidebar-style":"default","ast-global-header-display":"","ast-banner-title-visibility":"","ast-main-header-display":"","ast-hfb-above-header-display":"","ast-hfb-below-header-display":"","ast-hfb-mobile-header-display":"","site-post-title":"","ast-breadcrumbs-content":"","ast-featured-img":"","footer-sml-layout":"","theme-transparent-header-meta":"","adv-header-id-meta":"","stick-header-meta":"","header-above-stick-meta":"","header-main-stick-meta":"","header-below-stick-meta":"","astra-migrate-meta-layouts":"default","ast-page-background-enabled":"default","ast-page-background-meta":{"desktop":{"background-color":"var(--ast-global-color-4)","background-image":"","background-repeat":"repeat","background-position":"center center","background-size":"auto","background-attachment":"scroll","background-type":"","background-media":"","overlay-type":"","overlay-color":"","overlay-gradient":""},"tablet":{"background-color":"","background-image":"","background-repeat":"repeat","background-position":"center center","background-size":"auto","background-attachment":"scroll","background-type":"","background-media":"","overlay-type":"","overlay-color":"","overlay-gradient":""},"mobile":{"background-color":"","background-image":"","background-repeat":"repeat","background-position":"center center","background-size":"auto","background-attachment":"scroll","background-type":"","background-media":"","overlay-type":"","overlay-color":"","overlay-gradient":""}},"ast-content-background-meta":{"desktop":{"background-color":"var(--ast-global-color-5)","background-image":"","background-repeat":"repeat","background-position":"center center","background-size":"auto","background-attachment":"scroll","background-type":"","background-media":"","overlay-type":"","overlay-color":"","overlay-gradient":""},"tablet":{"background-color":"var(--ast-global-color-5)","background-image":"","background-repeat":"repeat","background-position":"center center","background-size":"auto","background-attachment":"scroll","background-type":"","background-media":"","overlay-type":"","overlay-color":"","overlay-gradient":""},"mobile":{"background-color":"var(--ast-global-color-5)","background-image":"","background-repeat":"repeat","background-position":"center center","background-size":"auto","background-attachment":"scroll","background-type":"","background-media":"","overlay-type":"","overlay-color":"","overlay-gradient":""}},"footnotes":""},"categories":[4430],"tags":[4444,72203,9692,51510,72204,4447],"class_list":["post-24611","post","type-post","status-publish","format-standard","hentry","category-leon","tag-eduardo-alvarez-del-palacio","tag-hyun-kim-kyung","tag-javier-gonzalez-gallego","tag-luis-solar-cubillas","tag-robles-tascon-jose-antonio","tag-saul-garcia-blanco"],"_links":{"self":[{"href":"https:\/\/www.deberes.net\/tesis\/wp-json\/wp\/v2\/posts\/24611","targetHints":{"allow":["GET"]}}],"collection":[{"href":"https:\/\/www.deberes.net\/tesis\/wp-json\/wp\/v2\/posts"}],"about":[{"href":"https:\/\/www.deberes.net\/tesis\/wp-json\/wp\/v2\/types\/post"}],"author":[{"embeddable":true,"href":"https:\/\/www.deberes.net\/tesis\/wp-json\/wp\/v2\/users\/1"}],"replies":[{"embeddable":true,"href":"https:\/\/www.deberes.net\/tesis\/wp-json\/wp\/v2\/comments?post=24611"}],"version-history":[{"count":0,"href":"https:\/\/www.deberes.net\/tesis\/wp-json\/wp\/v2\/posts\/24611\/revisions"}],"wp:attachment":[{"href":"https:\/\/www.deberes.net\/tesis\/wp-json\/wp\/v2\/media?parent=24611"}],"wp:term":[{"taxonomy":"category","embeddable":true,"href":"https:\/\/www.deberes.net\/tesis\/wp-json\/wp\/v2\/categories?post=24611"},{"taxonomy":"post_tag","embeddable":true,"href":"https:\/\/www.deberes.net\/tesis\/wp-json\/wp\/v2\/tags?post=24611"}],"curies":[{"name":"wp","href":"https:\/\/api.w.org\/{rel}","templated":true}]}}