{"id":24620,"date":"2003-11-07T00:00:00","date_gmt":"2003-11-07T00:00:00","guid":{"rendered":"https:\/\/www.deberes.net\/tesis\/sin-categoria\/lesiones-deportiva-asociadas-al-aerobic-de-competicion\/"},"modified":"2003-11-07T00:00:00","modified_gmt":"2003-11-07T00:00:00","slug":"lesiones-deportiva-asociadas-al-aerobic-de-competicion","status":"publish","type":"post","link":"https:\/\/www.deberes.net\/tesis\/murcia\/lesiones-deportiva-asociadas-al-aerobic-de-competicion\/","title":{"rendered":"Lesiones deportiva asociadas al aerobic de competici\u00f3n"},"content":{"rendered":"<h2>Tesis doctoral de <strong> Eva Mar\u00eda Navarro Navarro <\/strong><\/h2>\n<p>Los estudios epidemiol\u00f3gicos referidos a lesiones deportivas ayudan a dise\u00f1ar los programas de prevenci\u00f3n sobre las mismas. Cada especialidad deportiva precisa de unas necesidades espec\u00edficas que deben ser cubiertas para su mejor desarrollo y tratamiento. El aer\u00f3gic deportivo o de competici\u00f3n, como reciente disciplina deportiva y encuadrado como modalidad gimn\u00e1stica y competitiva dentro de la federaci\u00f3n internacional de gimansia carece de una trayectoria en cuanto a publicaciones y estudios sobre las repercusiones que su pr\u00e1ctica ejerce sobre el organismo, en especial lo referente a las lesiones que pueden ocasionarse. Adem\u00e1s se desconocen qu\u00e9 factores de riesgo son los que producen \u00e9stas lesiones, y si tienen un car\u00e1cter espec\u00edfico. pretendemos conocer la naturaleza de dichas lesiones y su relaci\u00f3n con la pr\u00e1ctica, entrenamiento y competici\u00f3n del aer\u00f3bic deportivo.  determinar los factores predisponentes y desencadenantes de dichas lesiones y plantear estrategias de actuaci\u00f3n en la prevenci\u00f3n. Se ha realizado un estudio epidemiol\u00f3gico-descriptivo sobre lesiones deportivas asociadas al aer\u00f3bic de competici\u00f3n, presentadas en los 60 gimnasta de la \u00e9lite espa\u00f1ola, en activo, producidas durante los a\u00f1os de entrenamiento y la temporada 1999-2000, participantes en el v campeonato nacional, atendiendo a las diferentes categor\u00edas, (absolutas y junior), a trav\u00e9s de una cuestionario-entrevista durante dicho campeonato. Se han contabilizado 156 lesiones, de las cuales el 68,5% eran musculares, el 27,5% articulares y el 3,9% \u00f3seas. Siendo el \u00e1rea m\u00e1s afectada la mu\u00f1eca con 35 lesiones. Encontrando \u00edndices lesionales similares a los de otras disciplinas afines (aerobic tradicional, gimnasia y danza), aparecieron un n\u00famero de lesiones agudas mayor que las cr\u00f3nicas.  la lesi\u00f3n m\u00e1s nombrada fue la tendinitis en la mu\u00f1eca. Un factor predisponente espec\u00edfico ha sido la asociaci\u00f3n laboral de monitor de aerobic tradici<\/p>\n<p>&nbsp;<\/p>\n<h3>Datos acad\u00e9micos de la tesis doctoral \u00ab<strong>Lesiones deportiva asociadas al aerobic de competici\u00f3n<\/strong>\u00ab<\/h3>\n<ul>\n<li><strong>T\u00edtulo de la tesis:<\/strong>\u00a0 Lesiones deportiva asociadas al aerobic de competici\u00f3n <\/li>\n<li><strong>Autor:<\/strong>\u00a0 Eva Mar\u00eda Navarro Navarro <\/li>\n<li><strong>Universidad:<\/strong>\u00a0 Murcia<\/li>\n<li><strong>Fecha de lectura de la tesis:<\/strong>\u00a0 11\/07\/2003<\/li>\n<\/ul>\n<p>&nbsp;<\/p>\n<h3>Direcci\u00f3n y tribunal<\/h3>\n<ul>\n<li><strong>Director de la tesis<\/strong>\n<ul>\n<li>moro Mart\u00ednez Gonz\u00e1lez<\/li>\n<\/ul>\n<\/li>\n<li><strong>Tribunal<\/strong>\n<ul>\n<li>Presidente del tribunal: Jes\u00fas L\u00f3pez bedoya <\/li>\n<li>susana Mendizabal albizu (vocal)<\/li>\n<li>Fernando Santonja medina (vocal)<\/li>\n<li>Jos\u00e9 ram\u00f3n Alvero cruz (vocal)<\/li>\n<\/ul>\n<\/li>\n<\/ul>\n<p>&nbsp;<\/p>\n","protected":false},"excerpt":{"rendered":"<p>Tesis doctoral de Eva Mar\u00eda Navarro Navarro Los estudios epidemiol\u00f3gicos referidos a lesiones deportivas ayudan a dise\u00f1ar los programas de [&hellip;]<\/p>\n","protected":false},"author":1,"featured_media":0,"comment_status":"open","ping_status":"open","sticky":false,"template":"","format":"standard","meta":{"site-sidebar-layout":"default","site-content-layout":"","ast-site-content-layout":"","site-content-style":"default","site-sidebar-style":"default","ast-global-header-display":"","ast-banner-title-visibility":"","ast-main-header-display":"","ast-hfb-above-header-display":"","ast-hfb-below-header-display":"","ast-hfb-mobile-header-display":"","site-post-title":"","ast-breadcrumbs-content":"","ast-featured-img":"","footer-sml-layout":"","theme-transparent-header-meta":"","adv-header-id-meta":"","stick-header-meta":"","header-above-stick-meta":"","header-main-stick-meta":"","header-below-stick-meta":"","astra-migrate-meta-layouts":"default","ast-page-background-enabled":"default","ast-page-background-meta":{"desktop":{"background-color":"var(--ast-global-color-4)","background-image":"","background-repeat":"repeat","background-position":"center center","background-size":"auto","background-attachment":"scroll","background-type":"","background-media":"","overlay-type":"","overlay-color":"","overlay-gradient":""},"tablet":{"background-color":"","background-image":"","background-repeat":"repeat","background-position":"center center","background-size":"auto","background-attachment":"scroll","background-type":"","background-media":"","overlay-type":"","overlay-color":"","overlay-gradient":""},"mobile":{"background-color":"","background-image":"","background-repeat":"repeat","background-position":"center center","background-size":"auto","background-attachment":"scroll","background-type":"","background-media":"","overlay-type":"","overlay-color":"","overlay-gradient":""}},"ast-content-background-meta":{"desktop":{"background-color":"var(--ast-global-color-5)","background-image":"","background-repeat":"repeat","background-position":"center center","background-size":"auto","background-attachment":"scroll","background-type":"","background-media":"","overlay-type":"","overlay-color":"","overlay-gradient":""},"tablet":{"background-color":"var(--ast-global-color-5)","background-image":"","background-repeat":"repeat","background-position":"center center","background-size":"auto","background-attachment":"scroll","background-type":"","background-media":"","overlay-type":"","overlay-color":"","overlay-gradient":""},"mobile":{"background-color":"var(--ast-global-color-5)","background-image":"","background-repeat":"repeat","background-position":"center center","background-size":"auto","background-attachment":"scroll","background-type":"","background-media":"","overlay-type":"","overlay-color":"","overlay-gradient":""}},"footnotes":""},"categories":[8235],"tags":[72227,63631,36769,55337,72228,56122],"class_list":["post-24620","post","type-post","status-publish","format-standard","hentry","category-murcia","tag-eva-maria-navarro-navarro","tag-fernando-santonja-medina","tag-jesus-lopez-bedoya","tag-jose-ramon-alvero-cruz","tag-moro-Martinez-gonzalez","tag-susana-mendizabal-albizu"],"_links":{"self":[{"href":"https:\/\/www.deberes.net\/tesis\/wp-json\/wp\/v2\/posts\/24620","targetHints":{"allow":["GET"]}}],"collection":[{"href":"https:\/\/www.deberes.net\/tesis\/wp-json\/wp\/v2\/posts"}],"about":[{"href":"https:\/\/www.deberes.net\/tesis\/wp-json\/wp\/v2\/types\/post"}],"author":[{"embeddable":true,"href":"https:\/\/www.deberes.net\/tesis\/wp-json\/wp\/v2\/users\/1"}],"replies":[{"embeddable":true,"href":"https:\/\/www.deberes.net\/tesis\/wp-json\/wp\/v2\/comments?post=24620"}],"version-history":[{"count":0,"href":"https:\/\/www.deberes.net\/tesis\/wp-json\/wp\/v2\/posts\/24620\/revisions"}],"wp:attachment":[{"href":"https:\/\/www.deberes.net\/tesis\/wp-json\/wp\/v2\/media?parent=24620"}],"wp:term":[{"taxonomy":"category","embeddable":true,"href":"https:\/\/www.deberes.net\/tesis\/wp-json\/wp\/v2\/categories?post=24620"},{"taxonomy":"post_tag","embeddable":true,"href":"https:\/\/www.deberes.net\/tesis\/wp-json\/wp\/v2\/tags?post=24620"}],"curies":[{"name":"wp","href":"https:\/\/api.w.org\/{rel}","templated":true}]}}