{"id":24637,"date":"2003-11-07T00:00:00","date_gmt":"2003-11-07T00:00:00","guid":{"rendered":"https:\/\/www.deberes.net\/tesis\/sin-categoria\/el-espacio-publico-ajardinado-en-sevilla-en-el-ultimo-tercio-del-siglo-xx\/"},"modified":"2003-11-07T00:00:00","modified_gmt":"2003-11-07T00:00:00","slug":"el-espacio-publico-ajardinado-en-sevilla-en-el-ultimo-tercio-del-siglo-xx","status":"publish","type":"post","link":"https:\/\/www.deberes.net\/tesis\/sevilla\/el-espacio-publico-ajardinado-en-sevilla-en-el-ultimo-tercio-del-siglo-xx\/","title":{"rendered":"El espacio p\u00fablico ajardinado en sevilla en el \u00faltimo tercio del siglo xx"},"content":{"rendered":"<h2>Tesis doctoral de <strong> M\u00f3nica Gamero Otero <\/strong><\/h2>\n<p>En esta tesis doctoral  se aborda, dado el vac\u00edo existente en la materia hasta el momento, un tema objeto de debate en la actualidad, aplicado al caso concreto de sevilla y, encuadrado en un per\u00edodo espec\u00edfico de su historia contempor\u00e1nea.  en definitiva, se profundiza en el estudio de sus espacios p\u00fablicos ajardinados o lo que se denomina, en t\u00e9rminos urban\u00edsticos, el sistema general de espacios libres; faceta urban\u00edstica que tambi\u00e9n ha sido muy poco tenida en cuenta, hasta ahora, en la ciudad objeto de investigaci\u00f3n.  estos espacios urbanos, se caracterizan por: ser abiertos y exteriores; ser de uso, dominio y titularidad p\u00fablica; ser competencia de la administraci\u00f3n p\u00fablica; estar dotados de vegetaci\u00f3n ornamental; se concebidos para el ocio al aire libre en la ciudad; ser lugares para estar, a los que se va, no de paso como la calle ; y pertenecer a la ciudad y no al mundo de lo rural.  una vez establecido este concepto, se analiza la ciudad de sevilla desde la \u00f3ptica del mismo, a trav\u00e9s de:  su planeamiento general; su administraci\u00f3n municipal, principalmente; y de una muestra de 143 de sus espacios p\u00fablicos ajardinados, mediante el estudio de 165 proyectos y 268 planos archivados en varias dependencias del ayuntamiento, y mediante la vista \u00abin situ\u00bb a cada uno de estos espacios.<\/p>\n<p>&nbsp;<\/p>\n<h3>Datos acad\u00e9micos de la tesis doctoral \u00ab<strong>El espacio p\u00fablico ajardinado en sevilla en el \u00faltimo tercio del siglo xx<\/strong>\u00ab<\/h3>\n<ul>\n<li><strong>T\u00edtulo de la tesis:<\/strong>\u00a0 El espacio p\u00fablico ajardinado en sevilla en el \u00faltimo tercio del siglo xx <\/li>\n<li><strong>Autor:<\/strong>\u00a0 M\u00f3nica Gamero Otero <\/li>\n<li><strong>Universidad:<\/strong>\u00a0 Sevilla<\/li>\n<li><strong>Fecha de lectura de la tesis:<\/strong>\u00a0 11\/07\/2003<\/li>\n<\/ul>\n<p>&nbsp;<\/p>\n<h3>Direcci\u00f3n y tribunal<\/h3>\n<ul>\n<li><strong>Director de la tesis<\/strong>\n<ul>\n<li>escalera Pacheco Vigil<\/li>\n<\/ul>\n<\/li>\n<li><strong>Tribunal<\/strong>\n<ul>\n<li>Presidente del tribunal: josefina Cruz villal\u00f3n <\/li>\n<li>pilar Insausti machinandirena (vocal)<\/li>\n<li>ram\u00f3n Queiro filgueria (vocal)<\/li>\n<li>flora francisca Pescador monagas (vocal)<\/li>\n<\/ul>\n<\/li>\n<\/ul>\n<p>&nbsp;<\/p>\n","protected":false},"excerpt":{"rendered":"<p>Tesis doctoral de M\u00f3nica Gamero Otero En esta tesis doctoral se aborda, dado el vac\u00edo existente en la materia hasta [&hellip;]<\/p>\n","protected":false},"author":1,"featured_media":0,"comment_status":"open","ping_status":"open","sticky":false,"template":"","format":"standard","meta":{"site-sidebar-layout":"default","site-content-layout":"","ast-site-content-layout":"","site-content-style":"default","site-sidebar-style":"default","ast-global-header-display":"","ast-banner-title-visibility":"","ast-main-header-display":"","ast-hfb-above-header-display":"","ast-hfb-below-header-display":"","ast-hfb-mobile-header-display":"","site-post-title":"","ast-breadcrumbs-content":"","ast-featured-img":"","footer-sml-layout":"","theme-transparent-header-meta":"","adv-header-id-meta":"","stick-header-meta":"","header-above-stick-meta":"","header-main-stick-meta":"","header-below-stick-meta":"","astra-migrate-meta-layouts":"default","ast-page-background-enabled":"default","ast-page-background-meta":{"desktop":{"background-color":"var(--ast-global-color-4)","background-image":"","background-repeat":"repeat","background-position":"center center","background-size":"auto","background-attachment":"scroll","background-type":"","background-media":"","overlay-type":"","overlay-color":"","overlay-gradient":""},"tablet":{"background-color":"","background-image":"","background-repeat":"repeat","background-position":"center center","background-size":"auto","background-attachment":"scroll","background-type":"","background-media":"","overlay-type":"","overlay-color":"","overlay-gradient":""},"mobile":{"background-color":"","background-image":"","background-repeat":"repeat","background-position":"center center","background-size":"auto","background-attachment":"scroll","background-type":"","background-media":"","overlay-type":"","overlay-color":"","overlay-gradient":""}},"ast-content-background-meta":{"desktop":{"background-color":"var(--ast-global-color-5)","background-image":"","background-repeat":"repeat","background-position":"center center","background-size":"auto","background-attachment":"scroll","background-type":"","background-media":"","overlay-type":"","overlay-color":"","overlay-gradient":""},"tablet":{"background-color":"var(--ast-global-color-5)","background-image":"","background-repeat":"repeat","background-position":"center center","background-size":"auto","background-attachment":"scroll","background-type":"","background-media":"","overlay-type":"","overlay-color":"","overlay-gradient":""},"mobile":{"background-color":"var(--ast-global-color-5)","background-image":"","background-repeat":"repeat","background-position":"center center","background-size":"auto","background-attachment":"scroll","background-type":"","background-media":"","overlay-type":"","overlay-color":"","overlay-gradient":""}},"footnotes":""},"categories":[10715],"tags":[72260,72263,6634,72259,72261,72262],"class_list":["post-24637","post","type-post","status-publish","format-standard","hentry","category-sevilla","tag-escalera-pacheco-vigil","tag-flora-francisca-pescador-monagas","tag-josefina-cruz-villalon","tag-monica-gamero-otero","tag-pilar-insausti-machinandirena","tag-ramon-queiro-filgueria"],"_links":{"self":[{"href":"https:\/\/www.deberes.net\/tesis\/wp-json\/wp\/v2\/posts\/24637","targetHints":{"allow":["GET"]}}],"collection":[{"href":"https:\/\/www.deberes.net\/tesis\/wp-json\/wp\/v2\/posts"}],"about":[{"href":"https:\/\/www.deberes.net\/tesis\/wp-json\/wp\/v2\/types\/post"}],"author":[{"embeddable":true,"href":"https:\/\/www.deberes.net\/tesis\/wp-json\/wp\/v2\/users\/1"}],"replies":[{"embeddable":true,"href":"https:\/\/www.deberes.net\/tesis\/wp-json\/wp\/v2\/comments?post=24637"}],"version-history":[{"count":0,"href":"https:\/\/www.deberes.net\/tesis\/wp-json\/wp\/v2\/posts\/24637\/revisions"}],"wp:attachment":[{"href":"https:\/\/www.deberes.net\/tesis\/wp-json\/wp\/v2\/media?parent=24637"}],"wp:term":[{"taxonomy":"category","embeddable":true,"href":"https:\/\/www.deberes.net\/tesis\/wp-json\/wp\/v2\/categories?post=24637"},{"taxonomy":"post_tag","embeddable":true,"href":"https:\/\/www.deberes.net\/tesis\/wp-json\/wp\/v2\/tags?post=24637"}],"curies":[{"name":"wp","href":"https:\/\/api.w.org\/{rel}","templated":true}]}}