{"id":24693,"date":"2018-03-09T09:15:45","date_gmt":"2018-03-09T09:15:45","guid":{"rendered":"https:\/\/www.deberes.net\/tesis\/sin-categoria\/singularidades-de-la-gestion-de-la-comunicacion-externa-en-las-organizaciones-publicas\/"},"modified":"2018-03-09T09:15:45","modified_gmt":"2018-03-09T09:15:45","slug":"singularidades-de-la-gestion-de-la-comunicacion-externa-en-las-organizaciones-publicas","status":"publish","type":"post","link":"https:\/\/www.deberes.net\/tesis\/psicologia\/singularidades-de-la-gestion-de-la-comunicacion-externa-en-las-organizaciones-publicas\/","title":{"rendered":"Singularidades de la gesti\u00f3n de la comunicaci\u00f3n externa en las organizaciones p\u00fablicas"},"content":{"rendered":"<h2>Tesis doctoral de <strong>  Rubio Od\u00e9riz M. Loreto <\/strong><\/h2>\n<p>La comunicaci\u00f3n p\u00fablica, la comunicaci\u00f3n externa en las organizaciones p\u00fablicas, es actualmente un \u00e1mbito clave en la gesti\u00f3n de las administraciones. el presente trabajo se centra en la identificaci\u00f3n de las caracter\u00edsticas singulares del marco de la gesti\u00f3n comunicativa p\u00fablica y sus implicaciones en los instrumentos asociados. Para ello se ha combinado la revisi\u00f3n cr\u00edtica de la bibliograf\u00eda relativa a la gesti\u00f3n de la comunicaci\u00f3n en general con la vinculada a la gesti\u00f3n p\u00fablica (en espec\u00edfico con la de marketing p\u00fablico). A esta revisi\u00f3n se sumo el an\u00e1lisis de tres casos reales en un estudio longitudinal de cuatro a\u00f1os, permitiendo no s\u00f3lo contrastar con la pr\u00e1ctica la identificaci\u00f3n de singularidades conceptuales, sino describir la respuesta operativa trabajada hoy en d\u00eda en el escenario de la gesti\u00f3n local.  las diferencias detectadas y analizadas nos permiten afirmar que realmente existen elementos y factores diferenciales claros y b\u00e1sicos entre la comunicaci\u00f3n p\u00fablica y privada. Que dichos factores diferenciales se encuentran en el origen y en la base de lo que es el sector p\u00fablico y que por lo tanto no son factores de car\u00e1cter secundario que puedan menospreciarse o ignorarse a la hora de plantear la gesti\u00f3n de la comunicaci\u00f3n y la relaci\u00f3n entre organizaci\u00f3n p\u00fablica y ciudadan\u00eda. Los instrumentos b\u00e1sicos con los que opera la comunicaci\u00f3n del sector privado han de ser reinterpretados desde la perspectiva p\u00fablica y ciudadan\u00eda. Los instrumentos b\u00e1sicos con los que opera la comunicaci\u00f3n p\u00fablica no puede conformarse con dar respuesta a las necesidades operativas de la organizaci\u00f3n, debe asumir un papel estrat\u00e9gico en el liderazgo de la evoluci\u00f3n de nuestra sociedad, y para ello tambi\u00e9n debe responsabilizarse de estimular el sentimiento de pertenencia y de identificaci\u00f3n con la comunidad.<\/p>\n<p>&nbsp;<\/p>\n<h3>Datos acad\u00e9micos de la tesis doctoral \u00ab<strong>Singularidades de la gesti\u00f3n de la comunicaci\u00f3n externa en las organizaciones p\u00fablicas<\/strong>\u00ab<\/h3>\n<ul>\n<li><strong>T\u00edtulo de la tesis:<\/strong>\u00a0 Singularidades de la gesti\u00f3n de la comunicaci\u00f3n externa en las organizaciones p\u00fablicas <\/li>\n<li><strong>Autor:<\/strong>\u00a0  Rubio Od\u00e9riz M. Loreto <\/li>\n<li><strong>Universidad:<\/strong>\u00a0 Ram\u00f3n llull<\/li>\n<li><strong>Fecha de lectura de la tesis:<\/strong>\u00a0 13\/07\/2003<\/li>\n<\/ul>\n<p>&nbsp;<\/p>\n<h3>Direcci\u00f3n y tribunal<\/h3>\n<ul>\n<li><strong>Director de la tesis<\/strong>\n<ul>\n<li>Eduard Bonet Guino<\/li>\n<\/ul>\n<\/li>\n<li><strong>Tribunal<\/strong>\n<ul>\n<li>Presidente del tribunal: Carlos Losada morrod\u00e1n <\/li>\n<li>josep Alet vilagnin\u00e9s (vocal)<\/li>\n<li>sebastia Serrano farrera (vocal)<\/li>\n<li>Mar\u00eda  teresa Sadaba garraza (vocal)<\/li>\n<\/ul>\n<\/li>\n<\/ul>\n<p>&nbsp;<\/p>\n","protected":false},"excerpt":{"rendered":"<p>Tesis doctoral de Rubio Od\u00e9riz M. Loreto La comunicaci\u00f3n p\u00fablica, la comunicaci\u00f3n externa en las organizaciones p\u00fablicas, es actualmente un [&hellip;]<\/p>\n","protected":false},"author":1,"featured_media":0,"comment_status":"open","ping_status":"open","sticky":false,"template":"","format":"standard","meta":{"site-sidebar-layout":"default","site-content-layout":"","ast-site-content-layout":"","site-content-style":"default","site-sidebar-style":"default","ast-global-header-display":"","ast-banner-title-visibility":"","ast-main-header-display":"","ast-hfb-above-header-display":"","ast-hfb-below-header-display":"","ast-hfb-mobile-header-display":"","site-post-title":"","ast-breadcrumbs-content":"","ast-featured-img":"","footer-sml-layout":"","theme-transparent-header-meta":"","adv-header-id-meta":"","stick-header-meta":"","header-above-stick-meta":"","header-main-stick-meta":"","header-below-stick-meta":"","astra-migrate-meta-layouts":"default","ast-page-background-enabled":"default","ast-page-background-meta":{"desktop":{"background-color":"var(--ast-global-color-4)","background-image":"","background-repeat":"repeat","background-position":"center center","background-size":"auto","background-attachment":"scroll","background-type":"","background-media":"","overlay-type":"","overlay-color":"","overlay-gradient":""},"tablet":{"background-color":"","background-image":"","background-repeat":"repeat","background-position":"center center","background-size":"auto","background-attachment":"scroll","background-type":"","background-media":"","overlay-type":"","overlay-color":"","overlay-gradient":""},"mobile":{"background-color":"","background-image":"","background-repeat":"repeat","background-position":"center center","background-size":"auto","background-attachment":"scroll","background-type":"","background-media":"","overlay-type":"","overlay-color":"","overlay-gradient":""}},"ast-content-background-meta":{"desktop":{"background-color":"var(--ast-global-color-5)","background-image":"","background-repeat":"repeat","background-position":"center center","background-size":"auto","background-attachment":"scroll","background-type":"","background-media":"","overlay-type":"","overlay-color":"","overlay-gradient":""},"tablet":{"background-color":"var(--ast-global-color-5)","background-image":"","background-repeat":"repeat","background-position":"center center","background-size":"auto","background-attachment":"scroll","background-type":"","background-media":"","overlay-type":"","overlay-color":"","overlay-gradient":""},"mobile":{"background-color":"var(--ast-global-color-5)","background-image":"","background-repeat":"repeat","background-position":"center center","background-size":"auto","background-attachment":"scroll","background-type":"","background-media":"","overlay-type":"","overlay-color":"","overlay-gradient":""}},"footnotes":""},"categories":[856,838,324,996,32959,4173,19150],"tags":[72402,34326,72403,72404,72401,19172],"class_list":["post-24693","post","type-post","status-publish","format-standard","hentry","category-administracion-publica","category-ciencia-politica","category-psicologia","category-psicologia-social","category-ramon-llull","category-servicios-publicos","category-tecnicas-de-marketing","tag-carlos-losada-morrodan","tag-eduard-bonet-guino","tag-josep-alet-vilagnines","tag-maria-teresa-sadaba-garraza","tag-rubio-oderiz-m-loreto","tag-sebastia-serrano-farrera"],"_links":{"self":[{"href":"https:\/\/www.deberes.net\/tesis\/wp-json\/wp\/v2\/posts\/24693","targetHints":{"allow":["GET"]}}],"collection":[{"href":"https:\/\/www.deberes.net\/tesis\/wp-json\/wp\/v2\/posts"}],"about":[{"href":"https:\/\/www.deberes.net\/tesis\/wp-json\/wp\/v2\/types\/post"}],"author":[{"embeddable":true,"href":"https:\/\/www.deberes.net\/tesis\/wp-json\/wp\/v2\/users\/1"}],"replies":[{"embeddable":true,"href":"https:\/\/www.deberes.net\/tesis\/wp-json\/wp\/v2\/comments?post=24693"}],"version-history":[{"count":0,"href":"https:\/\/www.deberes.net\/tesis\/wp-json\/wp\/v2\/posts\/24693\/revisions"}],"wp:attachment":[{"href":"https:\/\/www.deberes.net\/tesis\/wp-json\/wp\/v2\/media?parent=24693"}],"wp:term":[{"taxonomy":"category","embeddable":true,"href":"https:\/\/www.deberes.net\/tesis\/wp-json\/wp\/v2\/categories?post=24693"},{"taxonomy":"post_tag","embeddable":true,"href":"https:\/\/www.deberes.net\/tesis\/wp-json\/wp\/v2\/tags?post=24693"}],"curies":[{"name":"wp","href":"https:\/\/api.w.org\/{rel}","templated":true}]}}