{"id":24695,"date":"2018-03-09T09:15:45","date_gmt":"2018-03-09T09:15:45","guid":{"rendered":"https:\/\/www.deberes.net\/tesis\/sin-categoria\/competencia-matematica-al-finalizar-los-estudios-de-magisterio-explicacion-mediante-un-modelo-causal\/"},"modified":"2018-03-09T09:15:45","modified_gmt":"2018-03-09T09:15:45","slug":"competencia-matematica-al-finalizar-los-estudios-de-magisterio-explicacion-mediante-un-modelo-causal","status":"publish","type":"post","link":"https:\/\/www.deberes.net\/tesis\/santiago-de-compostela\/competencia-matematica-al-finalizar-los-estudios-de-magisterio-explicacion-mediante-un-modelo-causal\/","title":{"rendered":"Competencia matem\u00e1tica al finalizar los estudios de magisterio. explicaci\u00f3n mediante un modelo causal"},"content":{"rendered":"<h2>Tesis doctoral de <strong> M. Jes\u00fas Salinas Portugal <\/strong><\/h2>\n<p>Se pretende poner de manifiesto la existencia de errores conceptuales y lagunas de conocimiento en matem\u00e1ticas por parte de los alumnos que finalizan magisterio. Como el campo de estudio es muy extenso se delimit\u00f3 al conocimiento de las matem\u00e1ticas escolares y dentro de ellas a la comprensi\u00f3n del sistema de numeraci\u00f3n decimal y de los algoritmos usuales de las operaciones aritm\u00e9ticas.  para este estudio se construy\u00f3 una prueba formada por 23 \u00edtems que se aplic\u00f3 a dos muestras, la primera, correspondiente al plan de estudios de 1971, estaba formada por 647 sujetos de las cinco escuelas de magisterio de galicia; la segunda muestra, correspondiente al plan de estudios de 1993, estaba formada por 150 alumnos de la facultad de ciencias de la educaci\u00f3n de la universidad de santiago.  por otra parte, para tratar de explicar la competencia matem\u00e1tica en el campo acotado hemos hecho una propuesta de modelo causal. Se obtuvo un modelo causal recursivo con nueve variables medibles, cuatro ex\u00f3genas y cinco end\u00f3genas; para resolver dicho modelo aplicamos la t\u00e9cnica lisrel.  entre las conclusiones destacamos:  los resultados de la prueba de matem\u00e1ticas fueron inferiores al 50% en las dos fases de aplicaci\u00f3n, siendo especialmente bajos en la parte correspondiente a los algoritmos. De esta \u00faltima parte se hizo una clasificaci\u00f3n de las respuestas err\u00f3neas; de dicha clasificaci\u00f3n destacamos un alto porcentaje de respeustas que incluimos en el grupo \u00abaceptaci\u00f3n mec\u00e1nica del algoritmo\u00bb.  en cuanto a los resultados comparativos, se encontraron diferencias significativas respecto al sexo a favor de los hombres en la primera muestra. en la variable centro, solo en una de las cinco escuelas los resultados son significativamente inferiores al resto. La especialidad de ciencias (plan de 1971) obtuvo resultados superiores al resto, en el plan de 1993 no existen diferencias significativas entre las especialidades, referidas al total de la p<\/p>\n<p>&nbsp;<\/p>\n<h3>Datos acad\u00e9micos de la tesis doctoral \u00ab<strong>Competencia matem\u00e1tica al finalizar los estudios de magisterio. explicaci\u00f3n mediante un modelo causal<\/strong>\u00ab<\/h3>\n<ul>\n<li><strong>T\u00edtulo de la tesis:<\/strong>\u00a0 Competencia matem\u00e1tica al finalizar los estudios de magisterio. explicaci\u00f3n mediante un modelo causal <\/li>\n<li><strong>Autor:<\/strong>\u00a0 M. Jes\u00fas Salinas Portugal <\/li>\n<li><strong>Universidad:<\/strong>\u00a0 Santiago de compostela<\/li>\n<li><strong>Fecha de lectura de la tesis:<\/strong>\u00a0 14\/07\/2003<\/li>\n<\/ul>\n<p>&nbsp;<\/p>\n<h3>Direcci\u00f3n y tribunal<\/h3>\n<ul>\n<li><strong>Director de la tesis<\/strong>\n<ul>\n<li>Francisco Javier Tejedor Tejedor<\/li>\n<\/ul>\n<\/li>\n<li><strong>Tribunal<\/strong>\n<ul>\n<li>Presidente del tribunal: jose Cajide val <\/li>\n<li>modesto Sierra v\u00e1zquez (vocal)<\/li>\n<li>Luis Rico romero (vocal)<\/li>\n<li> Salvador gonz\u00e1lez j. Javierde (vocal)<\/li>\n<\/ul>\n<\/li>\n<\/ul>\n<p>&nbsp;<\/p>\n","protected":false},"excerpt":{"rendered":"<p>Tesis doctoral de M. Jes\u00fas Salinas Portugal Se pretende poner de manifiesto la existencia de errores conceptuales y lagunas de [&hellip;]<\/p>\n","protected":false},"author":1,"featured_media":0,"comment_status":"open","ping_status":"open","sticky":false,"template":"","format":"standard","meta":{"site-sidebar-layout":"default","site-content-layout":"","ast-site-content-layout":"","site-content-style":"default","site-sidebar-style":"default","ast-global-header-display":"","ast-banner-title-visibility":"","ast-main-header-display":"","ast-hfb-above-header-display":"","ast-hfb-below-header-display":"","ast-hfb-mobile-header-display":"","site-post-title":"","ast-breadcrumbs-content":"","ast-featured-img":"","footer-sml-layout":"","theme-transparent-header-meta":"","adv-header-id-meta":"","stick-header-meta":"","header-above-stick-meta":"","header-main-stick-meta":"","header-below-stick-meta":"","astra-migrate-meta-layouts":"default","ast-page-background-enabled":"default","ast-page-background-meta":{"desktop":{"background-color":"var(--ast-global-color-4)","background-image":"","background-repeat":"repeat","background-position":"center center","background-size":"auto","background-attachment":"scroll","background-type":"","background-media":"","overlay-type":"","overlay-color":"","overlay-gradient":""},"tablet":{"background-color":"","background-image":"","background-repeat":"repeat","background-position":"center center","background-size":"auto","background-attachment":"scroll","background-type":"","background-media":"","overlay-type":"","overlay-color":"","overlay-gradient":""},"mobile":{"background-color":"","background-image":"","background-repeat":"repeat","background-position":"center center","background-size":"auto","background-attachment":"scroll","background-type":"","background-media":"","overlay-type":"","overlay-color":"","overlay-gradient":""}},"ast-content-background-meta":{"desktop":{"background-color":"var(--ast-global-color-5)","background-image":"","background-repeat":"repeat","background-position":"center center","background-size":"auto","background-attachment":"scroll","background-type":"","background-media":"","overlay-type":"","overlay-color":"","overlay-gradient":""},"tablet":{"background-color":"var(--ast-global-color-5)","background-image":"","background-repeat":"repeat","background-position":"center center","background-size":"auto","background-attachment":"scroll","background-type":"","background-media":"","overlay-type":"","overlay-color":"","overlay-gradient":""},"mobile":{"background-color":"var(--ast-global-color-5)","background-image":"","background-repeat":"repeat","background-position":"center center","background-size":"auto","background-attachment":"scroll","background-type":"","background-media":"","overlay-type":"","overlay-color":"","overlay-gradient":""}},"footnotes":""},"categories":[6020,1140,1141,2330,1288,977,1341],"tags":[9828,2850,3529,72406,4258,72407],"class_list":["post-24695","post","type-post","status-publish","format-standard","hentry","category-evaluacion-de-alumnos","category-formacion-y-empleo-de-profesores","category-pedagogia","category-pedagogia-experimental","category-preparacion-de-profesores","category-santiago-de-compostela","category-teoria-y-metodos-educativos","tag-francisco-javier-tejedor-tejedor","tag-jose-cajide-val","tag-luis-rico-romero","tag-m-jesus-salinas-portugal","tag-modesto-sierra-vazquez","tag-salvador-gonzalez-j-javierde"],"_links":{"self":[{"href":"https:\/\/www.deberes.net\/tesis\/wp-json\/wp\/v2\/posts\/24695","targetHints":{"allow":["GET"]}}],"collection":[{"href":"https:\/\/www.deberes.net\/tesis\/wp-json\/wp\/v2\/posts"}],"about":[{"href":"https:\/\/www.deberes.net\/tesis\/wp-json\/wp\/v2\/types\/post"}],"author":[{"embeddable":true,"href":"https:\/\/www.deberes.net\/tesis\/wp-json\/wp\/v2\/users\/1"}],"replies":[{"embeddable":true,"href":"https:\/\/www.deberes.net\/tesis\/wp-json\/wp\/v2\/comments?post=24695"}],"version-history":[{"count":0,"href":"https:\/\/www.deberes.net\/tesis\/wp-json\/wp\/v2\/posts\/24695\/revisions"}],"wp:attachment":[{"href":"https:\/\/www.deberes.net\/tesis\/wp-json\/wp\/v2\/media?parent=24695"}],"wp:term":[{"taxonomy":"category","embeddable":true,"href":"https:\/\/www.deberes.net\/tesis\/wp-json\/wp\/v2\/categories?post=24695"},{"taxonomy":"post_tag","embeddable":true,"href":"https:\/\/www.deberes.net\/tesis\/wp-json\/wp\/v2\/tags?post=24695"}],"curies":[{"name":"wp","href":"https:\/\/api.w.org\/{rel}","templated":true}]}}