{"id":24714,"date":"2018-03-09T09:15:46","date_gmt":"2018-03-09T09:15:46","guid":{"rendered":"https:\/\/www.deberes.net\/tesis\/sin-categoria\/caracterizacion-de-las-isoformas-inducible-y-neuronal-de-la-nos-en-la-colitis-ulcerosa-valor-pronostico\/"},"modified":"2018-03-09T09:15:46","modified_gmt":"2018-03-09T09:15:46","slug":"caracterizacion-de-las-isoformas-inducible-y-neuronal-de-la-nos-en-la-colitis-ulcerosa-valor-pronostico","status":"publish","type":"post","link":"https:\/\/www.deberes.net\/tesis\/sin-categoria\/caracterizacion-de-las-isoformas-inducible-y-neuronal-de-la-nos-en-la-colitis-ulcerosa-valor-pronostico\/","title":{"rendered":"Caracterizaci\u00f3n de las isoformas inducible y neuronal de la nos en la colitis ulcerosa: valor pron\u00f3stico"},"content":{"rendered":"<h2>Tesis doctoral de <strong> Luis Alberto Menchen Viso <\/strong><\/h2>\n<p>La presente tesis doctoral evalua de forma prospectiva la actividad cl\u00ednica endoc\u00f3pica e histol\u00f3gica, y la actividad y expresi\u00f3n de inos y nnos en la mucosa col\u00f3nica de 30 pacientes con colitis ulcerosa. Se estudia en mucosa inflamada, en mucosa aparentemente sana y mucosa col\u00f3nica de individuos sanos. Se ha evaluado adem\u00e1s el valor de las actividades de ambas isoformas como valores pron\u00f3sticos de la extensi\u00f3n de la enfermedad a los 2 a\u00f1os.  hemos hallado que existe un incremento de la actividad y expresi\u00f3n de inos no solo en mucosa col\u00f3nica inflamada sino tambi\u00e9n en mucosa aparentemente sana de pacientes con cu. Existe adem\u00e1s una disminuci\u00f3n de la expresi\u00f3n y actividad de nnos que se correlaciona de manera inversa con el incremento de inos.  hemos determinado, por \u00faltimo, unos valores de actividad de inos y nnos en mucosa sana que predicen, con una alta sensibilidad y especificidad la evoluci\u00f3n de la extensi\u00f3n endosc\u00f3pica y, por tanto, el pron\u00f3stico de la colitis ulcerosa.<\/p>\n<p>&nbsp;<\/p>\n<h3>Datos acad\u00e9micos de la tesis doctoral \u00ab<strong>Caracterizaci\u00f3n de las isoformas inducible y neuronal de la nos en la colitis ulcerosa: valor pron\u00f3stico<\/strong>\u00ab<\/h3>\n<ul>\n<li><strong>T\u00edtulo de la tesis:<\/strong>\u00a0 Caracterizaci\u00f3n de las isoformas inducible y neuronal de la nos en la colitis ulcerosa: valor pron\u00f3stico <\/li>\n<li><strong>Autor:<\/strong>\u00a0 Luis Alberto Menchen Viso <\/li>\n<li><strong>Universidad:<\/strong>\u00a0 Complutense de Madrid<\/li>\n<li><strong>Fecha de lectura de la tesis:<\/strong>\u00a0 14\/07\/2003<\/li>\n<\/ul>\n<p>&nbsp;<\/p>\n<h3>Direcci\u00f3n y tribunal<\/h3>\n<ul>\n<li><strong>Director de la tesis<\/strong>\n<ul>\n<li>pacheco Pedro Luis Menchen Fern\u00e1ndez<\/li>\n<\/ul>\n<\/li>\n<li><strong>Tribunal<\/strong>\n<ul>\n<li>Presidente del tribunal: pedro Lorenzo fern\u00e1ndez <\/li>\n<li>Francisco Guarner aguilar (vocal)<\/li>\n<li>julio De la morena fern\u00e1ndez (vocal)<\/li>\n<li> Pajares Garc\u00eda Jos\u00e9 Mar\u00eda (vocal)<\/li>\n<\/ul>\n<\/li>\n<\/ul>\n<p>&nbsp;<\/p>\n","protected":false},"excerpt":{"rendered":"<p>Tesis doctoral de Luis Alberto Menchen Viso La presente tesis doctoral evalua de forma prospectiva la actividad cl\u00ednica endoc\u00f3pica e [&hellip;]<\/p>\n","protected":false},"author":1,"featured_media":0,"comment_status":"open","ping_status":"open","sticky":false,"template":"","format":"standard","meta":{"site-sidebar-layout":"default","site-content-layout":"","ast-site-content-layout":"","site-content-style":"default","site-sidebar-style":"default","ast-global-header-display":"","ast-banner-title-visibility":"","ast-main-header-display":"","ast-hfb-above-header-display":"","ast-hfb-below-header-display":"","ast-hfb-mobile-header-display":"","site-post-title":"","ast-breadcrumbs-content":"","ast-featured-img":"","footer-sml-layout":"","theme-transparent-header-meta":"","adv-header-id-meta":"","stick-header-meta":"","header-above-stick-meta":"","header-main-stick-meta":"","header-below-stick-meta":"","astra-migrate-meta-layouts":"default","ast-page-background-enabled":"default","ast-page-background-meta":{"desktop":{"background-color":"var(--ast-global-color-4)","background-image":"","background-repeat":"repeat","background-position":"center center","background-size":"auto","background-attachment":"scroll","background-type":"","background-media":"","overlay-type":"","overlay-color":"","overlay-gradient":""},"tablet":{"background-color":"","background-image":"","background-repeat":"repeat","background-position":"center center","background-size":"auto","background-attachment":"scroll","background-type":"","background-media":"","overlay-type":"","overlay-color":"","overlay-gradient":""},"mobile":{"background-color":"","background-image":"","background-repeat":"repeat","background-position":"center center","background-size":"auto","background-attachment":"scroll","background-type":"","background-media":"","overlay-type":"","overlay-color":"","overlay-gradient":""}},"ast-content-background-meta":{"desktop":{"background-color":"var(--ast-global-color-5)","background-image":"","background-repeat":"repeat","background-position":"center center","background-size":"auto","background-attachment":"scroll","background-type":"","background-media":"","overlay-type":"","overlay-color":"","overlay-gradient":""},"tablet":{"background-color":"var(--ast-global-color-5)","background-image":"","background-repeat":"repeat","background-position":"center center","background-size":"auto","background-attachment":"scroll","background-type":"","background-media":"","overlay-type":"","overlay-color":"","overlay-gradient":""},"mobile":{"background-color":"var(--ast-global-color-5)","background-image":"","background-repeat":"repeat","background-position":"center center","background-size":"auto","background-attachment":"scroll","background-type":"","background-media":"","overlay-type":"","overlay-color":"","overlay-gradient":""}},"footnotes":""},"categories":[1],"tags":[33804,5696,72445,72446,7008,898],"class_list":["post-24714","post","type-post","status-publish","format-standard","hentry","category-sin-categoria","tag-francisco-guarner-aguilar","tag-julio-de-la-morena-fernandez","tag-luis-alberto-menchen-viso","tag-pacheco-pedro-luis-menchen-fernandez","tag-pajares-garcia-jose-maria","tag-pedro-lorenzo-fernandez"],"_links":{"self":[{"href":"https:\/\/www.deberes.net\/tesis\/wp-json\/wp\/v2\/posts\/24714","targetHints":{"allow":["GET"]}}],"collection":[{"href":"https:\/\/www.deberes.net\/tesis\/wp-json\/wp\/v2\/posts"}],"about":[{"href":"https:\/\/www.deberes.net\/tesis\/wp-json\/wp\/v2\/types\/post"}],"author":[{"embeddable":true,"href":"https:\/\/www.deberes.net\/tesis\/wp-json\/wp\/v2\/users\/1"}],"replies":[{"embeddable":true,"href":"https:\/\/www.deberes.net\/tesis\/wp-json\/wp\/v2\/comments?post=24714"}],"version-history":[{"count":0,"href":"https:\/\/www.deberes.net\/tesis\/wp-json\/wp\/v2\/posts\/24714\/revisions"}],"wp:attachment":[{"href":"https:\/\/www.deberes.net\/tesis\/wp-json\/wp\/v2\/media?parent=24714"}],"wp:term":[{"taxonomy":"category","embeddable":true,"href":"https:\/\/www.deberes.net\/tesis\/wp-json\/wp\/v2\/categories?post=24714"},{"taxonomy":"post_tag","embeddable":true,"href":"https:\/\/www.deberes.net\/tesis\/wp-json\/wp\/v2\/tags?post=24714"}],"curies":[{"name":"wp","href":"https:\/\/api.w.org\/{rel}","templated":true}]}}