{"id":24732,"date":"2018-03-09T09:15:48","date_gmt":"2018-03-09T09:15:48","guid":{"rendered":"https:\/\/www.deberes.net\/tesis\/sin-categoria\/langage-et-contexte-geographie-de-la-maison-et-architecture-des-territoires\/"},"modified":"2018-03-09T09:15:48","modified_gmt":"2018-03-09T09:15:48","slug":"langage-et-contexte-geographie-de-la-maison-et-architecture-des-territoires","status":"publish","type":"post","link":"https:\/\/www.deberes.net\/tesis\/politecnica-de-catalunya\/langage-et-contexte-geographie-de-la-maison-et-architecture-des-territoires\/","title":{"rendered":"Langage et contexte. g\u00e9ographie de la maison et architecture des  territoires"},"content":{"rendered":"<h2>Tesis doctoral de <strong> Emmanuelle Pellegrino <\/strong><\/h2>\n<p>La investigaci\u00f3n estudia c\u00f3mo la composici\u00f3n arquitect\u00f3nica modifica el territorio; en cambio, ella se interesa por la comprensi\u00f3n del contexto quien influye en la composici\u00f3n arquitect\u00f3nica.  en la proyecci\u00f3n del espacio arquitecturado, en el espacio geogr\u00e1fico, los edificios participen del contexto; despu\u00e9s ellos tomen tambi\u00e9n significado del mismo contexto. La forma de los espacios arquitect\u00f3nicos emerge por tanto de una interpretaci\u00f3n del contexto en la cu\u00e1l ella se inscribe, del espacio geogr\u00e1fico entendido en una acepci\u00f3n amplia.  cuando se interesen en el h\u00e1bitat, el ge\u00f3grafo, el antrop\u00f3logo o el sociol\u00f3go lo conceben con frecuencia c\u00f3mo un objeto tributario del territorio en cu\u00e1l est\u00e1 establecido. El dise\u00f1ador de esto h\u00e1bitat est\u00e1 entonces un individuo pasivo frente a un contexto quien tiene en ley una fuerte influencia; su funci\u00f3n se reduce a leer y a interpretar los datos del territorio y a integrar de manera pasiva, si no determinista, en su proyecto.  m\u00e1s all\u00e1 de su realidad material, la casa est\u00e1 portadora de un lenguaje, est\u00e1 compuesta de una cantidad de formas dotadas de significado. El estudio de la formaci\u00f3n del espacio global requiere el estudio dos lenguajes arquitect\u00f3nicos. estos lenguajes permiten hablar no solamente de la arquitectura, si no tambi\u00e9n \u00abhablar\u00bb la arquitectura. Trayendo un punto de vista especial sobre la producci\u00f3n arquitect\u00f3nica, un proceso arquitecturol\u00f3gico se inscribe en una semiolog\u00eda. A partir de la estructura de la lengua, el arquitecto construye variantes por la interpretaci\u00f3n del contexto. Integrando el texto, el contexto produce objetos arquitect\u00f3nicos varios.  estudio entonces en una perspectiva semiolog\u00edca la construcci\u00f3n de una de las formas del h\u00e1bitat humano, la villa, y el modelo en cu\u00e1l se desmultiplica, en tres inventores de un lenguaje espec\u00edfico: palladio, wright, le corbusier.  la idea esencial est\u00e1 que, detr\u00e1s de todo lenguaje, est<\/p>\n<p>&nbsp;<\/p>\n<h3>Datos acad\u00e9micos de la tesis doctoral \u00ab<strong>Langage et contexte. g\u00e9ographie de la maison et architecture des  territoires<\/strong>\u00ab<\/h3>\n<ul>\n<li><strong>T\u00edtulo de la tesis:<\/strong>\u00a0 Langage et contexte. g\u00e9ographie de la maison et architecture des  territoires <\/li>\n<li><strong>Autor:<\/strong>\u00a0 Emmanuelle Pellegrino <\/li>\n<li><strong>Universidad:<\/strong>\u00a0 Polit\u00e9cnica de catalunya<\/li>\n<li><strong>Fecha de lectura de la tesis:<\/strong>\u00a0 14\/07\/2003<\/li>\n<\/ul>\n<p>&nbsp;<\/p>\n<h3>Direcci\u00f3n y tribunal<\/h3>\n<ul>\n<li><strong>Director de la tesis<\/strong>\n<ul>\n<li>Josep Munta\u00f1ola Thornbergs<\/li>\n<\/ul>\n<\/li>\n<li><strong>Tribunal<\/strong>\n<ul>\n<li>Presidente del tribunal: Jos\u00e9 Mar\u00eda Montaner martorell <\/li>\n<li>albert L\u00e9vy (vocal)<\/li>\n<li>bernard Duprat (vocal)<\/li>\n<li>lLuis angel Dominguez moreno (vocal)<\/li>\n<\/ul>\n<\/li>\n<\/ul>\n<p>&nbsp;<\/p>\n","protected":false},"excerpt":{"rendered":"<p>Tesis doctoral de Emmanuelle Pellegrino La investigaci\u00f3n estudia c\u00f3mo la composici\u00f3n arquitect\u00f3nica modifica el territorio; en cambio, ella se interesa [&hellip;]<\/p>\n","protected":false},"author":1,"featured_media":0,"comment_status":"open","ping_status":"open","sticky":false,"template":"","format":"standard","meta":{"site-sidebar-layout":"default","site-content-layout":"","ast-site-content-layout":"","site-content-style":"default","site-sidebar-style":"default","ast-global-header-display":"","ast-banner-title-visibility":"","ast-main-header-display":"","ast-hfb-above-header-display":"","ast-hfb-below-header-display":"","ast-hfb-mobile-header-display":"","site-post-title":"","ast-breadcrumbs-content":"","ast-featured-img":"","footer-sml-layout":"","theme-transparent-header-meta":"","adv-header-id-meta":"","stick-header-meta":"","header-above-stick-meta":"","header-main-stick-meta":"","header-below-stick-meta":"","astra-migrate-meta-layouts":"default","ast-page-background-enabled":"default","ast-page-background-meta":{"desktop":{"background-color":"var(--ast-global-color-4)","background-image":"","background-repeat":"repeat","background-position":"center center","background-size":"auto","background-attachment":"scroll","background-type":"","background-media":"","overlay-type":"","overlay-color":"","overlay-gradient":""},"tablet":{"background-color":"","background-image":"","background-repeat":"repeat","background-position":"center center","background-size":"auto","background-attachment":"scroll","background-type":"","background-media":"","overlay-type":"","overlay-color":"","overlay-gradient":""},"mobile":{"background-color":"","background-image":"","background-repeat":"repeat","background-position":"center center","background-size":"auto","background-attachment":"scroll","background-type":"","background-media":"","overlay-type":"","overlay-color":"","overlay-gradient":""}},"ast-content-background-meta":{"desktop":{"background-color":"var(--ast-global-color-5)","background-image":"","background-repeat":"repeat","background-position":"center center","background-size":"auto","background-attachment":"scroll","background-type":"","background-media":"","overlay-type":"","overlay-color":"","overlay-gradient":""},"tablet":{"background-color":"var(--ast-global-color-5)","background-image":"","background-repeat":"repeat","background-position":"center center","background-size":"auto","background-attachment":"scroll","background-type":"","background-media":"","overlay-type":"","overlay-color":"","overlay-gradient":""},"mobile":{"background-color":"var(--ast-global-color-5)","background-image":"","background-repeat":"repeat","background-position":"center center","background-size":"auto","background-attachment":"scroll","background-type":"","background-media":"","overlay-type":"","overlay-color":"","overlay-gradient":""}},"footnotes":""},"categories":[15596],"tags":[72483,72484,72482,15725,15638,72485],"class_list":["post-24732","post","type-post","status-publish","format-standard","hentry","category-politecnica-de-catalunya","tag-albert-levy","tag-bernard-duprat","tag-emmanuelle-pellegrino","tag-jose-maria-montaner-martorell","tag-josep-muntanola-thornbergs","tag-lluis-angel-dominguez-moreno"],"_links":{"self":[{"href":"https:\/\/www.deberes.net\/tesis\/wp-json\/wp\/v2\/posts\/24732","targetHints":{"allow":["GET"]}}],"collection":[{"href":"https:\/\/www.deberes.net\/tesis\/wp-json\/wp\/v2\/posts"}],"about":[{"href":"https:\/\/www.deberes.net\/tesis\/wp-json\/wp\/v2\/types\/post"}],"author":[{"embeddable":true,"href":"https:\/\/www.deberes.net\/tesis\/wp-json\/wp\/v2\/users\/1"}],"replies":[{"embeddable":true,"href":"https:\/\/www.deberes.net\/tesis\/wp-json\/wp\/v2\/comments?post=24732"}],"version-history":[{"count":0,"href":"https:\/\/www.deberes.net\/tesis\/wp-json\/wp\/v2\/posts\/24732\/revisions"}],"wp:attachment":[{"href":"https:\/\/www.deberes.net\/tesis\/wp-json\/wp\/v2\/media?parent=24732"}],"wp:term":[{"taxonomy":"category","embeddable":true,"href":"https:\/\/www.deberes.net\/tesis\/wp-json\/wp\/v2\/categories?post=24732"},{"taxonomy":"post_tag","embeddable":true,"href":"https:\/\/www.deberes.net\/tesis\/wp-json\/wp\/v2\/tags?post=24732"}],"curies":[{"name":"wp","href":"https:\/\/api.w.org\/{rel}","templated":true}]}}