{"id":24828,"date":"2018-03-09T09:15:57","date_gmt":"2018-03-09T09:15:57","guid":{"rendered":"https:\/\/www.deberes.net\/tesis\/sin-categoria\/reconocimiento-optico-molecular-de-antibioticos-empleando-medios-organizados-y-materiales-biomimeticos\/"},"modified":"2018-03-09T09:15:57","modified_gmt":"2018-03-09T09:15:57","slug":"reconocimiento-optico-molecular-de-antibioticos-empleando-medios-organizados-y-materiales-biomimeticos","status":"publish","type":"post","link":"https:\/\/www.deberes.net\/tesis\/oviedo\/reconocimiento-optico-molecular-de-antibioticos-empleando-medios-organizados-y-materiales-biomimeticos\/","title":{"rendered":"Reconocimiento \u00f3ptico molecular de antibi\u00f3ticos empleando medios organizados y materiales biomim\u00e9ticos"},"content":{"rendered":"<h2>Tesis doctoral de <strong> Alfonso Fern\u00e1ndez Gonz\u00e1lez <\/strong><\/h2>\n<p>La b\u00fasqueda de nuevos m\u00e9todos anal\u00edticos para la determinaci\u00f3n selectiva y sensible de antibi\u00f3ticos beta-lactamicos es un \u00e1rea de continua investigaci\u00f3n debido a la necesidad de su control, ya sea en el seguimiento de tratamientos cl\u00ednicos as\u00ed como de su presencia en alimentos o en el medio ambiente debido a la posibilidad de generar resistencia bacteriana o intolerancia en las personas.  los objetivos de esta tesis doctoral se dirigieron hacia el desarrollo de m\u00e9todos \u00f3pticos en medios organizados y\/o biomim\u00e9ticos para la determinaci\u00f3n de este tipo de compuestos en forma r\u00e1pida, sencilla, robusta y sensible. se ha desarrollado un m\u00e9todo espectrofotom\u00e9trico en medio micelar cati\u00f3nico para ampicilina y amoxilina basado en la hidr\u00f3lisis del antibi\u00f3tico en presencia de cu a ph \u00e1cido. Por otra parte, empleando el cobre como catalizador de la hidr\u00f3lisis en un medio micelar ani\u00f3nico, a ph cercano a la neutralidad ha permitido desarrollar un m\u00e9todo altamente selectivo para la determinaci\u00f3n de ampicilina en prsencia de amoxicilina. Dadas sus caracter\u00edsticas estructurales conteniendo un anillo naftalenico, ha sido posible determinar nafcilina, otro antibi\u00f3tico beta-lact\u00e1mico, por fosforescencia a temperatura ambiente inducida por \u00e1tomo pesado. Se ha realizado un exhaustivo estudio de la cin\u00e9tica de las reacciones en medio micelar, lo que ha permitido proponer un mecanismo de reacci\u00f3n para la hidr\u00f3lisis catalizada por cobre.  por \u00faltimo, los m\u00e9todos desarrollados en continuo han sido adaptados para el an\u00e1lisis por inyecci\u00f3n en flujo y han sido aplicados con \u00e9xito a la determinaci\u00f3n de los correspondientes antibi\u00f3ticos en preparados farmac\u00e9uticos y medios biol\u00f3gicos (leche y medios de cultivos). Finalmente, en la b\u00fasqueda de sistemas altamente selectivos, se han preparado fases sensoras tipo sol-gel molecularmente impresas que adaptadas adecuadamente permiten determinar nafcilina por fosforescencia a la tempe<\/p>\n<p>&nbsp;<\/p>\n<h3>Datos acad\u00e9micos de la tesis doctoral \u00ab<strong>Reconocimiento \u00f3ptico molecular de antibi\u00f3ticos empleando medios organizados y materiales biomim\u00e9ticos<\/strong>\u00ab<\/h3>\n<ul>\n<li><strong>T\u00edtulo de la tesis:<\/strong>\u00a0 Reconocimiento \u00f3ptico molecular de antibi\u00f3ticos empleando medios organizados y materiales biomim\u00e9ticos <\/li>\n<li><strong>Autor:<\/strong>\u00a0 Alfonso Fern\u00e1ndez Gonz\u00e1lez <\/li>\n<li><strong>Universidad:<\/strong>\u00a0 Oviedo<\/li>\n<li><strong>Fecha de lectura de la tesis:<\/strong>\u00a0 17\/07\/2003<\/li>\n<\/ul>\n<p>&nbsp;<\/p>\n<h3>Direcci\u00f3n y tribunal<\/h3>\n<ul>\n<li><strong>Director de la tesis<\/strong>\n<ul>\n<li> D\u00edaz Garc\u00eda Marta Elena<\/li>\n<\/ul>\n<\/li>\n<li><strong>Tribunal<\/strong>\n<ul>\n<li>Presidente del tribunal: paulino Tu\u00f1\u00f3n blanco <\/li>\n<li> Fierro roza Jos\u00e9 Fernando (vocal)<\/li>\n<li>Fernando Calle g\u00f3mez (vocal)<\/li>\n<li>aurora Navas diaz (vocal)<\/li>\n<\/ul>\n<\/li>\n<\/ul>\n<p>&nbsp;<\/p>\n","protected":false},"excerpt":{"rendered":"<p>Tesis doctoral de Alfonso Fern\u00e1ndez Gonz\u00e1lez La b\u00fasqueda de nuevos m\u00e9todos anal\u00edticos para la determinaci\u00f3n selectiva y sensible de antibi\u00f3ticos [&hellip;]<\/p>\n","protected":false},"author":1,"featured_media":0,"comment_status":"open","ping_status":"open","sticky":false,"template":"","format":"standard","meta":{"site-sidebar-layout":"default","site-content-layout":"","ast-site-content-layout":"","site-content-style":"default","site-sidebar-style":"default","ast-global-header-display":"","ast-banner-title-visibility":"","ast-main-header-display":"","ast-hfb-above-header-display":"","ast-hfb-below-header-display":"","ast-hfb-mobile-header-display":"","site-post-title":"","ast-breadcrumbs-content":"","ast-featured-img":"","footer-sml-layout":"","theme-transparent-header-meta":"","adv-header-id-meta":"","stick-header-meta":"","header-above-stick-meta":"","header-main-stick-meta":"","header-below-stick-meta":"","astra-migrate-meta-layouts":"default","ast-page-background-enabled":"default","ast-page-background-meta":{"desktop":{"background-color":"var(--ast-global-color-4)","background-image":"","background-repeat":"repeat","background-position":"center center","background-size":"auto","background-attachment":"scroll","background-type":"","background-media":"","overlay-type":"","overlay-color":"","overlay-gradient":""},"tablet":{"background-color":"","background-image":"","background-repeat":"repeat","background-position":"center center","background-size":"auto","background-attachment":"scroll","background-type":"","background-media":"","overlay-type":"","overlay-color":"","overlay-gradient":""},"mobile":{"background-color":"","background-image":"","background-repeat":"repeat","background-position":"center center","background-size":"auto","background-attachment":"scroll","background-type":"","background-media":"","overlay-type":"","overlay-color":"","overlay-gradient":""}},"ast-content-background-meta":{"desktop":{"background-color":"var(--ast-global-color-5)","background-image":"","background-repeat":"repeat","background-position":"center center","background-size":"auto","background-attachment":"scroll","background-type":"","background-media":"","overlay-type":"","overlay-color":"","overlay-gradient":""},"tablet":{"background-color":"var(--ast-global-color-5)","background-image":"","background-repeat":"repeat","background-position":"center center","background-size":"auto","background-attachment":"scroll","background-type":"","background-media":"","overlay-type":"","overlay-color":"","overlay-gradient":""},"mobile":{"background-color":"var(--ast-global-color-5)","background-image":"","background-repeat":"repeat","background-position":"center center","background-size":"auto","background-attachment":"scroll","background-type":"","background-media":"","overlay-type":"","overlay-color":"","overlay-gradient":""}},"footnotes":""},"categories":[8846],"tags":[72716,24739,38982,43323,72717,25219],"class_list":["post-24828","post","type-post","status-publish","format-standard","hentry","category-oviedo","tag-alfonso-fernandez-gonzalez","tag-aurora-navas-diaz","tag-diaz-garcia-marta-elena","tag-fernando-calle-gomez","tag-fierro-roza-jose-fernando","tag-paulino-tunon-blanco"],"_links":{"self":[{"href":"https:\/\/www.deberes.net\/tesis\/wp-json\/wp\/v2\/posts\/24828","targetHints":{"allow":["GET"]}}],"collection":[{"href":"https:\/\/www.deberes.net\/tesis\/wp-json\/wp\/v2\/posts"}],"about":[{"href":"https:\/\/www.deberes.net\/tesis\/wp-json\/wp\/v2\/types\/post"}],"author":[{"embeddable":true,"href":"https:\/\/www.deberes.net\/tesis\/wp-json\/wp\/v2\/users\/1"}],"replies":[{"embeddable":true,"href":"https:\/\/www.deberes.net\/tesis\/wp-json\/wp\/v2\/comments?post=24828"}],"version-history":[{"count":0,"href":"https:\/\/www.deberes.net\/tesis\/wp-json\/wp\/v2\/posts\/24828\/revisions"}],"wp:attachment":[{"href":"https:\/\/www.deberes.net\/tesis\/wp-json\/wp\/v2\/media?parent=24828"}],"wp:term":[{"taxonomy":"category","embeddable":true,"href":"https:\/\/www.deberes.net\/tesis\/wp-json\/wp\/v2\/categories?post=24828"},{"taxonomy":"post_tag","embeddable":true,"href":"https:\/\/www.deberes.net\/tesis\/wp-json\/wp\/v2\/tags?post=24828"}],"curies":[{"name":"wp","href":"https:\/\/api.w.org\/{rel}","templated":true}]}}