{"id":24857,"date":"2018-03-09T09:16:00","date_gmt":"2018-03-09T09:16:00","guid":{"rendered":"https:\/\/www.deberes.net\/tesis\/sin-categoria\/distribucion-espacio-temporal-de-la-luminancia-en-el-cielo-diurno-de-la-ciudad-de-valencia\/"},"modified":"2018-03-09T09:16:00","modified_gmt":"2018-03-09T09:16:00","slug":"distribucion-espacio-temporal-de-la-luminancia-en-el-cielo-diurno-de-la-ciudad-de-valencia","status":"publish","type":"post","link":"https:\/\/www.deberes.net\/tesis\/politecnica-de-valencia\/distribucion-espacio-temporal-de-la-luminancia-en-el-cielo-diurno-de-la-ciudad-de-valencia\/","title":{"rendered":"Distribuci\u00f3n espacio-temporal de la luminancia en el cielo diurno de la ciudad de Valencia"},"content":{"rendered":"<h2>Tesis doctoral de <strong> El\u00edas Jos\u00e9 Hurtado P\u00e9rez <\/strong><\/h2>\n<p>La luz natural es la fuente de luz que ofrece mayores ventajas en comparaci\u00f3n con otras formas de iluminaci\u00f3n, especialmente por su reproducci\u00f3n crom\u00e1tica y por su coste. Conocedores de estas ventajas el dise\u00f1o de edificios se debe realizar de forma que la luz natural pueda utilizarse al m\u00e1ximo, disponiendo de tragaluces en las posiciones de m\u00e1ximo aprovechamiento y utilizando la luz artificial, exclusivamente, cuando sea suficiente la natural. Para que este aprovechamiento sea posible es necesario conocer datos sobre la luz natural, concretamente hay que valorar la luz emitida por la b\u00f3veda del cielo y por el sol, determinando igualmente, la distribuci\u00f3n de lluminancias para diversas \u00e9pocas del a\u00f1o y diferentes condiciones atmosf\u00e9ricas. Adem\u00e1s de las posibilidades que ofrece el conocimiento de la distribuci\u00f3n de luminancias del cielo para el c\u00e1lculo de iluminaciones interiores, tambi\u00e9n es necesario para otras aplicaciones en exteriores, como determinar el complemento de luz artificial para la iluminaci\u00f3n de fachadas de edificios y de estadios deportivos. Asimismo, los planes urban\u00edsticos y la iluminaci\u00f3n de calzadas y t\u00faneles se pueden realizar teniendo en cuenta la cantidad de luz natural y su direcci\u00f3n en estas v\u00edas de circulaci\u00f3n.  para la realizaci\u00f3n de esta tesis, entre noviembre de 2001 y junio de 2002 se obtuvieron eun total de 4438 distribuciones de luminancia en el cielo de Valencia. De cada distribuci\u00f3n se calcularon los coeficientes de las funciones de gradaci\u00f3n y de difusi\u00f3n m\u00e1s pr\u00f3ximas a los valores medidos, determinando la relaci\u00f3n entre estos coeficientes y los tipos de cielos ordenados seg\u00fan su luminosidad. Se compararon las distribuciones y los tipos de cielos ordenados seg\u00fan su luminosidad. Se compararon las distribuciones medidas con los 15 modelos propuestos por la comisi\u00f3n internacional de iluminaci\u00f3n en la publicaci\u00f3n del 2002, resultando que hay tres muy frecuentes, uno correspond<\/p>\n<p>&nbsp;<\/p>\n<h3>Datos acad\u00e9micos de la tesis doctoral \u00ab<strong>Distribuci\u00f3n espacio-temporal de la luminancia en el cielo diurno de la ciudad de Valencia<\/strong>\u00ab<\/h3>\n<ul>\n<li><strong>T\u00edtulo de la tesis:<\/strong>\u00a0 Distribuci\u00f3n espacio-temporal de la luminancia en el cielo diurno de la ciudad de Valencia <\/li>\n<li><strong>Autor:<\/strong>\u00a0 El\u00edas Jos\u00e9 Hurtado P\u00e9rez <\/li>\n<li><strong>Universidad:<\/strong>\u00a0 Polit\u00e9cnica de Valencia<\/li>\n<li><strong>Fecha de lectura de la tesis:<\/strong>\u00a0 17\/07\/2003<\/li>\n<\/ul>\n<p>&nbsp;<\/p>\n<h3>Direcci\u00f3n y tribunal<\/h3>\n<ul>\n<li><strong>Director de la tesis<\/strong>\n<ul>\n<li>Francisco Cavall\u00e9 Ses\u00e9<\/li>\n<\/ul>\n<\/li>\n<li><strong>Tribunal<\/strong>\n<ul>\n<li>Presidente del tribunal: justo Nieto nieto <\/li>\n<li>f\u00e9lix Redondo quintela (vocal)<\/li>\n<li>Antonio Esp\u00edn estrella (vocal)<\/li>\n<li>Miguel P\u00e1stor s\u00e1nchez (vocal)<\/li>\n<\/ul>\n<\/li>\n<\/ul>\n<p>&nbsp;<\/p>\n","protected":false},"excerpt":{"rendered":"<p>Tesis doctoral de El\u00edas Jos\u00e9 Hurtado P\u00e9rez La luz natural es la fuente de luz que ofrece mayores ventajas en [&hellip;]<\/p>\n","protected":false},"author":1,"featured_media":0,"comment_status":"open","ping_status":"open","sticky":false,"template":"","format":"standard","meta":{"site-sidebar-layout":"default","site-content-layout":"","ast-site-content-layout":"","site-content-style":"default","site-sidebar-style":"default","ast-global-header-display":"","ast-banner-title-visibility":"","ast-main-header-display":"","ast-hfb-above-header-display":"","ast-hfb-below-header-display":"","ast-hfb-mobile-header-display":"","site-post-title":"","ast-breadcrumbs-content":"","ast-featured-img":"","footer-sml-layout":"","theme-transparent-header-meta":"","adv-header-id-meta":"","stick-header-meta":"","header-above-stick-meta":"","header-main-stick-meta":"","header-below-stick-meta":"","astra-migrate-meta-layouts":"default","ast-page-background-enabled":"default","ast-page-background-meta":{"desktop":{"background-color":"var(--ast-global-color-4)","background-image":"","background-repeat":"repeat","background-position":"center center","background-size":"auto","background-attachment":"scroll","background-type":"","background-media":"","overlay-type":"","overlay-color":"","overlay-gradient":""},"tablet":{"background-color":"","background-image":"","background-repeat":"repeat","background-position":"center center","background-size":"auto","background-attachment":"scroll","background-type":"","background-media":"","overlay-type":"","overlay-color":"","overlay-gradient":""},"mobile":{"background-color":"","background-image":"","background-repeat":"repeat","background-position":"center center","background-size":"auto","background-attachment":"scroll","background-type":"","background-media":"","overlay-type":"","overlay-color":"","overlay-gradient":""}},"ast-content-background-meta":{"desktop":{"background-color":"var(--ast-global-color-5)","background-image":"","background-repeat":"repeat","background-position":"center center","background-size":"auto","background-attachment":"scroll","background-type":"","background-media":"","overlay-type":"","overlay-color":"","overlay-gradient":""},"tablet":{"background-color":"var(--ast-global-color-5)","background-image":"","background-repeat":"repeat","background-position":"center center","background-size":"auto","background-attachment":"scroll","background-type":"","background-media":"","overlay-type":"","overlay-color":"","overlay-gradient":""},"mobile":{"background-color":"var(--ast-global-color-5)","background-image":"","background-repeat":"repeat","background-position":"center center","background-size":"auto","background-attachment":"scroll","background-type":"","background-media":"","overlay-type":"","overlay-color":"","overlay-gradient":""}},"footnotes":""},"categories":[16820],"tags":[45637,72781,72782,13602,16872,68909],"class_list":["post-24857","post","type-post","status-publish","format-standard","hentry","category-politecnica-de-valencia","tag-antonio-espin-estrella","tag-elias-jose-hurtado-perez","tag-felix-redondo-quintela","tag-francisco-cavalle-sese","tag-justo-nieto-nieto","tag-miguel-pastor-sanchez"],"_links":{"self":[{"href":"https:\/\/www.deberes.net\/tesis\/wp-json\/wp\/v2\/posts\/24857","targetHints":{"allow":["GET"]}}],"collection":[{"href":"https:\/\/www.deberes.net\/tesis\/wp-json\/wp\/v2\/posts"}],"about":[{"href":"https:\/\/www.deberes.net\/tesis\/wp-json\/wp\/v2\/types\/post"}],"author":[{"embeddable":true,"href":"https:\/\/www.deberes.net\/tesis\/wp-json\/wp\/v2\/users\/1"}],"replies":[{"embeddable":true,"href":"https:\/\/www.deberes.net\/tesis\/wp-json\/wp\/v2\/comments?post=24857"}],"version-history":[{"count":0,"href":"https:\/\/www.deberes.net\/tesis\/wp-json\/wp\/v2\/posts\/24857\/revisions"}],"wp:attachment":[{"href":"https:\/\/www.deberes.net\/tesis\/wp-json\/wp\/v2\/media?parent=24857"}],"wp:term":[{"taxonomy":"category","embeddable":true,"href":"https:\/\/www.deberes.net\/tesis\/wp-json\/wp\/v2\/categories?post=24857"},{"taxonomy":"post_tag","embeddable":true,"href":"https:\/\/www.deberes.net\/tesis\/wp-json\/wp\/v2\/tags?post=24857"}],"curies":[{"name":"wp","href":"https:\/\/api.w.org\/{rel}","templated":true}]}}