{"id":24860,"date":"2018-03-09T09:16:01","date_gmt":"2018-03-09T09:16:01","guid":{"rendered":"https:\/\/www.deberes.net\/tesis\/sin-categoria\/la-construccion-del-derecho-de-autodeterminacion-en-derecho-internacional-y-los-pueblos-inda%c2%adgenas-una-perspectiva-cra%c2%adtica\/"},"modified":"2018-03-09T09:16:01","modified_gmt":"2018-03-09T09:16:01","slug":"la-construccion-del-derecho-de-autodeterminacion-en-derecho-internacional-y-los-pueblos-inda%c2%adgenas-una-perspectiva-cra%c2%adtica","status":"publish","type":"post","link":"https:\/\/www.deberes.net\/tesis\/deusto\/la-construccion-del-derecho-de-autodeterminacion-en-derecho-internacional-y-los-pueblos-inda%c2%adgenas-una-perspectiva-cra%c2%adtica\/","title":{"rendered":"La construcci\u00f3n del derecho de autodeterminaci\u00f3n en derecho internacional y los pueblos ind\u00edgenas: una perspectiva cr\u00edtica"},"content":{"rendered":"<h2>Tesis doctoral de <strong> Natalia Alvarez Molinero <\/strong><\/h2>\n<p>Esta tesis aborda la construcci\u00f3n del derecho de autodeterminaci\u00f3n en derecho internacional en relaci\u00f3n con el colectivo de los pueblos ind\u00edgenas. Este tema es tratado desde una perspectiva cr\u00edtica o lo que es lo mismo, desde los l\u00edmites del discurso dominante en derecho internacional teniendo en cuenta los aspectos hist\u00f3ricos y \u00e9tico-pol\u00edticos que han conformado este derecho. Los pueblos ind\u00edgenas son examinados en este esquema desde la exclusi\u00f3n de sus discursos, al mismo tiempo que se pone de relieve las posibilidades que el derecho de autodeterminaci\u00f3n en el derecho internacional actual tiene de acoger la diversidad y las demandas planteadas por los pueblos ind\u00edgenas. En este an\u00e1lisis, la historiograf\u00eda jur\u00eddica del derecho de autodeterminaci\u00f3n en relaci\u00f3n con los valores dominantes y las nociones olivdadas de este concepto tiene un papel predominante. No se trata as\u00ed de abordar el derecho de autodeterminaci\u00f3n desde la \u00f3ptica del positivismo sino del deconstruccionismo como herramienta cr\u00edtica que permite analizar las tendencias y valores dominantes del derecho de autodeterminaci\u00f3n, as\u00ed como la elaboraci\u00f3n que la doctrina ha realizado respecto a este derecho. de esta manera, el derecho de autodeterminaci\u00f3n se presenta como fruto de una contradicci\u00f3n inicial sobre la que pivota la construcci\u00f3n jur\u00eddica: lo que sirve para crear un estado, sirve para destruirlo. Sobre la base de esa premisa, el derecho de autodeterminaci\u00f3n ir\u00e1 ensayando distintas formulaciones y resultados que lejos de responder a una l\u00f3gica y una pr\u00e1ctica coherente solamente comparten entre ellas la necesidad de perpetuar el modelo de estado-naci\u00f3n. Esta obsesi\u00f3n jur\u00eddico-pol\u00edtica abocar\u00e1 a los pueblos  ind\u00edgeneas y a las minor\u00edas nacionales a supeditarse a las estructuras de los  estados-naci\u00f3n y evitar\u00e1, mediante distintos conceptos jur\u00eddicos, que los discursos o intereses de estos colectivos puedan ser incluidos dentro de las<\/p>\n<p>&nbsp;<\/p>\n<h3>Datos acad\u00e9micos de la tesis doctoral \u00ab<strong>La construcci\u00f3n del derecho de autodeterminaci\u00f3n en derecho internacional y los pueblos ind\u00edgenas: una perspectiva cr\u00edtica<\/strong>\u00ab<\/h3>\n<ul>\n<li><strong>T\u00edtulo de la tesis:<\/strong>\u00a0 La construcci\u00f3n del derecho de autodeterminaci\u00f3n en derecho internacional y los pueblos ind\u00edgenas: una perspectiva cr\u00edtica <\/li>\n<li><strong>Autor:<\/strong>\u00a0 Natalia Alvarez Molinero <\/li>\n<li><strong>Universidad:<\/strong>\u00a0 Deusto<\/li>\n<li><strong>Fecha de lectura de la tesis:<\/strong>\u00a0 17\/07\/2003<\/li>\n<\/ul>\n<p>&nbsp;<\/p>\n<h3>Direcci\u00f3n y tribunal<\/h3>\n<ul>\n<li><strong>Director de la tesis<\/strong>\n<ul>\n<li>Jaime Ora\u00e1 Ora\u00e1<\/li>\n<\/ul>\n<\/li>\n<li><strong>Tribunal<\/strong>\n<ul>\n<li>Presidente del tribunal: Antonio Remiro brotons <\/li>\n<li>anthony Carty (vocal)<\/li>\n<li>bartolom\u00e9 Calvero salvador (vocal)<\/li>\n<li>Jos\u00e9 Francisco Lanceros mendez (vocal)<\/li>\n<\/ul>\n<\/li>\n<\/ul>\n<p>&nbsp;<\/p>\n","protected":false},"excerpt":{"rendered":"<p>Tesis doctoral de Natalia Alvarez Molinero Esta tesis aborda la construcci\u00f3n del derecho de autodeterminaci\u00f3n en derecho internacional en relaci\u00f3n [&hellip;]<\/p>\n","protected":false},"author":1,"featured_media":0,"comment_status":"open","ping_status":"open","sticky":false,"template":"","format":"standard","meta":{"site-sidebar-layout":"default","site-content-layout":"","ast-site-content-layout":"","site-content-style":"default","site-sidebar-style":"default","ast-global-header-display":"","ast-banner-title-visibility":"","ast-main-header-display":"","ast-hfb-above-header-display":"","ast-hfb-below-header-display":"","ast-hfb-mobile-header-display":"","site-post-title":"","ast-breadcrumbs-content":"","ast-featured-img":"","footer-sml-layout":"","theme-transparent-header-meta":"","adv-header-id-meta":"","stick-header-meta":"","header-above-stick-meta":"","header-main-stick-meta":"","header-below-stick-meta":"","astra-migrate-meta-layouts":"default","ast-page-background-enabled":"default","ast-page-background-meta":{"desktop":{"background-color":"var(--ast-global-color-4)","background-image":"","background-repeat":"repeat","background-position":"center center","background-size":"auto","background-attachment":"scroll","background-type":"","background-media":"","overlay-type":"","overlay-color":"","overlay-gradient":""},"tablet":{"background-color":"","background-image":"","background-repeat":"repeat","background-position":"center center","background-size":"auto","background-attachment":"scroll","background-type":"","background-media":"","overlay-type":"","overlay-color":"","overlay-gradient":""},"mobile":{"background-color":"","background-image":"","background-repeat":"repeat","background-position":"center center","background-size":"auto","background-attachment":"scroll","background-type":"","background-media":"","overlay-type":"","overlay-color":"","overlay-gradient":""}},"ast-content-background-meta":{"desktop":{"background-color":"var(--ast-global-color-5)","background-image":"","background-repeat":"repeat","background-position":"center center","background-size":"auto","background-attachment":"scroll","background-type":"","background-media":"","overlay-type":"","overlay-color":"","overlay-gradient":""},"tablet":{"background-color":"var(--ast-global-color-5)","background-image":"","background-repeat":"repeat","background-position":"center center","background-size":"auto","background-attachment":"scroll","background-type":"","background-media":"","overlay-type":"","overlay-color":"","overlay-gradient":""},"mobile":{"background-color":"var(--ast-global-color-5)","background-image":"","background-repeat":"repeat","background-position":"center center","background-size":"auto","background-attachment":"scroll","background-type":"","background-media":"","overlay-type":"","overlay-color":"","overlay-gradient":""}},"footnotes":""},"categories":[31910],"tags":[72788,5293,72789,62239,31964,72787],"class_list":["post-24860","post","type-post","status-publish","format-standard","hentry","category-deusto","tag-anthony-carty","tag-antonio-remiro-brotons","tag-bartolome-calvero-salvador","tag-jaime-oraa-oraa","tag-jose-francisco-lanceros-mendez","tag-natalia-alvarez-molinero"],"_links":{"self":[{"href":"https:\/\/www.deberes.net\/tesis\/wp-json\/wp\/v2\/posts\/24860","targetHints":{"allow":["GET"]}}],"collection":[{"href":"https:\/\/www.deberes.net\/tesis\/wp-json\/wp\/v2\/posts"}],"about":[{"href":"https:\/\/www.deberes.net\/tesis\/wp-json\/wp\/v2\/types\/post"}],"author":[{"embeddable":true,"href":"https:\/\/www.deberes.net\/tesis\/wp-json\/wp\/v2\/users\/1"}],"replies":[{"embeddable":true,"href":"https:\/\/www.deberes.net\/tesis\/wp-json\/wp\/v2\/comments?post=24860"}],"version-history":[{"count":0,"href":"https:\/\/www.deberes.net\/tesis\/wp-json\/wp\/v2\/posts\/24860\/revisions"}],"wp:attachment":[{"href":"https:\/\/www.deberes.net\/tesis\/wp-json\/wp\/v2\/media?parent=24860"}],"wp:term":[{"taxonomy":"category","embeddable":true,"href":"https:\/\/www.deberes.net\/tesis\/wp-json\/wp\/v2\/categories?post=24860"},{"taxonomy":"post_tag","embeddable":true,"href":"https:\/\/www.deberes.net\/tesis\/wp-json\/wp\/v2\/tags?post=24860"}],"curies":[{"name":"wp","href":"https:\/\/api.w.org\/{rel}","templated":true}]}}